{"id":6302,"date":"2025-05-31T02:26:23","date_gmt":"2025-05-31T02:26:23","guid":{"rendered":"https:\/\/verdadincomodadiario.ar\/?p=6302"},"modified":"2025-05-31T02:26:23","modified_gmt":"2025-05-31T02:26:23","slug":"una-corte-de-apelaciones-reinstauro-la-instruccion-de-trump-de-imponer-aranceles","status":"publish","type":"post","link":"https:\/\/verdadincomodadiario.ar\/?p=6302","title":{"rendered":"Una corte de apelaciones reinstaur\u00f3 la instrucci\u00f3n de Trump de imponer aranceles"},"content":{"rendered":"<p>El jueves, <strong>un tribunal federal de apelaciones suspendi\u00f3 temporalmente una orden previa que anulaba la mayor\u00eda de los aranceles comerciales<\/strong> impuestos por el presidente <a href=\"https:\/\/derechadiario.com.ar\/internacionales\/trump-denuncio-duramente-al-regimen-xi-jinping-por-romper-acuerdo-comercial\" title=\"Trump denunci\u00f3 duramente al r\u00e9gimen de Xi Jinping por romper el acuerdo comercial\">Donald Trump.<\/a><\/p>\n<p>La medida <strong>fue adoptada por un panel de 11 jueces del Tribunal de Apelaciones del Circuito Federal de Estados Unidos,<\/strong> deteniendo el fallo del Tribunal de Comercio Internacional con sede en Manhattan mientras se resuelve la apelaci\u00f3n presentada por la Casa Blanca.<\/p>\n<p><strong>El tribunal de comercio hab\u00eda determinado que Trump &#8221;excedi\u00f3 su autoridad&#8221; al aplicar una tarifa fija del 10% a docenas de pa\u00edses,<\/strong> as\u00ed como <a href=\"https:\/\/derechadiario.com.ar\/internacionales\/trump-logra-gran-victoria-sobre-china-y-se-anuncio-acuerdo-sobre-los-aranceles\" title=\"Trump logra una gran victoria sobre China y se anunci\u00f3 un acuerdo sobre los aranceles\">aranceles<\/a> del 25% a Canad\u00e1 y M\u00e9xico, y del 20% a China,\u00a0en respuesta al tr\u00e1fico ilegal de fentanilo.<\/p>\n<p>La decisi\u00f3n <strong>tambi\u00e9n ordenaba reducir en 6,7 puntos porcentuales los aranceles existentes<\/strong> y daba al gobierno 10 d\u00edas para revertirlos.<\/p>\n<aside class=\"are-you-interested-container-photo\"><\/aside>\n<div class=\"inter_image image_horizontal\">\n<picture><source class=\"img-responsive\" type=\"image\/webp\" data-srcset=\"\/filesedc\/uploads\/image\/post\/22dc-bar-superjumbo_300_200.webp 300w, \n\/filesedc\/uploads\/image\/post\/22dc-bar-superjumbo_630_420.webp 630w,\n                                \/filesedc\/uploads\/image\/post\/22dc-bar-superjumbo_760_507.webp 760w,\n                                \/filesedc\/uploads\/image\/post\/22dc-bar-superjumbo_1200_800.webp 1200w,\n                                \/filesedc\/uploads\/image\/post\/22dc-bar-superjumbo_1600_1067.webp 1600w\"><img decoding=\"async\" src=\"https:\/\/derechadiario.com.ar\/filesedc\/uploads\/image\/post\/22dc-bar-superjumbo_1200_800.webp\" class=\"img-responsive lazyload\" alt=\"Fachada de un edificio de piedra con la inscripci\u00f3n United States Court of Appeals sobre la entrada principal con tres arcos y escaleras\" title=\"Fachada de un edificio de piedra con la inscripci\u00f3n United States Court of Appeals sobre la entrada principal con tres arcos y escaleras\"><\/picture>\n<div>\n<span class=\"img_footer\">Un fallo anterior desestimaba la autoridad presidencial de aplicar derechos de importaci\u00f3n para frenar la entrada de drogas y reducir el d\u00e9ficit fiscal  <\/span>| <span class=\"img_author\">La Derecha Diario<\/span>\n<\/div>\n<\/div>\n<p><strong>Trump critic\u00f3 duramente el fallo,<\/strong> calific\u00e1ndolo como &#8221;horrible&#8221;\u00a0y una amenaza al poder presidencial. En una publicaci\u00f3n de 510 palabras en Truth Social, <strong>cuestion\u00f3 la legitimidad de los jueces<\/strong> y advirti\u00f3 que miles de millones de d\u00f3lares\u00a0estar\u00edan en juego si el fallo se mantiene. Expres\u00f3 su deseo de que la Corte Suprema intervenga &#8221;r\u00e1pida y decisivamente&#8221;.<\/p>\n<p>El asesor comercial de la Casa Blanca, <strong>Peter Navarro,<\/strong> minimiz\u00f3 el impacto del fallo judicial en las negociaciones internacionales, alegando que <strong>el presidente a\u00fan posee amplias facultades para imponer aranceles<\/strong> bajo otras leyes. Navarro enfatiz\u00f3 que <strong>muchos pa\u00edses siguen negociando &#8221;de buena fe&#8221;<\/strong>\u00a0con Estados Unidos, pese a la incertidumbre jur\u00eddica.<\/p>\n<p>La Casa Blanca, adem\u00e1s, amenaz\u00f3 con acudir a la Corte Suprema <strong>si no se otorgaba una suspensi\u00f3n inmediata del fallo.<\/strong> La portavoz <strong>Karoline Leavitt<\/strong> acus\u00f3 a los jueces de abusar descaradamente de su poder\u00a0e interferir con el mandato del pueblo estadounidense. Tambi\u00e9n advirti\u00f3 que <strong>el fallo perjudicar\u00eda la credibilidad de Estados Unidos<\/strong> en el \u00e1mbito internacional.<\/p>\n<figure><img decoding=\"async\" src=\"https:\/\/derechadiario.com.ar\/filesedc\/uploads\/image\/post\/200407004919-peter-navarro-march-27-01_1200_800.webp\" class=\"img-responsive lazyload\" alt=\"Hombre de cabello canoso y traje oscuro hablando en una conferencia de prensa frente a un letrero de la Casa Blanca\" title=\"Hombre de cabello canoso y traje oscuro hablando en una conferencia de prensa frente a un letrero de la Casa Blanca\"><\/figure>\n<p>El secretario del Tesoro, <a href=\"https:\/\/derechadiario.com.ar\/politica\/scott-bessent-aseguro-que-podria-darle-credito-al-pais-frente-shock-externo\" title=\"Scott Bessent asegur\u00f3 que podr\u00eda darle un cr\u00e9dito al pa\u00eds frente a un shock externo\">Scott Bessent,<\/a> <strong>calific\u00f3 de &#8221;altamente inapropiado&#8221;\u00a0el fallo judicial,<\/strong> argumentando que el Senado tuvo la oportunidad de intervenir y no lo hizo. Sostuvo que <strong>es el presidente quien debe liderar la pol\u00edtica comercial del pa\u00eds,<\/strong> y que los ingresos por aranceles son una fuente &#8221;sustancial&#8221;\u00a0para el Tesoro estadounidense.<\/p>\n<p>Los analistas financieros destacaron que, a pesar del fallo, <strong>Trump a\u00fan puede mantener muchos de sus aranceles mediante otras normativas.<\/strong> Los derechos sobre acero, aluminio y autom\u00f3viles, por ejemplo, <strong>est\u00e1n respaldadas por la Secci\u00f3n 232 de la Ley de Expansi\u00f3n Comercial,<\/strong> que permite al presidente actuar en nombre de la seguridad nacional.<\/p>\n<aside class=\"whatsappChannelText\"><a href=\"https:\/\/whatsapp.com\/channel\/0029VagEjILGE56eKjedWF2U\" rel=\"nofollow\" title=\"WhatsApp Link\"><img alt=\"Logo de WhatsApp\" class=\"lazyload\" data-src=\"https:\/\/derechadiario.com.ar\/filesedc\/uploads\/other\/whatsapp_icon_mid_article.png\" width=\"32\" height=\"32\"><\/a> <a href=\"https:\/\/whatsapp.com\/channel\/0029VagEjILGE56eKjedWF2U\" rel=\"nofollow\" title=\"WhatsApp Link\"><strong>NO SE PIERDAN NINGUNA NOTICIA<\/strong>: Click aqu\u00ed para sumarte <strong>GRATIS<\/strong> al canal de noticias de <strong>La Derecha Diario en WhatsApp.<\/strong><\/a><\/aside>\n<p>Seg\u00fan Morgan Stanley, aunque el fallo representa un obst\u00e1culo legal, <strong>el impacto econ\u00f3mico podr\u00eda ser limitado<\/strong> debido a las m\u00faltiples herramientas legales disponibles para el Ejecutivo.<\/p>\n<figure><img decoding=\"async\" src=\"https:\/\/derechadiario.com.ar\/filesedc\/uploads\/image\/post\/img2rtve-1748650563072_1200_800.webp\" class=\"img-responsive lazyload\" alt=\"Hombre de cabello canoso y gafas sentado en una audiencia formal con un letrero que dice Mr. Bessent frente a \u00e9l y un micr\u00f3fono, acompa\u00f1ado de otras personas al fondo.\" title=\"Hombre de cabello canoso y gafas sentado en una audiencia formal con un letrero que dice Mr. Bessent frente a \u00e9l y un micr\u00f3fono, acompa\u00f1ado de otras personas al fondo.\"><\/figure>\n","protected":false},"excerpt":{"rendered":"<p>El jueves, un tribunal federal de apelaciones suspendi\u00f3 temporalmente una orden previa que anulaba la mayor\u00eda de los aranceles comerciales impuestos por el presidente Donald Trump. La medida fue adoptada por un panel de 11 jueces del Tribunal de Apelaciones del Circuito Federal de Estados Unidos, deteniendo el fallo del Tribunal de Comercio Internacional con [&hellip;]<\/p>\n","protected":false},"author":2,"featured_media":6303,"comment_status":"open","ping_status":"open","sticky":false,"template":"","format":"standard","meta":{"_et_pb_use_builder":"","_et_pb_old_content":"","_et_gb_content_width":"","footnotes":""},"categories":[500,187,79],"tags":[],"class_list":["post-6302","post","type-post","status-publish","format-standard","has-post-thumbnail","hentry","category-apelaciones","category-corte","category-internacionales"],"_links":{"self":[{"href":"https:\/\/verdadincomodadiario.ar\/index.php?rest_route=\/wp\/v2\/posts\/6302","targetHints":{"allow":["GET"]}}],"collection":[{"href":"https:\/\/verdadincomodadiario.ar\/index.php?rest_route=\/wp\/v2\/posts"}],"about":[{"href":"https:\/\/verdadincomodadiario.ar\/index.php?rest_route=\/wp\/v2\/types\/post"}],"author":[{"embeddable":true,"href":"https:\/\/verdadincomodadiario.ar\/index.php?rest_route=\/wp\/v2\/users\/2"}],"replies":[{"embeddable":true,"href":"https:\/\/verdadincomodadiario.ar\/index.php?rest_route=%2Fwp%2Fv2%2Fcomments&post=6302"}],"version-history":[{"count":0,"href":"https:\/\/verdadincomodadiario.ar\/index.php?rest_route=\/wp\/v2\/posts\/6302\/revisions"}],"wp:featuredmedia":[{"embeddable":true,"href":"https:\/\/verdadincomodadiario.ar\/index.php?rest_route=\/wp\/v2\/media\/6303"}],"wp:attachment":[{"href":"https:\/\/verdadincomodadiario.ar\/index.php?rest_route=%2Fwp%2Fv2%2Fmedia&parent=6302"}],"wp:term":[{"taxonomy":"category","embeddable":true,"href":"https:\/\/verdadincomodadiario.ar\/index.php?rest_route=%2Fwp%2Fv2%2Fcategories&post=6302"},{"taxonomy":"post_tag","embeddable":true,"href":"https:\/\/verdadincomodadiario.ar\/index.php?rest_route=%2Fwp%2Fv2%2Ftags&post=6302"}],"curies":[{"name":"wp","href":"https:\/\/api.w.org\/{rel}","templated":true}]}}