{"id":5398,"date":"2025-05-22T17:31:23","date_gmt":"2025-05-22T17:31:23","guid":{"rendered":"https:\/\/verdadincomodadiario.ar\/?p=5398"},"modified":"2025-05-22T17:31:23","modified_gmt":"2025-05-22T17:31:23","slug":"el-gobierno-de-milei-anuncio-un-regimen-simplificado-del-impuesto-a-las-ganancias","status":"publish","type":"post","link":"https:\/\/verdadincomodadiario.ar\/?p=5398","title":{"rendered":"El Gobierno de Milei anunci\u00f3 un r\u00e9gimen simplificado del Impuesto a las Ganancias"},"content":{"rendered":"<p>En l\u00ednea con su objetivo de <strong>desburocratizar el sistema tributario argentino<\/strong>\u00a0e impulsar la\u00a0formalizaci\u00f3n econ\u00f3mica, el Gobierno de \u00a0<strong><a href=\"https:\/\/derechadiario.com.ar\/economia\/gobierno-establecio-que-solo-se-informaran-transferencias-mas-50-millones\" target=\"_blank\" title=\"El Gobierno estableci\u00f3 que solo se informar\u00e1n transferencias de m\u00e1s de $50 millones\">Javier Milei<\/a><\/strong> anunci\u00f3 este jueves la implementaci\u00f3n de un <strong>nuevo r\u00e9gimen simplificado del Impuesto a las Ganancias<\/strong>, que comenzar\u00e1 a regir a partir del <strong>1\u00b0 de junio de 2025<\/strong>.<\/p>\n<p>La medida fue presentada por el ministro de Econom\u00eda, <a href=\"https:\/\/derechadiario.com.ar\/politica\/toto-caputo-domo-periodista-k-por-acusarlo-tener-plata-negro\" target=\"_blank\" title=\"Toto Caputo dom\u00f3 a un periodista K por acusarlo de tener plata en negro\"><strong>Luis &#8220;Toto&#8221; Caputo<\/strong><\/a>, y el titular de la Agencia de Recaudaci\u00f3n y Control Aduanero (ARCA), <strong>Juan Pazo<\/strong>, en una conferencia de prensa en la que tambi\u00e9n se presentaron los lineamientos del <strong>Plan de Reparaci\u00f3n Hist\u00f3rica de los Ahorros de los Argentinos<\/strong>, el paquete integral de medidas orientadas a recuperar la confianza de los ciudadanos en el sistema financiero argentino.<\/p>\n<p>El nuevo r\u00e9gimen estar\u00e1 centrado exclusivamente en los ingresos facturados y los gastos deducibles, y <strong>dejar\u00e1 atr\u00e1s la exigencia de declarar consumos personales<\/strong> y <strong>evoluci\u00f3n patrimonial<\/strong>, una de las mayores cargas burocr\u00e1ticas para los contribuyentes. La medida alcanza a m\u00e1s de <strong>390.000 trabajadores aut\u00f3nomos<\/strong>, que a partir del pr\u00f3ximo a\u00f1o contar\u00e1n con un sistema <strong>m\u00e1s claro<\/strong>, <strong>previsible<\/strong> y <strong>simple<\/strong>.<\/p>\n<div class=\"inter_image image_horizontal\">\n<picture><source class=\"img-responsive\" type=\"image\/webp\" data-srcset=\"\/filesedc\/uploads\/image\/post\/678bb4f4f00a8_300_200.webp 300w, \n\/filesedc\/uploads\/image\/post\/678bb4f4f00a8_630_420.webp 630w,\n                                \/filesedc\/uploads\/image\/post\/678bb4f4f00a8_760_507.webp 760w,\n                                \/filesedc\/uploads\/image\/post\/678bb4f4f00a8_1200_800.webp 1200w,\n                                \/filesedc\/uploads\/image\/post\/678bb4f4f00a8_1600_1067.webp 1600w\"><img decoding=\"async\" src=\"https:\/\/derechadiario.com.ar\/filesedc\/uploads\/image\/post\/678bb4f4f00a8_1200_800.webp\" class=\"img-responsive lazyload\" alt=\"Dos personas posando para una selfie en un interior.\" title=\"Dos personas posando para una selfie en un interior.\"><\/picture>\n<div>\n<span class=\"img_footer\">Javier Milei y Luis Caputo. <\/span>| <span class=\"img_author\">La Derecha Diario<\/span>\n<\/div>\n<\/div>\n<p>Este cambio implica un salto de calidad en la relaci\u00f3n entre el Estado y los contribuyentes. Adem\u00e1s, esta\u00a0nueva estructura fiscal permitir\u00e1 liberar recursos tanto para el ciudadano como para el propio fisco.\u00a0<\/p>\n<aside class=\"are-you-interested-container-photo\"><\/aside>\n<p>Hasta ahora, los aut\u00f3nomos deb\u00edan presentar una declaraci\u00f3n jurada pr\u00e1cticamente id\u00e9ntica a la de una gran empresa, incluyendo informaci\u00f3n exhaustiva sobre consumos, bienes, evoluci\u00f3n patrimonial e incluso gastos de \u00edndole personal. Esta exigencia no solo consum\u00eda tiempo y dinero, sino que generaba un clima de desconfianza permanente entre el Estado y los ciudadanos.<\/p>\n<aside class=\"whatsappChannelText\"><a href=\"https:\/\/whatsapp.com\/channel\/0029VagEjILGE56eKjedWF2U\" rel=\"nofollow\" title=\"WhatsApp Link\"><img alt=\"Logo de WhatsApp\" class=\"lazyload\" data-src=\"https:\/\/derechadiario.com.ar\/filesedc\/uploads\/other\/whatsapp_icon_mid_article.png\" width=\"32\" height=\"32\"><\/a> <a href=\"https:\/\/whatsapp.com\/channel\/0029VagEjILGE56eKjedWF2U\" rel=\"nofollow\" title=\"WhatsApp Link\"><strong>NO SE PIERDAN NINGUNA NOTICIA<\/strong>: Click aqu\u00ed para sumarte <strong>GRATIS<\/strong> al canal de noticias de <strong>La Derecha Diario en WhatsApp.<\/strong><\/a><\/aside>\n<p>Con el nuevo esquema, se elimina esa carga innecesaria, lo que representa un paso clave hacia un sistema tributario m\u00e1s moderno y menos invasivo para los contribuyentes comunes.<\/p>\n<figure><img decoding=\"async\" src=\"https:\/\/derechadiario.com.ar\/filesedc\/uploads\/image\/post\/gdetl-jxaaaanf--1744820464792_1200_800.webp\" class=\"img-responsive lazyload\" alt=\"Un hombre con una gorra que dice \" make argentina great again sonr en una sala de reuniones con bandera y un cuadro la pared. title=\"Un hombre con una gorra que dice \"><\/figure>\n<p>La iniciativa forma parte de un proceso de transformaci\u00f3n profunda del aparato fiscal argentino, que busca dejar atr\u00e1s la l\u00f3gica del intervencionismo econ\u00f3mico\u00a0y avanzar hacia un modelo basado en la confianza, la transparencia y la eficiencia.<\/p>\n<p>Esta medida del Gobierno de Milei\u00a0no solo mejora el cumplimiento voluntario y facilita la formalizaci\u00f3n, sino que tambi\u00e9n busca generar un cambio de \u00e9poca mediante el env\u00edo de\u00a0un mensaje claro al contribuyente: A partir de ahora, el Estado valora y respeta\u00a0al que trabaja, haci\u00e9ndole la vida m\u00e1s f\u00e1cil.\u00a0<\/p>\n","protected":false},"excerpt":{"rendered":"<p>En l\u00ednea con su objetivo de desburocratizar el sistema tributario argentino\u00a0e impulsar la\u00a0formalizaci\u00f3n econ\u00f3mica, el Gobierno de \u00a0Javier Milei anunci\u00f3 este jueves la implementaci\u00f3n de un nuevo r\u00e9gimen simplificado del Impuesto a las Ganancias, que comenzar\u00e1 a regir a partir del 1\u00b0 de junio de 2025. La medida fue presentada por el ministro de Econom\u00eda, [&hellip;]<\/p>\n","protected":false},"author":2,"featured_media":5399,"comment_status":"open","ping_status":"open","sticky":false,"template":"","format":"standard","meta":{"_et_pb_use_builder":"","_et_pb_old_content":"","_et_gb_content_width":"","footnotes":""},"categories":[80],"tags":[],"class_list":["post-5398","post","type-post","status-publish","format-standard","has-post-thumbnail","hentry","category-economia-2"],"_links":{"self":[{"href":"https:\/\/verdadincomodadiario.ar\/index.php?rest_route=\/wp\/v2\/posts\/5398","targetHints":{"allow":["GET"]}}],"collection":[{"href":"https:\/\/verdadincomodadiario.ar\/index.php?rest_route=\/wp\/v2\/posts"}],"about":[{"href":"https:\/\/verdadincomodadiario.ar\/index.php?rest_route=\/wp\/v2\/types\/post"}],"author":[{"embeddable":true,"href":"https:\/\/verdadincomodadiario.ar\/index.php?rest_route=\/wp\/v2\/users\/2"}],"replies":[{"embeddable":true,"href":"https:\/\/verdadincomodadiario.ar\/index.php?rest_route=%2Fwp%2Fv2%2Fcomments&post=5398"}],"version-history":[{"count":0,"href":"https:\/\/verdadincomodadiario.ar\/index.php?rest_route=\/wp\/v2\/posts\/5398\/revisions"}],"wp:featuredmedia":[{"embeddable":true,"href":"https:\/\/verdadincomodadiario.ar\/index.php?rest_route=\/wp\/v2\/media\/5399"}],"wp:attachment":[{"href":"https:\/\/verdadincomodadiario.ar\/index.php?rest_route=%2Fwp%2Fv2%2Fmedia&parent=5398"}],"wp:term":[{"taxonomy":"category","embeddable":true,"href":"https:\/\/verdadincomodadiario.ar\/index.php?rest_route=%2Fwp%2Fv2%2Fcategories&post=5398"},{"taxonomy":"post_tag","embeddable":true,"href":"https:\/\/verdadincomodadiario.ar\/index.php?rest_route=%2Fwp%2Fv2%2Ftags&post=5398"}],"curies":[{"name":"wp","href":"https:\/\/api.w.org\/{rel}","templated":true}]}}