{"id":5396,"date":"2025-05-22T17:31:24","date_gmt":"2025-05-22T17:31:24","guid":{"rendered":"https:\/\/verdadincomodadiario.ar\/?p=5396"},"modified":"2025-05-22T17:31:24","modified_gmt":"2025-05-22T17:31:24","slug":"volkswagen-anuncio-una-baja-de-casi-6-millones-en-el-precio-de-su-auto-mas-barato","status":"publish","type":"post","link":"https:\/\/verdadincomodadiario.ar\/?p=5396","title":{"rendered":"Volkswagen anunci\u00f3 una baja de casi $6 millones en el precio de su auto m\u00e1s barato"},"content":{"rendered":"<p>La compa\u00f1\u00eda <strong>Volkswagen<\/strong> vuelve a posicionarse con uno de los autos <strong>m\u00e1s econ\u00f3micos<\/strong> del mercado. La <a href=\"https:\/\/derechadiario.com.ar\/economia\/gestion-milei-compraventa-autos-y-viviendas-se-disparo\" target=\"_blank\" title=\"La compraventa de autos y viviendas se dispar\u00f3 gracias al reordenamiento econ\u00f3mico\">automotriz<\/a> alemana anunci\u00f3 una rebaja cercana a los <strong>$6 millones<\/strong> en el valor del <strong>Polo Track<\/strong>, el modelo de entrada de su cat\u00e1logo.<\/p>\n<p>Con un precio promocional de <strong>$23.990.000<\/strong>, lo que implica una <strong>reducci\u00f3n de casi el 20%<\/strong> respecto del valor vigente a comienzos de mayo, la oferta aplica a un lote limitado de <strong>200 unidades<\/strong> y estar\u00e1 disponible hasta el 31 de mayo. El descuento ser\u00e1 otorgado por los concesionarios sobre el precio final al cliente.<\/p>\n<p>Adem\u00e1s, Volkswagen comunic\u00f3 nuevas alternativas de financiamiento con <strong>tasa fija del 0%<\/strong> para este veh\u00edculo compacto. De esta manera, se suma al grupo de marcas que durante mayo ofrecen l\u00edneas de cr\u00e9dito, algunas de las cuales permiten financiar hasta el <strong>80% del valor del auto<\/strong> en un plazo de dos a\u00f1os, <strong>sin intereses<\/strong>.<\/p>\n<div class=\"inter_image image_horizontal\">\n<picture><source class=\"img-responsive\" type=\"image\/webp\" data-srcset=\"\/filesedc\/uploads\/image\/post\/img-3037_300_200.webp 300w, \n\/filesedc\/uploads\/image\/post\/img-3037_630_420.webp 630w,\n                                \/filesedc\/uploads\/image\/post\/img-3037_760_507.webp 760w,\n                                \/filesedc\/uploads\/image\/post\/img-3037_1200_800.webp 1200w,\n                                \/filesedc\/uploads\/image\/post\/img-3037_1600_1067.webp 1600w\"><img decoding=\"async\" src=\"https:\/\/derechadiario.com.ar\/filesedc\/uploads\/image\/post\/img-3037_1200_800.webp\" class=\"img-responsive lazyload\" alt=\"Un autom\u00f3vil gris circula por una carretera rodeada de vegetaci\u00f3n.\" title=\"Un autom\u00f3vil gris circula por una carretera rodeada de vegetaci\u00f3n.\"><\/picture>\n<div>\n<span class=\"img_footer\">Polo Track. <\/span>| <span class=\"img_author\">La Derecha Diario<\/span>\n<\/div>\n<\/div>\n<p>El financiamiento directo ofrecido por las automotrices fue\u00a0un factor clave en la recuperaci\u00f3n del sector. Seg\u00fan los datos de la Asociaci\u00f3n de Concesionarios (ACARA), durante los primeros cuatro meses del a\u00f1o, este tipo de ventas represent\u00f3 el <strong>39% de las operaciones alternativas<\/strong>, acerc\u00e1ndose a los planes de ahorro (43%) y superando ampliamente los cr\u00e9ditos bancarios (16%).<\/p>\n<aside class=\"are-you-interested-container-photo\"><\/aside>\n<p>La automotriz tambi\u00e9n comunic\u00f3 que todas las versiones de los modelos Polo, Virtus, Taos, Tiguan Allspace, Saveiro y Vento GLI incluyen sin costo los tres primeros servicios de mantenimiento.<\/p>\n<figure><img decoding=\"async\" src=\"https:\/\/derechadiario.com.ar\/filesedc\/uploads\/image\/post\/concesionario-vw-autotag-amarok-1747945813742_1200_800.webp\" class=\"img-responsive lazyload\" alt=\"Un concesionario de autom\u00f3viles Volkswagen con varios veh\u00edculos exhibidos en el interior.\" title=\"Un concesionario de autom\u00f3viles Volkswagen con varios veh\u00edculos exhibidos en el interior.\"><\/figure>\n<p>En cuanto a los nuevos T-Cross y Nivus, as\u00ed como las Amarok con motor 2.0 litros, disponen del primer service bonificado, adem\u00e1s de la mano de obra gratuita para el segundo y tercer mantenimiento. Por su parte, las versiones V6 de la Amarok ofrecen los tres primeros servicios completamente incluidos.<\/p>\n<aside class=\"whatsappChannelText\"><a href=\"https:\/\/whatsapp.com\/channel\/0029VagEjILGE56eKjedWF2U\" rel=\"nofollow\" title=\"WhatsApp Link\"><img alt=\"Logo de WhatsApp\" class=\"lazyload\" data-src=\"https:\/\/derechadiario.com.ar\/filesedc\/uploads\/other\/whatsapp_icon_mid_article.png\" width=\"32\" height=\"32\"><\/a> <a href=\"https:\/\/whatsapp.com\/channel\/0029VagEjILGE56eKjedWF2U\" rel=\"nofollow\" title=\"WhatsApp Link\"><strong>NO SE PIERDAN NINGUNA NOTICIA<\/strong>: Click aqu\u00ed para sumarte <strong>GRATIS<\/strong> al canal de noticias de <strong>La Derecha Diario en WhatsApp.<\/strong><\/a><\/aside>\n<p>Adicionalmente, todos los modelos pueden acceder al programa \u201cTu VW Vale +\u201d, que permite extender la garant\u00eda por un a\u00f1o adicional o 20.000 kil\u00f3metros, brindando mayor cobertura al usuario.<\/p>\n","protected":false},"excerpt":{"rendered":"<p>La compa\u00f1\u00eda Volkswagen vuelve a posicionarse con uno de los autos m\u00e1s econ\u00f3micos del mercado. La automotriz alemana anunci\u00f3 una rebaja cercana a los $6 millones en el valor del Polo Track, el modelo de entrada de su cat\u00e1logo. Con un precio promocional de $23.990.000, lo que implica una reducci\u00f3n de casi el 20% respecto [&hellip;]<\/p>\n","protected":false},"author":2,"featured_media":5397,"comment_status":"open","ping_status":"open","sticky":false,"template":"","format":"standard","meta":{"_et_pb_use_builder":"","_et_pb_old_content":"","_et_gb_content_width":"","footnotes":""},"categories":[80],"tags":[],"class_list":["post-5396","post","type-post","status-publish","format-standard","has-post-thumbnail","hentry","category-economia-2"],"_links":{"self":[{"href":"https:\/\/verdadincomodadiario.ar\/index.php?rest_route=\/wp\/v2\/posts\/5396","targetHints":{"allow":["GET"]}}],"collection":[{"href":"https:\/\/verdadincomodadiario.ar\/index.php?rest_route=\/wp\/v2\/posts"}],"about":[{"href":"https:\/\/verdadincomodadiario.ar\/index.php?rest_route=\/wp\/v2\/types\/post"}],"author":[{"embeddable":true,"href":"https:\/\/verdadincomodadiario.ar\/index.php?rest_route=\/wp\/v2\/users\/2"}],"replies":[{"embeddable":true,"href":"https:\/\/verdadincomodadiario.ar\/index.php?rest_route=%2Fwp%2Fv2%2Fcomments&post=5396"}],"version-history":[{"count":0,"href":"https:\/\/verdadincomodadiario.ar\/index.php?rest_route=\/wp\/v2\/posts\/5396\/revisions"}],"wp:featuredmedia":[{"embeddable":true,"href":"https:\/\/verdadincomodadiario.ar\/index.php?rest_route=\/wp\/v2\/media\/5397"}],"wp:attachment":[{"href":"https:\/\/verdadincomodadiario.ar\/index.php?rest_route=%2Fwp%2Fv2%2Fmedia&parent=5396"}],"wp:term":[{"taxonomy":"category","embeddable":true,"href":"https:\/\/verdadincomodadiario.ar\/index.php?rest_route=%2Fwp%2Fv2%2Fcategories&post=5396"},{"taxonomy":"post_tag","embeddable":true,"href":"https:\/\/verdadincomodadiario.ar\/index.php?rest_route=%2Fwp%2Fv2%2Ftags&post=5396"}],"curies":[{"name":"wp","href":"https:\/\/api.w.org\/{rel}","templated":true}]}}