{"id":5380,"date":"2025-05-22T16:30:39","date_gmt":"2025-05-22T16:30:39","guid":{"rendered":"https:\/\/verdadincomodadiario.ar\/?p=5380"},"modified":"2025-05-22T16:30:39","modified_gmt":"2025-05-22T16:30:39","slug":"el-gobierno-presentara-un-proyecto-de-ley-para-blindar-a-los-ahorristas-argentinos","status":"publish","type":"post","link":"https:\/\/verdadincomodadiario.ar\/?p=5380","title":{"rendered":"El Gobierno presentar\u00e1 un proyecto de ley para blindar a los ahorristas argentinos"},"content":{"rendered":"<p>En un nuevo paso hacia la desregulaci\u00f3n econ\u00f3mica y la <strong>reconstrucci\u00f3n de la confianza de los ciudadanos<\/strong>, el Gobierno de <a href=\"https:\/\/derechadiario.com.ar\/economia\/gobierno-establecio-que-solo-se-informaran-transferencias-mas-50-millones\" target=\"_blank\" title=\"El Gobierno estableci\u00f3 que solo se informar\u00e1n transferencias de m\u00e1s de $50 millones\"><strong>Javier Milei<\/strong><\/a> anunci\u00f3 este jueves el lanzamiento del \u201c<a href=\"https:\/\/derechadiario.com.ar\/economia\/reparacion-historica-gobierno-anuncia-cambios-fiscales-para-ahorristas\" target=\"_blank\" title=\"Reparaci\u00f3n hist\u00f3rica: el Gobierno anuncia cambios fiscales para ahorristas\"><strong>Plan de Reparaci\u00f3n Hist\u00f3rica de los Ahorros de los Argentinos<\/strong><\/a>\u201d, un ambicioso paquete de medidas que incluye la <strong>presentaci\u00f3n de un proyecto de ley<\/strong> destinado a <strong>blindar los ahorros privados<\/strong> frente a eventuales intervenciones del Estado realizadas por otros gobiernos.<\/p>\n<p>Desde Casa Rosada, el vocero presidencial,\u00a0<strong>Manuel Adorni<\/strong>, detall\u00f3 que el plan se implementar\u00e1 en dos etapas: una primera a trav\u00e9s de un <strong>decreto presidencial<\/strong> que entrar\u00e1 en vigor de forma inmediata, y una segunda que contempla el env\u00edo de una <strong>ley al Congreso<\/strong> para consolidar jur\u00eddicamente la <strong>defensa del derecho al ahorro en libertad<\/strong>.<\/p>\n<p>\u201c<strong>El objetivo del Estado ya no ser\u00e1 perseguir a los argentinos de bien sino a los narcotraficantes y criminales que ven el delito como una forma de vida<\/strong>\u201d, afirm\u00f3 Adorni, diferenciando de forma tajante el nuevo enfoque del gobierno con las pr\u00e1cticas del pasado.<\/p>\n<div class=\"inter_image image_horizontal\">\n<picture><source class=\"img-responsive\" type=\"image\/webp\" data-srcset=\"\/filesedc\/uploads\/image\/post\/regresando-a-la-argentinaviva-la-libertad-carajo-1_300_200.webp 300w, \n\/filesedc\/uploads\/image\/post\/regresando-a-la-argentinaviva-la-libertad-carajo-1_630_420.webp 630w,\n                                \/filesedc\/uploads\/image\/post\/regresando-a-la-argentinaviva-la-libertad-carajo-1_760_507.webp 760w,\n                                \/filesedc\/uploads\/image\/post\/regresando-a-la-argentinaviva-la-libertad-carajo-1_1200_800.webp 1200w,\n                                \/filesedc\/uploads\/image\/post\/regresando-a-la-argentinaviva-la-libertad-carajo-1_1600_1067.webp 1600w\"><img decoding=\"async\" src=\"https:\/\/derechadiario.com.ar\/filesedc\/uploads\/image\/post\/regresando-a-la-argentinaviva-la-libertad-carajo-1_1200_800.webp\" class=\"img-responsive lazyload\" alt=\"Dos personas posando para una foto dentro de un avi\u00f3n privado, una de ellas sonr\u00ede mientras la otra hace un gesto con las manos.\" title=\"Dos personas posando para una foto dentro de un avi\u00f3n privado, una de ellas sonr\u00ede mientras la otra hace un gesto con las manos.\"><\/picture>\n<div>\n<span class=\"img_footer\">Javier Milei y Luis Caputo. <\/span>| <span class=\"img_author\">La Derecha Diario<\/span>\n<\/div>\n<\/div>\n<p>El proyecto de ley, seg\u00fan explic\u00f3, buscar\u00e1 garantizar que los ciudadanos <strong>no tengan que demostrar a cada rato de d\u00f3nde sacaron su dinero<\/strong>, reforzando el principio constitucional de presunci\u00f3n de inocencia y respetando la <strong>propiedad privada<\/strong> como piedra angular del sistema econ\u00f3mico.<\/p>\n<aside class=\"are-you-interested-container-photo\"><\/aside>\n<p>En un giro cultural y pol\u00edtico profundo, Adorni remarc\u00f3: \u201c<strong>Tenemos que hacer un cambio de chip para que el Estado respete una verdad elemental: tus d\u00f3lares, tu decisi\u00f3n. O sea, lo tuyo es tuyo y no es el del Estado. Lo tuyo es tuyo y pod\u00e9s gastarlo y usarlo como quieras<\/strong>\u201d. De aprobarse, la legislaci\u00f3n establecer\u00eda un blindaje legal contra eventuales controles o confiscaciones de ahorros, consolidando un marco de previsibilidad y respeto a los derechos de los ciudadanos.<\/p>\n<p>Tal como explic\u00f3 el vocero presidencial, Argentina es uno de los pa\u00edses donde <strong>m\u00e1s se criminaliz\u00f3 el ahorro<\/strong> en la \u00faltima d\u00e9cada. El cepo cambiario, los controles y el creciente intervencionismo del Estado generaron un <strong>clima de desconfianza<\/strong> que expuls\u00f3 al dinero y los ahorros privados del circuito formal. \u201c<strong>Por cada peso que circula formalmente, hay cinco en la informalidad<\/strong>\u201d, alert\u00f3 el vocero.<\/p>\n<figure><img decoding=\"async\" src=\"https:\/\/derechadiario.com.ar\/filesedc\/uploads\/image\/post\/milei-saluda_1200_800.webp\" class=\"img-responsive lazyload\" alt=\"Un hombre sonriente con traje y corbata levanta la mano en se\u00f1al de saludo.\" title=\"Un hombre sonriente con traje y corbata levanta la mano en se\u00f1al de saludo.\"><\/figure>\n<p>&#8220;<strong>Fue tal la aberraci\u00f3n, que tuvimos cepo cambiario durante casi 10 a\u00f1os<\/strong>&#8221; y se trat\u00f3 a los ahorristas &#8220;<strong>al mismo nivel que un delincuente como Al Capone<\/strong>&#8220;, compar\u00f3 y agreg\u00f3 que &#8220;<strong>el Estado cual Gran Hermano controlaba todas las acciones de sus ciudadanos<\/strong>&#8220;.<\/p>\n<p>Con esta iniciativa, el Gobierno de Milei busca no s\u00f3lo impulsar el uso de los d\u00f3lares \u201c<strong>del colch\u00f3n<\/strong>\u201d, sino tambi\u00e9n construir una nueva relaci\u00f3n entre el Estado y la ciudadan\u00eda, basada en la <strong>confianza<\/strong>, la <strong>libertad econ\u00f3mica<\/strong> y el <strong>respeto a la propiedad privada<\/strong>.<\/p>\n<aside class=\"whatsappChannelText\"><a href=\"https:\/\/whatsapp.com\/channel\/0029VagEjILGE56eKjedWF2U\" rel=\"nofollow\" title=\"WhatsApp Link\"><img alt=\"Logo de WhatsApp\" class=\"lazyload\" data-src=\"https:\/\/derechadiario.com.ar\/filesedc\/uploads\/other\/whatsapp_icon_mid_article.png\" width=\"32\" height=\"32\"><\/a> <a href=\"https:\/\/whatsapp.com\/channel\/0029VagEjILGE56eKjedWF2U\" rel=\"nofollow\" title=\"WhatsApp Link\"><strong>NO SE PIERDAN NINGUNA NOTICIA<\/strong>: Click aqu\u00ed para sumarte <strong>GRATIS<\/strong> al canal de noticias de <strong>La Derecha Diario en WhatsApp.<\/strong><\/a><\/aside>\n<p>Finalmente, Adorni remarc\u00f3 que no\u00a0habr\u00e1 retrocesos en la <strong>lucha contra el crimen organizado<\/strong>, pero s\u00ed una firme decisi\u00f3n de <strong>liberar a los ciudadanos honestos<\/strong> del <strong>acoso fiscal<\/strong>. La Unidad de Informaci\u00f3n Financiera (UIF) adecuar\u00e1 su normativa al nuevo esquema, asegurando que las herramientas de control se utilicen exclusivamente en <strong>casos de delitos concretos<\/strong> y no para <strong>hostigar<\/strong> a quienes simplemente deciden ahorrar en otra moneda.<\/p>\n<p>Con esta ley, el gobierno de Milei no s\u00f3lo busca corregir los errores del pasado, sino sentar las bases de un sistema financiero transparente y libre, donde el derecho a ahorrar y decidir sobre los propios recursos\u00a0vuelva a ser lo que siempre debi\u00f3 ser: un <strong>derecho inviolable<\/strong>.<\/p>\n","protected":false},"excerpt":{"rendered":"<p>En un nuevo paso hacia la desregulaci\u00f3n econ\u00f3mica y la reconstrucci\u00f3n de la confianza de los ciudadanos, el Gobierno de Javier Milei anunci\u00f3 este jueves el lanzamiento del \u201cPlan de Reparaci\u00f3n Hist\u00f3rica de los Ahorros de los Argentinos\u201d, un ambicioso paquete de medidas que incluye la presentaci\u00f3n de un proyecto de ley destinado a blindar [&hellip;]<\/p>\n","protected":false},"author":2,"featured_media":5381,"comment_status":"open","ping_status":"open","sticky":false,"template":"","format":"standard","meta":{"_et_pb_use_builder":"","_et_pb_old_content":"","_et_gb_content_width":"","footnotes":""},"categories":[80],"tags":[],"class_list":["post-5380","post","type-post","status-publish","format-standard","has-post-thumbnail","hentry","category-economia-2"],"_links":{"self":[{"href":"https:\/\/verdadincomodadiario.ar\/index.php?rest_route=\/wp\/v2\/posts\/5380","targetHints":{"allow":["GET"]}}],"collection":[{"href":"https:\/\/verdadincomodadiario.ar\/index.php?rest_route=\/wp\/v2\/posts"}],"about":[{"href":"https:\/\/verdadincomodadiario.ar\/index.php?rest_route=\/wp\/v2\/types\/post"}],"author":[{"embeddable":true,"href":"https:\/\/verdadincomodadiario.ar\/index.php?rest_route=\/wp\/v2\/users\/2"}],"replies":[{"embeddable":true,"href":"https:\/\/verdadincomodadiario.ar\/index.php?rest_route=%2Fwp%2Fv2%2Fcomments&post=5380"}],"version-history":[{"count":0,"href":"https:\/\/verdadincomodadiario.ar\/index.php?rest_route=\/wp\/v2\/posts\/5380\/revisions"}],"wp:featuredmedia":[{"embeddable":true,"href":"https:\/\/verdadincomodadiario.ar\/index.php?rest_route=\/wp\/v2\/media\/5381"}],"wp:attachment":[{"href":"https:\/\/verdadincomodadiario.ar\/index.php?rest_route=%2Fwp%2Fv2%2Fmedia&parent=5380"}],"wp:term":[{"taxonomy":"category","embeddable":true,"href":"https:\/\/verdadincomodadiario.ar\/index.php?rest_route=%2Fwp%2Fv2%2Fcategories&post=5380"},{"taxonomy":"post_tag","embeddable":true,"href":"https:\/\/verdadincomodadiario.ar\/index.php?rest_route=%2Fwp%2Fv2%2Ftags&post=5380"}],"curies":[{"name":"wp","href":"https:\/\/api.w.org\/{rel}","templated":true}]}}