{"id":5358,"date":"2025-05-22T15:25:32","date_gmt":"2025-05-22T15:25:32","guid":{"rendered":"https:\/\/verdadincomodadiario.ar\/?p=5358"},"modified":"2025-05-22T15:25:32","modified_gmt":"2025-05-22T15:25:32","slug":"reparacion-historica-el-gobierno-anuncia-cambios-fiscales-para-ahorristas","status":"publish","type":"post","link":"https:\/\/verdadincomodadiario.ar\/?p=5358","title":{"rendered":"Reparaci\u00f3n hist\u00f3rica: el Gobierno anuncia cambios fiscales para ahorristas"},"content":{"rendered":"<p>En una conferencia encabezada por el vocero presidencial <strong>Manuel Adorni<\/strong> y el ministro de Econom\u00eda, <strong>Luis &#8220;Toto&#8221; Caputo<\/strong>, el Gobierno anunci\u00f3 la puesta en marcha del <a href=\"https:\/\/derechadiario.com.ar\/economia\/gobierno-lanza-manana-plan-para-liberar-dolares-del-colchon-con-compras-cuota\" title=\"El Gobierno lanza ma\u00f1ana el plan para liberar d\u00f3lares del colch\u00f3n con compras en cuota\">\u201cPlan de Reparaci\u00f3n Hist\u00f3rica de los Ahorros de los Argentinos\u201d<\/a>, <strong>una medida que busca dejar atr\u00e1s a\u00f1os de controles cambiarios y fiscales considerados \u201cpersecutorios\u201d.<\/strong>\u00a0 El programa ser\u00e1 implementado en dos etapas: una por decreto y otra mediante un proyecto de ley que ser\u00e1 enviado al Congreso.<\/p>\n<p><strong>El ministro de <a href=\"https:\/\/derechadiario.com.ar\/economia\/caputo-explico-nuevo-regimen-para-dolares-informales-y-defendio-rumbo-economico\" title=\"Caputo explic\u00f3 el nuevo r\u00e9gimen para d\u00f3lares informales y defendi\u00f3 el rumbo econ\u00f3mico\">Econom\u00eda<\/a>, Luis Caputo, lidera esta iniciativa que apunta a reformular el esquema normativo vigente<\/strong>, al que el oficialismo acusa de desalentar el ahorro formal en moneda extranjera. \u201cEsto se acaba hoy\u201d, sentenci\u00f3 Adorni, en alusi\u00f3n a un sistema que, seg\u00fan sus palabras, <strong>\u201ctrataba a todos los argentinos como si fueran potenciales delincuentes\u201d.<\/strong><\/p>\n<h2><strong>Cr\u00edticas al cepo y al control fiscal excesivo<\/strong><\/h2>\n<p><strong>El anuncio incluy\u00f3 una fuerte cr\u00edtica al r\u00e9gimen de control de divisas implementado en a\u00f1os anteriores. Adorni destac\u00f3 que el cepo cambiario rigi\u00f3 casi una d\u00e9cada<\/strong>\u00a0 y denunci\u00f3 que equiparaba la compra de d\u00f3lares a un acto delictivo: \u201cPon\u00eda a quienes quer\u00edan comprar m\u00e1s de 200 d\u00f3lares en el mismo nivel que un delincuente como Al Capone\u201d.<\/p>\n<div class=\"inter_image image_horizontal\">\n<picture><source class=\"img-responsive\" type=\"image\/webp\" data-srcset=\"\/filesedc\/uploads\/image\/post\/screenshot-2025-05-22-112930_300_200.webp 300w, \n\/filesedc\/uploads\/image\/post\/screenshot-2025-05-22-112930_630_420.webp 630w,\n                                \/filesedc\/uploads\/image\/post\/screenshot-2025-05-22-112930_760_507.webp 760w,\n                                \/filesedc\/uploads\/image\/post\/screenshot-2025-05-22-112930_1200_800.webp 1200w,\n                                \/filesedc\/uploads\/image\/post\/screenshot-2025-05-22-112930_1600_1067.webp 1600w\"><img decoding=\"async\" src=\"https:\/\/derechadiario.com.ar\/filesedc\/uploads\/image\/post\/screenshot-2025-05-22-112930_1200_800.webp\" class=\"img-responsive lazyload\" alt=\"Una mano sosteniendo varios billetes de cien d\u00f3lares estadounidenses en forma de abanico.\" title=\"Una mano sosteniendo varios billetes de cien d\u00f3lares estadounidenses en forma de abanico.\"><\/picture>\n<div>\n<span class=\"img_footer\">Reparaci\u00f3n hist\u00f3rica: el Gobierno anuncia cambios fiscales para ahorristas <\/span>| <span class=\"img_author\">La Derecha Diario<\/span>\n<\/div>\n<\/div>\n<p>Asimismo, <strong>el funcionario cuestion\u00f3 el uso de recursos estatales en mecanismos de vigilancia financiera.<\/strong> \u201cLa voracidad fiscal nos llev\u00f3 a malgastar recursos en vigilar a una persona por comprarse una licuadora\u201d, ironiz\u00f3, al tiempo que revel\u00f3 que la UIF auditaba apenas el 0,34% de las transacciones sospechosas.<\/p>\n<aside class=\"are-you-interested-container-photo\"><\/aside>\n<h2><strong>Cambios estructurales en el sistema de informaci\u00f3n financiera<\/strong><\/h2>\n<p>Seg\u00fan anticip\u00f3 Adorni, <strong>el decreto que firmar\u00e1 el Poder Ejecutivo revisar\u00e1 las normativas que rigen sobre la Unidad de Informaci\u00f3n Financiera (UIF)<\/strong>, que tambi\u00e9n deber\u00e1 adecuar sus reglamentos internos al nuevo modelo. El objetivo es generar un entorno m\u00e1s previsible y amigable con los ahorristas, incentivando la formalizaci\u00f3n de los fondos en d\u00f3lares \u201cguardados en el colch\u00f3n\u201d.<\/p>\n<aside class=\"whatsappChannelText\"><a href=\"https:\/\/whatsapp.com\/channel\/0029VagEjILGE56eKjedWF2U\" rel=\"nofollow\" title=\"WhatsApp Link\"><img alt=\"Logo de WhatsApp\" class=\"lazyload\" data-src=\"https:\/\/derechadiario.com.ar\/filesedc\/uploads\/other\/whatsapp_icon_mid_article.png\" width=\"32\" height=\"32\"><\/a> <a href=\"https:\/\/whatsapp.com\/channel\/0029VagEjILGE56eKjedWF2U\" rel=\"nofollow\" title=\"WhatsApp Link\"><strong>NO SE PIERDAN NINGUNA NOTICIA<\/strong>: Click aqu\u00ed para sumarte <strong>GRATIS<\/strong> al canal de noticias de <strong>La Derecha Diario en WhatsApp.<\/strong><\/a><\/aside>\n<figure><img decoding=\"async\" src=\"https:\/\/derechadiario.com.ar\/filesedc\/uploads\/image\/post\/screenshot-2025-05-22-112938_1200_800.webp\" class=\"img-responsive lazyload\" alt=\"Fachada del Banco Central de la Rep\u00fablica Argentina con billetes de cien d\u00f3lares superpuestos.\" title=\"Fachada del Banco Central de la Rep\u00fablica Argentina con billetes de cien d\u00f3lares superpuestos.\"><\/figure>\n<p>La segunda etapa del plan requerir\u00e1 aprobaci\u00f3n legislativa. \u00a0<strong>Si bien no se detallaron los alcances concretos del proyecto, se espera que incluya reformas a la ley penal tributaria<\/strong>\u00a0 y un alivio generalizado en materia de cumplimiento fiscal para personas f\u00edsicas.<\/p>\n<p><strong>Seg\u00fan datos del propio Gobierno, por cada peso que circula formalmente, cinco lo hacen en la informalidad<\/strong>, lo que refleja la magnitud de la econom\u00eda en negro. Con esta iniciativa, se busca reducir esa proporci\u00f3n e incorporar una mayor cantidad de fondos al sistema bancario.<\/p>\n<p><strong>NOTICIA EN DESARROLLO<\/strong><\/p>\n","protected":false},"excerpt":{"rendered":"<p>En una conferencia encabezada por el vocero presidencial Manuel Adorni y el ministro de Econom\u00eda, Luis &#8220;Toto&#8221; Caputo, el Gobierno anunci\u00f3 la puesta en marcha del \u201cPlan de Reparaci\u00f3n Hist\u00f3rica de los Ahorros de los Argentinos\u201d, una medida que busca dejar atr\u00e1s a\u00f1os de controles cambiarios y fiscales considerados \u201cpersecutorios\u201d.\u00a0 El programa ser\u00e1 implementado en [&hellip;]<\/p>\n","protected":false},"author":2,"featured_media":5359,"comment_status":"open","ping_status":"open","sticky":false,"template":"","format":"standard","meta":{"_et_pb_use_builder":"","_et_pb_old_content":"","_et_gb_content_width":"","footnotes":""},"categories":[80],"tags":[],"class_list":["post-5358","post","type-post","status-publish","format-standard","has-post-thumbnail","hentry","category-economia-2"],"_links":{"self":[{"href":"https:\/\/verdadincomodadiario.ar\/index.php?rest_route=\/wp\/v2\/posts\/5358","targetHints":{"allow":["GET"]}}],"collection":[{"href":"https:\/\/verdadincomodadiario.ar\/index.php?rest_route=\/wp\/v2\/posts"}],"about":[{"href":"https:\/\/verdadincomodadiario.ar\/index.php?rest_route=\/wp\/v2\/types\/post"}],"author":[{"embeddable":true,"href":"https:\/\/verdadincomodadiario.ar\/index.php?rest_route=\/wp\/v2\/users\/2"}],"replies":[{"embeddable":true,"href":"https:\/\/verdadincomodadiario.ar\/index.php?rest_route=%2Fwp%2Fv2%2Fcomments&post=5358"}],"version-history":[{"count":0,"href":"https:\/\/verdadincomodadiario.ar\/index.php?rest_route=\/wp\/v2\/posts\/5358\/revisions"}],"wp:featuredmedia":[{"embeddable":true,"href":"https:\/\/verdadincomodadiario.ar\/index.php?rest_route=\/wp\/v2\/media\/5359"}],"wp:attachment":[{"href":"https:\/\/verdadincomodadiario.ar\/index.php?rest_route=%2Fwp%2Fv2%2Fmedia&parent=5358"}],"wp:term":[{"taxonomy":"category","embeddable":true,"href":"https:\/\/verdadincomodadiario.ar\/index.php?rest_route=%2Fwp%2Fv2%2Fcategories&post=5358"},{"taxonomy":"post_tag","embeddable":true,"href":"https:\/\/verdadincomodadiario.ar\/index.php?rest_route=%2Fwp%2Fv2%2Ftags&post=5358"}],"curies":[{"name":"wp","href":"https:\/\/api.w.org\/{rel}","templated":true}]}}