{"id":5330,"date":"2025-05-22T10:32:10","date_gmt":"2025-05-22T10:32:10","guid":{"rendered":"https:\/\/verdadincomodadiario.ar\/?p=5330"},"modified":"2025-05-22T10:32:10","modified_gmt":"2025-05-22T10:32:10","slug":"anses-hoy-quienes-cobran-este-jueves-22-de-mayo-y-que-prestaciones-se-pagan","status":"publish","type":"post","link":"https:\/\/verdadincomodadiario.ar\/?p=5330","title":{"rendered":"ANSES hoy: qui\u00e9nes cobran este jueves 22 de mayo y qu\u00e9 prestaciones se pagan"},"content":{"rendered":"<p>La <a href=\"https:\/\/derechadiario.com.ar\/economia\/pensiones-no-contributivas-anses-fechas-cobro-y-requisitos-mayo-2025\" title=\"Pensiones no contributivas ANSES: fechas de cobro y requisitos en mayo 2025\"><strong>ANSES<\/strong><\/a> confirm\u00f3 el cronograma de pagos para este <strong>jueves 22 de mayo de 2025<\/strong>. Las prestaciones incluyen <strong>jubilaciones, pensiones, <a href=\"https:\/\/derechadiario.com.ar\/economia\/auh-y-tarjeta-alimentar-mayo-quienes-no-cobran-y-como-reclamar\" title=\"AUH y Tarjeta Alimentar en mayo: qui\u00e9nes no cobran y c\u00f3mo reclamar\">AUH<\/a>, AUE, SUAF<\/strong> y otros beneficios sociales.<\/p>\n<p>Los pagos est\u00e1n organizados seg\u00fan la terminaci\u00f3n del DNI. En algunos casos, el cobro contin\u00faa hasta el 11 de junio. A continuaci\u00f3n, el detalle completo.<\/p>\n<div class=\"inter_image image_horizontal\">\n<picture><source class=\"img-responsive\" type=\"image\/webp\" data-srcset=\"\/filesedc\/uploads\/image\/post\/anses-1-jpg_300_200.webp 300w, \n\/filesedc\/uploads\/image\/post\/anses-1-jpg_630_420.webp 630w,\n                                \/filesedc\/uploads\/image\/post\/anses-1-jpg_760_507.webp 760w,\n                                \/filesedc\/uploads\/image\/post\/anses-1-jpg_1200_800.webp 1200w,\n                                \/filesedc\/uploads\/image\/post\/anses-1-jpg_1600_1067.webp 1600w\"><img decoding=\"async\" src=\"https:\/\/derechadiario.com.ar\/filesedc\/uploads\/image\/post\/anses-1-jpg_1200_800.webp\" class=\"img-responsive lazyload\" alt=\"Fachada de una oficina de ANSES con un cartel azul y un coraz\u00f3n naranja.\" title=\"Fachada de una oficina de ANSES con un cartel azul y un coraz\u00f3n naranja.\"><\/picture>\n<div>\n<span class=\"img_footer\">Qui\u00e9nes cobran hoy seg\u00fan la terminaci\u00f3n del DNI <\/span>| <span class=\"img_author\">La Derecha Diario<\/span>\n<\/div>\n<\/div>\n<h2><strong>\u00bfQui\u00e9nes cobran jubilaciones y pensiones este jueves 22 de mayo?<\/strong><\/h2>\n<p>Hoy reciben el pago los titulares de <strong>jubilaciones y pensiones que no superen los $296.481,75<\/strong>.<\/p>\n<p><strong>Documentos terminados en 9<\/strong>: cobran este <strong>jueves 22 de mayo<\/strong>.<\/p>\n<aside class=\"are-you-interested-container-photo\"><\/aside>\n<figure><img decoding=\"async\" src=\"https:\/\/derechadiario.com.ar\/filesedc\/uploads\/image\/post\/anses-mayo-jubilaciones-y-pensiones-minimas_1200_800.webp\" class=\"img-responsive lazyload\" alt=\"Calendario de pagos de jubilaciones y pensiones que no superen el haber m\u00ednimo para el mes de mayo, con fechas asignadas seg\u00fan la terminaci\u00f3n del documento.\" title=\"Calendario de pagos de jubilaciones y pensiones que no superen el haber m\u00ednimo para el mes de mayo, con fechas asignadas seg\u00fan la terminaci\u00f3n del documento.\"><\/figure>\n<aside class=\"whatsappChannelText\"><a href=\"https:\/\/whatsapp.com\/channel\/0029VagEjILGE56eKjedWF2U\" rel=\"nofollow\" title=\"WhatsApp Link\"><img alt=\"Logo de WhatsApp\" class=\"lazyload\" data-src=\"https:\/\/derechadiario.com.ar\/filesedc\/uploads\/other\/whatsapp_icon_mid_article.png\" width=\"32\" height=\"32\"><\/a> <a href=\"https:\/\/whatsapp.com\/channel\/0029VagEjILGE56eKjedWF2U\" rel=\"nofollow\" title=\"WhatsApp Link\"><strong>NO SE PIERDAN NINGUNA NOTICIA<\/strong>: Click aqu\u00ed para sumarte <strong>GRATIS<\/strong> al canal de noticias de <strong>La Derecha Diario en WhatsApp.<\/strong><\/a><\/aside>\n<h2><strong>\u00bfQui\u00e9nes cobran la Asignaci\u00f3n Universal por Hijo (AUH) y Tarjeta Alimentar?<\/strong><\/h2>\n<p>Los titulares de la <strong>AUH y la Tarjeta Alimentar<\/strong> tambi\u00e9n reciben su pago hoy.<\/p>\n<p><strong>Documentos terminados en 9<\/strong>: cobran este <strong>jueves 22 de mayo<\/strong>.<\/p>\n<aside class=\"are-you-interested-container-photo\"><\/aside>\n<figure><img decoding=\"async\" src=\"https:\/\/derechadiario.com.ar\/filesedc\/uploads\/image\/post\/auh-anses-mayo_1200_800.webp\" class=\"img-responsive lazyload\" alt=\"Calendario de pago para la Asignaci\u00f3n Familiar por Hijo y Asignaci\u00f3n Universal por Hijo correspondiente al mes de mayo, con fechas espec\u00edficas seg\u00fan la terminaci\u00f3n del n\u00famero de documento: 9\/5 para documentos terminados en 0, 12\/5 en 1, 13\/5 en 2, 14\/5 en 3, 15\/5 en 4, 16\/5 en 5, 19\/5 en 6, 20\/5 en 7, 21\/5 en 8 y 22\/5 en 9.\" title=\"Calendario de pago para la Asignaci\u00f3n Familiar por Hijo y Asignaci\u00f3n Universal por Hijo correspondiente al mes de mayo, con fechas espec\u00edficas seg\u00fan la terminaci\u00f3n del n\u00famero de documento: 9\/5 para documentos terminados en 0, 12\/5 en 1, 13\/5 en 2, 14\/5 en 3, 15\/5 en 4, 16\/5 en 5, 19\/5 en 6, 20\/5 en 7, 21\/5 en 8 y 22\/5 en 9.\"><\/figure>\n<h2><strong>\u00bfQui\u00e9nes cobran la Asignaci\u00f3n Universal por Embarazo (AUE)?<\/strong><\/h2>\n<p>Este jueves tambi\u00e9n hay pagos para beneficiarias de la <strong>AUE<\/strong>.<\/p>\n<p><strong>Documentos terminados en 8<\/strong>: cobran este <strong>jueves 22 de mayo<\/strong>.<\/p>\n<aside class=\"are-you-interested-container-photo\"><\/aside>\n<figure><img decoding=\"async\" src=\"https:\/\/derechadiario.com.ar\/filesedc\/uploads\/image\/post\/anses-mayo-embarazo_1200_800.webp\" class=\"img-responsive lazyload\" alt=\"Calendario de pago de la Asignaci\u00f3n por Embarazo para el mes de mayo, con fechas asignadas seg\u00fan la terminaci\u00f3n del n\u00famero de documento.\" title=\"Calendario de pago de la Asignaci\u00f3n por Embarazo para el mes de mayo, con fechas asignadas seg\u00fan la terminaci\u00f3n del n\u00famero de documento.\"><\/figure>\n<h2><strong>\u00bfQui\u00e9nes cobran las asignaciones por matrimonio, adopci\u00f3n y nacimiento?<\/strong><\/h2>\n<p>Contin\u00faa el pago de <strong>asignaciones de pago \u00fanico<\/strong> por matrimonio, nacimiento y adopci\u00f3n.<\/p>\n<p><strong>Todas las terminaciones de documentos<\/strong>: cobran hasta el <strong>11 de junio<\/strong>.<\/p>\n<figure><img decoding=\"async\" src=\"https:\/\/derechadiario.com.ar\/filesedc\/uploads\/image\/post\/anses-mayo-asignaciones-de-pago-unico_1200_800.webp\" class=\"img-responsive lazyload\" alt=\"Calendario de asignaciones de pago \u00fanico para matrimonio, adopci\u00f3n y nacimiento en mayo, con fechas de cobro del 12\/5 al 11\/6 para la primera quincena y del 22\/5 al 11\/6 para la segunda quincena.\" title=\"Calendario de asignaciones de pago \u00fanico para matrimonio, adopci\u00f3n y nacimiento en mayo, con fechas de cobro del 12\/5 al 11\/6 para la primera quincena y del 22\/5 al 11\/6 para la segunda quincena.\"><\/figure>\n<h2><strong>\u00bfQui\u00e9nes cobran asignaciones familiares de Pensiones No Contributivas?<\/strong><\/h2>\n<p>Tambi\u00e9n sigue el pago de <strong>asignaciones familiares para titulares de PNC<\/strong>.<\/p>\n<p><strong>Todas las terminaciones de documentos<\/strong>: cobran hasta el <strong>11 de junio<\/strong>.<\/p>\n<figure><img decoding=\"async\" src=\"https:\/\/derechadiario.com.ar\/filesedc\/uploads\/image\/post\/asignaciones-familiares-pnc-anses-mayo_1200_800.webp\" class=\"img-responsive lazyload\" alt=\"Asignaciones familiares de pensiones no contributivas para cobrar en mayo con todas las terminaciones de DNI del 9 de mayo al 11 de junio.\" title=\"Asignaciones familiares de pensiones no contributivas para cobrar en mayo con todas las terminaciones de DNI del 9 de mayo al 11 de junio.\"><\/figure>\n","protected":false},"excerpt":{"rendered":"<p>La ANSES confirm\u00f3 el cronograma de pagos para este jueves 22 de mayo de 2025. Las prestaciones incluyen jubilaciones, pensiones, AUH, AUE, SUAF y otros beneficios sociales. Los pagos est\u00e1n organizados seg\u00fan la terminaci\u00f3n del DNI. En algunos casos, el cobro contin\u00faa hasta el 11 de junio. A continuaci\u00f3n, el detalle completo. Qui\u00e9nes cobran hoy [&hellip;]<\/p>\n","protected":false},"author":2,"featured_media":5331,"comment_status":"open","ping_status":"open","sticky":false,"template":"","format":"standard","meta":{"_et_pb_use_builder":"","_et_pb_old_content":"","_et_gb_content_width":"","footnotes":""},"categories":[80],"tags":[],"class_list":["post-5330","post","type-post","status-publish","format-standard","has-post-thumbnail","hentry","category-economia-2"],"_links":{"self":[{"href":"https:\/\/verdadincomodadiario.ar\/index.php?rest_route=\/wp\/v2\/posts\/5330","targetHints":{"allow":["GET"]}}],"collection":[{"href":"https:\/\/verdadincomodadiario.ar\/index.php?rest_route=\/wp\/v2\/posts"}],"about":[{"href":"https:\/\/verdadincomodadiario.ar\/index.php?rest_route=\/wp\/v2\/types\/post"}],"author":[{"embeddable":true,"href":"https:\/\/verdadincomodadiario.ar\/index.php?rest_route=\/wp\/v2\/users\/2"}],"replies":[{"embeddable":true,"href":"https:\/\/verdadincomodadiario.ar\/index.php?rest_route=%2Fwp%2Fv2%2Fcomments&post=5330"}],"version-history":[{"count":0,"href":"https:\/\/verdadincomodadiario.ar\/index.php?rest_route=\/wp\/v2\/posts\/5330\/revisions"}],"wp:featuredmedia":[{"embeddable":true,"href":"https:\/\/verdadincomodadiario.ar\/index.php?rest_route=\/wp\/v2\/media\/5331"}],"wp:attachment":[{"href":"https:\/\/verdadincomodadiario.ar\/index.php?rest_route=%2Fwp%2Fv2%2Fmedia&parent=5330"}],"wp:term":[{"taxonomy":"category","embeddable":true,"href":"https:\/\/verdadincomodadiario.ar\/index.php?rest_route=%2Fwp%2Fv2%2Fcategories&post=5330"},{"taxonomy":"post_tag","embeddable":true,"href":"https:\/\/verdadincomodadiario.ar\/index.php?rest_route=%2Fwp%2Fv2%2Ftags&post=5330"}],"curies":[{"name":"wp","href":"https:\/\/api.w.org\/{rel}","templated":true}]}}