{"id":5322,"date":"2025-05-22T02:38:10","date_gmt":"2025-05-22T02:38:10","guid":{"rendered":"https:\/\/verdadincomodadiario.ar\/?p=5322"},"modified":"2025-05-22T02:38:10","modified_gmt":"2025-05-22T02:38:10","slug":"el-gobierno-lanza-manana-el-plan-para-liberar-dolares-del-colchon-con-compras-en-cuota","status":"publish","type":"post","link":"https:\/\/verdadincomodadiario.ar\/?p=5322","title":{"rendered":"El Gobierno lanza ma\u00f1ana el plan para liberar d\u00f3lares del colch\u00f3n con compras en cuota"},"content":{"rendered":"<p>En un nuevo paso hacia la <a href=\"https:\/\/derechadiario.com.ar\/economia\/caputo-explico-nuevo-regimen-para-dolares-informales-y-defendio-rumbo-economico\" title=\"Caputo explic\u00f3 el nuevo r\u00e9gimen para d\u00f3lares informales y defendi\u00f3 el rumbo econ\u00f3mico\">modernizaci\u00f3n financiera<\/a> y el sinceramiento econ\u00f3mico, el <a href=\"https:\/\/derechadiario.com.ar\/politica\/javier-milei-amplio-por-decreto-las-actividades-consideradas-esenciales\" title=\"Javier Milei ampli\u00f3 por decreto las actividades consideradas esenciales\">Gobierno nacional <\/a><strong>anunciar\u00e1 este jueves un conjunto de medidas para flexibilizar el uso de d\u00f3lares en la econom\u00eda informal<\/strong>, especialmente aquellos <strong>fuera del circuito bancario<\/strong>. As\u00ed lo confirm\u00f3 el vocero presidencial <strong>Manuel Adorni<\/strong>, quien, en su habitual conferencia de prensa, adelant\u00f3 que <strong>\u201cprobablemente, ma\u00f1ana\u201d<\/strong>\u00a0 se dar\u00e1n a conocer los detalles de un <strong>r\u00e9gimen innovador<\/strong> que busca integrar los ahorros de los argentinos al sistema <strong>sin castigos ni condicionamientos fiscales<\/strong>.<\/p>\n<p>El paquete normativo \u2014que <strong>combina un decreto presidencial<\/strong> con un <strong>proyecto de ley<\/strong> que se debatir\u00e1 en el <strong>Congreso<\/strong>\u2014 fue originalmente pensado para presentarse la semana pasada. Sin embargo, la coincidencia con las <strong>elecciones legislativas<\/strong> en la <strong>Ciudad Aut\u00f3noma de Buenos Aires<\/strong>, donde el propio Adorni fue ganador como\u00a0candidato por <strong>La Libertad Avanza<\/strong>, llev\u00f3 a postergar el anuncio. En paralelo, el equipo t\u00e9cnico continuaba afinando el entramado legal y fiscal para garantizar una implementaci\u00f3n transparente, eficaz y conforme a los est\u00e1ndares internacionales.<\/p>\n<div class=\"inter_image image_horizontal\">\n<picture><source class=\"img-responsive\" type=\"image\/webp\" data-srcset=\"\/filesedc\/uploads\/image\/post\/7qq6kxdmfjcztpwdoomcygtila_300_200.webp 300w, \n\/filesedc\/uploads\/image\/post\/7qq6kxdmfjcztpwdoomcygtila_630_420.webp 630w,\n                                \/filesedc\/uploads\/image\/post\/7qq6kxdmfjcztpwdoomcygtila_760_507.webp 760w,\n                                \/filesedc\/uploads\/image\/post\/7qq6kxdmfjcztpwdoomcygtila_1200_800.webp 1200w,\n                                \/filesedc\/uploads\/image\/post\/7qq6kxdmfjcztpwdoomcygtila_1600_1067.webp 1600w\"><img decoding=\"async\" src=\"https:\/\/derechadiario.com.ar\/filesedc\/uploads\/image\/post\/7qq6kxdmfjcztpwdoomcygtila_1200_800.webp\" class=\"img-responsive lazyload\" alt=\"Dos hombres sentados en sillones grises en un escenario con fondo azul que dice \" amcham summit uno de ellos hablando con un micr en la mano. title=\"Dos hombres sentados en sillones grises en un escenario con fondo azul que dice \"><\/picture>\n<div>\n<span class=\"img_footer\">Caputo explic\u00f3 el nuevo r\u00e9gimen para d\u00f3lares informales y defendi\u00f3 el rumbo econ\u00f3mico <\/span>| <span class=\"img_author\">La Derecha Diario<\/span>\n<\/div>\n<\/div>\n<p>El ministro de Econom\u00eda, <strong>Luis Caputo<\/strong>, despej\u00f3 las dudas respecto al contenido de la iniciativa: <strong>\u201cNo es un blanqueo ni es cierto eso que se dijo de los montos de 100 mil d\u00f3lares\u201d<\/strong>, aclar\u00f3, en referencia a trascendidos err\u00f3neos en medios opositores.<br \/><strong>\u201cLo que vamos a hacer es m\u00e1s profundo. Es el inicio de un nuevo r\u00e9gimen.\u201d<\/strong><\/p>\n<p>Seg\u00fan Caputo, las razones estructurales detr\u00e1s de la alta informalidad econ\u00f3mica son dos: el exceso de impuestos y el exceso de regulaciones. En palabras del ministro: \u00a0<strong>\u201cArgentina regul\u00f3 para la excepci\u00f3n. Asume que el 99,9% de los argentinos son delincuentes, vuelve loco a todo el mundo, y eso hace que la gente le escape a la formalidad.\u201d<\/strong><\/p>\n<p>En esa l\u00ednea, Caputo fue tajante: \u00a0<strong>\u201cHay muchas regulaciones que desde nuestro lado podemos destrabar para hacerle la vida m\u00e1s sencilla a los argentinos. Nada tiene que ver con las normas GAFI ni con la UIF. No confundamos los temas, es simplificar la vida a los argentinos.\u201d<\/strong><\/p>\n<aside class=\"are-you-interested-container-photo\"><\/aside>\n<p>Tambi\u00e9n apunt\u00f3 contra el modelo de control estatal heredado: <strong>\u201cDuplicamos la gente en ARCA, multiplicamos las regulaciones y la informalidad creci\u00f3\u201d<\/strong>, sentenci\u00f3.<br \/><strong>\u201cEste esquema apunta a ganar formalidad. Que cada ente regule lo que le corresponde, no que todos quieran pasarle informaci\u00f3n a ARCA. No tiene ninguna l\u00f3gica ni sentido. Y adem\u00e1s, lo m\u00e1s importante, es que no funcion\u00f3.\u201d<\/strong><\/p>\n<p>La propuesta <strong>permitir\u00e1 compras y ventas en d\u00f3lares<\/strong>, incluso con <strong>financiamiento en cuotas<\/strong>, facilitando el acceso a bienes y servicios mediante un circuito transparente pero no punitivo. Para ello, <strong>bastar\u00e1 con una declaraci\u00f3n jurada simple<\/strong> sobre el origen de los fondos, y esa operatoria quedar\u00e1 incluso integrada al <strong>r\u00e9gimen de Ganancias<\/strong>, a trav\u00e9s de cambios operativos y administrativos a\u00fan por detallar.<\/p>\n<p>El <strong>Banco Central<\/strong>, la <strong>Unidad de Informaci\u00f3n Financiera<\/strong> (UIF) y el propio <strong>ARCA<\/strong>\u00a0 \u2014organismo recaudador y fiscalizador\u2014 han intervenido en la letra chica del nuevo esquema. El decreto que se firmar\u00e1 en las <strong>pr\u00f3ximas horas<\/strong> incluir\u00e1 modificaciones clave en los criterios de fiscalizaci\u00f3n, para despejar obst\u00e1culos burocr\u00e1ticos y evitar la persecuci\u00f3n desproporcionada de contribuyentes.<\/p>\n<aside class=\"whatsappChannelText\"><a href=\"https:\/\/whatsapp.com\/channel\/0029VagEjILGE56eKjedWF2U\" rel=\"nofollow\" title=\"WhatsApp Link\"><img alt=\"Logo de WhatsApp\" class=\"lazyload\" data-src=\"https:\/\/derechadiario.com.ar\/filesedc\/uploads\/other\/whatsapp_icon_mid_article.png\" width=\"32\" height=\"32\"><\/a> <a href=\"https:\/\/whatsapp.com\/channel\/0029VagEjILGE56eKjedWF2U\" rel=\"nofollow\" title=\"WhatsApp Link\"><strong>NO SE PIERDAN NINGUNA NOTICIA<\/strong>: Click aqu\u00ed para sumarte <strong>GRATIS<\/strong> al canal de noticias de <strong>La Derecha Diario en WhatsApp.<\/strong><\/a><\/aside>\n<figure><img decoding=\"async\" src=\"https:\/\/derechadiario.com.ar\/filesedc\/uploads\/image\/post\/678bb4f4f00a8_1200_800.webp\" class=\"img-responsive lazyload\" alt=\"Dos personas posando para una selfie en un interior.\" title=\"Dos personas posando para una selfie en un interior.\"><\/figure>\n<p>En la red social X, Caputo comparti\u00f3 un an\u00e1lisis del economista pyme <strong>Gustavo L\u00e1zzari<\/strong>, quien respald\u00f3 la direcci\u00f3n estrat\u00e9gica de la medida:\u00a0<strong>\u201cMoviliza fondos inutilizados, mejora las garant\u00edas crediticias para futuros cr\u00e9ditos privados, formaliza la econom\u00eda y mejora la amigabilidad entre el contribuyente y el Estado\u201d<\/strong>, resumi\u00f3.<\/p>\n<p>En paralelo, el ministro de Justicia, <strong>Mariano C\u00faneo Libarona<\/strong>, se encarg\u00f3 de garantizar la legitimidad jur\u00eddica del nuevo r\u00e9gimen en el marco del <strong>Summit de AmCham: \u201cSe est\u00e1 estudiando el mecanismo para que sea leg\u00edtimo y para que no controvierta las leyes GAFI, de la OCDE, etc\u00e9tera. Estamos insert\u00e1ndonos en el mundo. No es un sistema improvisado. Va a ser un sistema limitado y conforme a la ley. Nunca vamos a ver un dolo de dictar algo contra la ley.\u201d,<\/strong> sentenci\u00f3.<\/p>\n","protected":false},"excerpt":{"rendered":"<p>En un nuevo paso hacia la modernizaci\u00f3n financiera y el sinceramiento econ\u00f3mico, el Gobierno nacional anunciar\u00e1 este jueves un conjunto de medidas para flexibilizar el uso de d\u00f3lares en la econom\u00eda informal, especialmente aquellos fuera del circuito bancario. As\u00ed lo confirm\u00f3 el vocero presidencial Manuel Adorni, quien, en su habitual conferencia de prensa, adelant\u00f3 que [&hellip;]<\/p>\n","protected":false},"author":2,"featured_media":5323,"comment_status":"open","ping_status":"open","sticky":false,"template":"","format":"standard","meta":{"_et_pb_use_builder":"","_et_pb_old_content":"","_et_gb_content_width":"","footnotes":""},"categories":[80],"tags":[],"class_list":["post-5322","post","type-post","status-publish","format-standard","has-post-thumbnail","hentry","category-economia-2"],"_links":{"self":[{"href":"https:\/\/verdadincomodadiario.ar\/index.php?rest_route=\/wp\/v2\/posts\/5322","targetHints":{"allow":["GET"]}}],"collection":[{"href":"https:\/\/verdadincomodadiario.ar\/index.php?rest_route=\/wp\/v2\/posts"}],"about":[{"href":"https:\/\/verdadincomodadiario.ar\/index.php?rest_route=\/wp\/v2\/types\/post"}],"author":[{"embeddable":true,"href":"https:\/\/verdadincomodadiario.ar\/index.php?rest_route=\/wp\/v2\/users\/2"}],"replies":[{"embeddable":true,"href":"https:\/\/verdadincomodadiario.ar\/index.php?rest_route=%2Fwp%2Fv2%2Fcomments&post=5322"}],"version-history":[{"count":0,"href":"https:\/\/verdadincomodadiario.ar\/index.php?rest_route=\/wp\/v2\/posts\/5322\/revisions"}],"wp:featuredmedia":[{"embeddable":true,"href":"https:\/\/verdadincomodadiario.ar\/index.php?rest_route=\/wp\/v2\/media\/5323"}],"wp:attachment":[{"href":"https:\/\/verdadincomodadiario.ar\/index.php?rest_route=%2Fwp%2Fv2%2Fmedia&parent=5322"}],"wp:term":[{"taxonomy":"category","embeddable":true,"href":"https:\/\/verdadincomodadiario.ar\/index.php?rest_route=%2Fwp%2Fv2%2Fcategories&post=5322"},{"taxonomy":"post_tag","embeddable":true,"href":"https:\/\/verdadincomodadiario.ar\/index.php?rest_route=%2Fwp%2Fv2%2Ftags&post=5322"}],"curies":[{"name":"wp","href":"https:\/\/api.w.org\/{rel}","templated":true}]}}