{"id":5320,"date":"2025-05-22T01:26:34","date_gmt":"2025-05-22T01:26:34","guid":{"rendered":"https:\/\/verdadincomodadiario.ar\/?p=5320"},"modified":"2025-05-22T01:26:34","modified_gmt":"2025-05-22T01:26:34","slug":"la-compraventa-de-autos-y-viviendas-se-disparo-gracias-al-reordenamiento-economico","status":"publish","type":"post","link":"https:\/\/verdadincomodadiario.ar\/?p=5320","title":{"rendered":"La compraventa de autos y viviendas se dispar\u00f3 gracias al reordenamiento econ\u00f3mico"},"content":{"rendered":"<p>La <a href=\"https:\/\/derechadiario.com.ar\/economia\/caputo-explico-nuevo-regimen-para-dolares-informales-y-defendio-rumbo-economico\" title=\"Caputo explic\u00f3 el nuevo r\u00e9gimen para d\u00f3lares informales y defendi\u00f3 el rumbo econ\u00f3mico\">Argentina<\/a>, a diferencia de ciclos anteriores marcados por euforias artificiales, esta vez los resultados comienzan a sentirse no solo en los <strong>indicadores macroecon\u00f3micos<\/strong>, sino tambi\u00e9n en la calle: <strong>se reactivan el cr\u00e9dito, la compraventa de autos y propiedades.<\/strong>\u00a0 Lejos de ser un espejismo, es el resultado directo de la bater\u00eda de reformas estructurales impulsadas por el gobierno de <a href=\"https:\/\/derechadiario.com.ar\/politica\/javier-milei-amplio-por-decreto-las-actividades-consideradas-esenciales\" title=\"Javier Milei ampli\u00f3 por decreto las actividades consideradas esenciales\">Javier Milei. <\/a><\/p>\n<p>El ajuste fiscal, la <strong>desregulaci\u00f3n financiera, la eliminaci\u00f3n del cepo cambiario<\/strong> y la decisi\u00f3n firme de <strong>terminar con la<\/strong> <strong>emisi\u00f3n monetaria descontrolada<\/strong> han permitido recuperar la estabilidad y sentar las bases de una econom\u00eda funcional.<\/p>\n<p>Los n\u00fameros <strong>macroecon\u00f3micos<\/strong>\u00a0 son elocuentes: la \u00a0<strong>inflaci\u00f3n mensual<\/strong>, que en diciembre de 2023 alcanzaba un <strong>alarmante 23%<\/strong>, descendi\u00f3 dr\u00e1sticamente hasta ubicarse en el \u00a0<strong>2,8% en abril de 2025<\/strong>, seg\u00fan datos oficiales. Esta desaceleraci\u00f3n fue clave para <strong>frenar la ca\u00edda del salario real<\/strong> y permitir su recuperaci\u00f3n progresiva. <strong>Por primera vez en a\u00f1os, los ingresos de los argentinos vuelven a ganarle a los precios.<\/strong><\/p>\n<div class=\"inter_image image_horizontal\">\n<picture><source class=\"img-responsive\" type=\"image\/webp\" data-srcset=\"\/filesedc\/uploads\/image\/post\/creditos-1791669_300_200.webp 300w, \n\/filesedc\/uploads\/image\/post\/creditos-1791669_630_420.webp 630w,\n                                \/filesedc\/uploads\/image\/post\/creditos-1791669_760_507.webp 760w,\n                                \/filesedc\/uploads\/image\/post\/creditos-1791669_1200_800.webp 1200w,\n                                \/filesedc\/uploads\/image\/post\/creditos-1791669_1600_1067.webp 1600w\"><img decoding=\"async\" src=\"https:\/\/derechadiario.com.ar\/filesedc\/uploads\/image\/post\/creditos-1791669_1200_800.webp\" class=\"img-responsive lazyload\" alt=\"Una mano sosteniendo un llavero con varias llaves frente a una casa desenfocada.\" title=\"Una mano sosteniendo un llavero con varias llaves frente a una casa desenfocada.\"><\/picture>\n<div>\n<span class=\"img_footer\">Se realizaron 62.808 operaciones de compraventa de viviendas. <\/span>| <span class=\"img_author\">La Derecha Diario<\/span>\n<\/div>\n<\/div>\n<p>Otro dato que marca un punto de inflexi\u00f3n es el <strong>riesgo pa\u00eds<\/strong>, que <strong>se redujo con contundencia a 648 puntos b\u00e1sicos este martes<\/strong>, despu\u00e9s de haber superado los \u00a0<strong>2.000 puntos<\/strong>\u00a0 en los momentos m\u00e1s cr\u00edticos de los \u00faltimos\u00a0a\u00f1os. Esta mejora ha devuelto <strong>credibilidad a los mercados y ha incentivado la inversi\u00f3n.<\/strong><\/p>\n<aside class=\"are-you-interested-container-photo\"><\/aside>\n<p>El <strong>mercado laboral<\/strong> tambi\u00e9n acompa\u00f1a el nuevo panorama: la <strong>ocupaci\u00f3n<\/strong>\u00a0 ha alcanzado su <strong>m\u00e1ximo hist\u00f3rico<\/strong> desde que existen registros. Las empresas est\u00e1n volviendo a contratar, y la econom\u00eda \u2014lejos de un mero rebote t\u00e9cnico\u2014 <strong>crece por encima del 5% anual<\/strong>, consolidando un proceso de reactivaci\u00f3n sostenida.<\/p>\n<p>Uno de los motores centrales de esta recuperaci\u00f3n ha sido el <strong>ordenamiento fiscal<\/strong>. Gracias al hist\u00f3rico <strong>super\u00e1vit presupuestario<\/strong> alcanzado bajo la administraci\u00f3n Milei, se logr\u00f3 cortar con el perverso circuito de <strong>emisi\u00f3n para financiar d\u00e9ficit<\/strong>. El <strong>Banco Central<\/strong>, junto al <strong>Tesoro<\/strong>, desactiv\u00f3 las <strong>Leliqs<\/strong>\u00a0 \u2014instrumentos de deuda a cort\u00edsimo plazo que capturaban la liquidez bancaria\u2014, lo que permiti\u00f3 <strong>reducir dr\u00e1sticamente las tasas de inter\u00e9s<\/strong> y <strong>reactivar el cr\u00e9dito productivo<\/strong>. El sistema financiero comienza a recuperar su funci\u00f3n esencial: <strong>intermediar ahorro hacia inversi\u00f3n<\/strong>.<\/p>\n<h2>Viviendas y autos<\/h2>\n<p>Uno de los sectores m\u00e1s din\u00e1micos de este nuevo ciclo es el inmobiliario. <strong>En marzo de 2025 se concretaron 62.808 operaciones de compraventa de viviendas<\/strong>, un <strong>40,6% m\u00e1s<\/strong> que en el mismo mes del a\u00f1o anterior, marcando <strong>el mejor marzo desde 2007<\/strong>, seg\u00fan el <strong>Instituto Nacional de Estad\u00edstica<\/strong>. En el primer trimestre del a\u00f1o, las operaciones <strong>crecieron un 20,7%<\/strong>, con un impulso particularmente fuerte en viviendas nuevas, cuyas ventas treparon un \u00a0<strong>64,2%<\/strong>, mientras que las usadas \u2014el segmento m\u00e1s grande del mercado\u2014 <strong>crecieron un 34,8%.<\/strong><\/p>\n<p>Pero el fen\u00f3meno no termina all\u00ed. El sector automotor tambi\u00e9n exhibe cifras hist\u00f3ricas: <strong>en abril de 2025 se vendieron 158.960 veh\u00edculos usados<\/strong>, un <strong>16,7% m\u00e1s<\/strong> que en abril de 2024 y un <strong>11,6% m\u00e1s<\/strong> que en marzo, seg\u00fan la <strong>C\u00e1mara del Comercio Automotor<\/strong> (CCA). El acumulado del primer cuatrimestre muestra <strong>620.383 autos<\/strong>\u00a0 usados vendidos, un <strong>salto interanual del 33,5%.<\/strong> <strong>Alejandro Lamas<\/strong>, secretario de la CCA, fue contundente: <strong>\u201cTerminamos de atravesar el mejor abril desde que se tienen registros mensuales de venta de autos usados a nivel nacional (1995)\u201d.<\/strong><\/p>\n<figure><img decoding=\"async\" src=\"https:\/\/derechadiario.com.ar\/filesedc\/uploads\/image\/post\/istockphoto-486827324-612x612_1200_800.webp\" class=\"img-responsive lazyload\" alt=\"Dos personas intercambiando las llaves de un coche junto a una puerta abierta.\" title=\"Dos personas intercambiando las llaves de un coche junto a una puerta abierta.\"><\/figure>\n<p><strong>Lamas<\/strong>\u00a0 tambi\u00e9n destac\u00f3 el rol clave que jug\u00f3 la <strong>eliminaci\u00f3n del cepo cambiario<\/strong>, una de las reformas insignia del actual gobierno: <strong>\u201cLlev\u00f3 a una situaci\u00f3n de mayor normalidad y transparencia\u201d<\/strong>. Adem\u00e1s, subray\u00f3 la potencia del interior productivo, donde las ventas crecieron incluso por encima del promedio nacional, lo que demuestra que la recuperaci\u00f3n es genuina y federal.<\/p>\n<aside class=\"whatsappChannelText\"><a href=\"https:\/\/whatsapp.com\/channel\/0029VagEjILGE56eKjedWF2U\" rel=\"nofollow\" title=\"WhatsApp Link\"><img alt=\"Logo de WhatsApp\" class=\"lazyload\" data-src=\"https:\/\/derechadiario.com.ar\/filesedc\/uploads\/other\/whatsapp_icon_mid_article.png\" width=\"32\" height=\"32\"><\/a> <a href=\"https:\/\/whatsapp.com\/channel\/0029VagEjILGE56eKjedWF2U\" rel=\"nofollow\" title=\"WhatsApp Link\"><strong>NO SE PIERDAN NINGUNA NOTICIA<\/strong>: Click aqu\u00ed para sumarte <strong>GRATIS<\/strong> al canal de noticias de <strong>La Derecha Diario en WhatsApp.<\/strong><\/a><\/aside>\n<p>El \u00edndice de <strong>expectativas econ\u00f3micas y de consumo ha alcanzado su mayor nivel desde 2017<\/strong>. Las encuestas registran un aumento del optimismo: cada vez m\u00e1s <strong>argentinos<\/strong>\u00a0 creen que su situaci\u00f3n financiera mejorar\u00e1 en los pr\u00f3ximos meses. Esta mejora en la confianza genera un c\u00edrculo virtuoso que, de sostenerse, puede <strong>transformar la econom\u00eda de forma estructural.<\/strong><\/p>\n","protected":false},"excerpt":{"rendered":"<p>La Argentina, a diferencia de ciclos anteriores marcados por euforias artificiales, esta vez los resultados comienzan a sentirse no solo en los indicadores macroecon\u00f3micos, sino tambi\u00e9n en la calle: se reactivan el cr\u00e9dito, la compraventa de autos y propiedades.\u00a0 Lejos de ser un espejismo, es el resultado directo de la bater\u00eda de reformas estructurales impulsadas [&hellip;]<\/p>\n","protected":false},"author":2,"featured_media":5321,"comment_status":"open","ping_status":"open","sticky":false,"template":"","format":"standard","meta":{"_et_pb_use_builder":"","_et_pb_old_content":"","_et_gb_content_width":"","footnotes":""},"categories":[80],"tags":[],"class_list":["post-5320","post","type-post","status-publish","format-standard","has-post-thumbnail","hentry","category-economia-2"],"_links":{"self":[{"href":"https:\/\/verdadincomodadiario.ar\/index.php?rest_route=\/wp\/v2\/posts\/5320","targetHints":{"allow":["GET"]}}],"collection":[{"href":"https:\/\/verdadincomodadiario.ar\/index.php?rest_route=\/wp\/v2\/posts"}],"about":[{"href":"https:\/\/verdadincomodadiario.ar\/index.php?rest_route=\/wp\/v2\/types\/post"}],"author":[{"embeddable":true,"href":"https:\/\/verdadincomodadiario.ar\/index.php?rest_route=\/wp\/v2\/users\/2"}],"replies":[{"embeddable":true,"href":"https:\/\/verdadincomodadiario.ar\/index.php?rest_route=%2Fwp%2Fv2%2Fcomments&post=5320"}],"version-history":[{"count":0,"href":"https:\/\/verdadincomodadiario.ar\/index.php?rest_route=\/wp\/v2\/posts\/5320\/revisions"}],"wp:featuredmedia":[{"embeddable":true,"href":"https:\/\/verdadincomodadiario.ar\/index.php?rest_route=\/wp\/v2\/media\/5321"}],"wp:attachment":[{"href":"https:\/\/verdadincomodadiario.ar\/index.php?rest_route=%2Fwp%2Fv2%2Fmedia&parent=5320"}],"wp:term":[{"taxonomy":"category","embeddable":true,"href":"https:\/\/verdadincomodadiario.ar\/index.php?rest_route=%2Fwp%2Fv2%2Fcategories&post=5320"},{"taxonomy":"post_tag","embeddable":true,"href":"https:\/\/verdadincomodadiario.ar\/index.php?rest_route=%2Fwp%2Fv2%2Ftags&post=5320"}],"curies":[{"name":"wp","href":"https:\/\/api.w.org\/{rel}","templated":true}]}}