{"id":5316,"date":"2025-05-22T00:24:10","date_gmt":"2025-05-22T00:24:10","guid":{"rendered":"https:\/\/verdadincomodadiario.ar\/?p=5316"},"modified":"2025-05-22T00:24:10","modified_gmt":"2025-05-22T00:24:10","slug":"marcos-galperin-se-retirara-de-su-cargo-como-ceo-de-mercado-libre","status":"publish","type":"post","link":"https:\/\/verdadincomodadiario.ar\/?p=5316","title":{"rendered":"Marcos Galperin se retirar\u00e1 de su cargo como CEO de Mercado Libre"},"content":{"rendered":"<p>En un movimiento que sacudi\u00f3 al ecosistema <a href=\"https:\/\/derechadiario.com.ar\/economia\/caputo-explico-nuevo-regimen-para-dolares-informales-y-defendio-rumbo-economico\" title=\"Caputo explic\u00f3 el nuevo r\u00e9gimen para d\u00f3lares informales y defendi\u00f3 el rumbo econ\u00f3mico\">econ\u00f3mico argentino<\/a>, <strong>Marcos Galperin<\/strong>, <strong>fundador<\/strong>\u00a0 y <strong>actual CEO<\/strong> de <strong>Mercado Libre,<\/strong> anunci\u00f3 que <strong>dejar\u00e1 su cargo operativo al frente de la compa\u00f1\u00eda que cre\u00f3 hace 26 a\u00f1os.<\/strong>\u00a0 La noticia, largamente anticipada en los pasillos de la firma y en los mercados, se <strong>confirm\u00f3<\/strong>\u00a0 en una carta publicada por el propio Galperin en la red social <strong>X<\/strong>: <strong>\u201cDespu\u00e9s de 26 a\u00f1os liderando la compa\u00f1\u00eda como CEO, he tomado la decisi\u00f3n de transicionar a un nuevo rol como Executive Chairman, a partir del 1 de enero de 2026\u201d.<\/strong><\/p>\n<p>El empresario, de 53 a\u00f1os y con una <strong>fortuna personal<\/strong> superior a los <strong>10.000 millones de d\u00f3lares<\/strong> seg\u00fan <strong>Forbes<\/strong>, <strong>seguir\u00e1 vinculado<\/strong> estrechamente a la compa\u00f1\u00eda como <strong>presidente<\/strong>\u00a0 del directorio. Su salida operativa <strong>no implica un retiro total<\/strong>, sino una transformaci\u00f3n del liderazgo: \u00a0<strong>\u201cMi enfoque estar\u00e1 puesto en la estrategia, la evoluci\u00f3n del producto, la cultura, decisiones de asignaci\u00f3n de capital, algunos proyectos puntuales y en c\u00f3mo continuaremos aplicando la inteligencia artificial para transformar nuestro negocio y nuestra empresa\u201d<\/strong>, explic\u00f3.<\/p>\n<div class=\"inter_image image_horizontal\">\n<picture><source class=\"img-responsive\" type=\"image\/webp\" data-srcset=\"\/filesedc\/uploads\/image\/post\/fskb3yfa--870x580--1_300_200.webp 300w, \n\/filesedc\/uploads\/image\/post\/fskb3yfa--870x580--1_630_420.webp 630w,\n                                \/filesedc\/uploads\/image\/post\/fskb3yfa--870x580--1_760_507.webp 760w,\n                                \/filesedc\/uploads\/image\/post\/fskb3yfa--870x580--1_1200_800.webp 1200w,\n                                \/filesedc\/uploads\/image\/post\/fskb3yfa--870x580--1_1600_1067.webp 1600w\"><img decoding=\"async\" src=\"https:\/\/derechadiario.com.ar\/filesedc\/uploads\/image\/post\/fskb3yfa--870x580--1_1200_800.webp\" class=\"img-responsive lazyload\" alt=\"Hombre sonriendo apoyado en una caja en un entorno industrial.\" title=\"Hombre sonriendo apoyado en una caja en un entorno industrial.\"><\/picture>\n<div>\n<span class=\"img_footer\">Ariel Szarfsztejn. <\/span>| <span class=\"img_author\">La Derecha Diario<\/span>\n<\/div>\n<\/div>\n<p>La decisi\u00f3n, dijo, fue madurada durante d\u00e9cadas. \u00a0<strong>\u201cCuando cumpl\u00ed 30, pens\u00e9 que tomar\u00eda este paso a los 40. Cuando llegu\u00e9 a los 40, pens\u00e9 que ser\u00eda a los 45. \u00a1Cuando cumpl\u00ed 50, pens\u00e9 que era mejor no hacer m\u00e1s pron\u00f3sticos! Pero hace un par de a\u00f1os comprend\u00ed que era el momento de decidir\u201d<\/strong>, expres\u00f3, a\u00f1adiendo que, como siempre, prioriz\u00f3 <strong>\u201clo que es mejor para la compa\u00f1\u00eda, m\u00e1s all\u00e1 de mis sentimientos personales\u201d.<\/strong><\/p>\n<p>La transici\u00f3n ocurre en un momento clave para la <strong>Argentina<\/strong>, donde las se\u00f1ales de estabilidad macroecon\u00f3mica y apertura al capital privado bajo la gesti\u00f3n del presidente <strong>Javier Milei<\/strong> han comenzado a generar un renovado optimismo en el sector empresarial. No es menor que, en una visita oficial del mandatario a la sede de <strong>Mercado Libre<\/strong> el a\u00f1o pasado, <strong>Galperin<\/strong>\u00a0 y su ahora sucesor, <strong>Ariel Szarfsztejn<\/strong>, lo flanquearan en una fotograf\u00eda simb\u00f3lica que hoy cobra nuevo valor.<\/p>\n<aside class=\"are-you-interested-container-photo\"><\/aside>\n<p><strong>Szarfsztejn<\/strong>, que asumir\u00e1 oficialmente el cargo de <strong>CEO<\/strong>\u00a0 en <strong>enero de 2026<\/strong>, era hasta ahora <strong>Presidente de E-Commerce en \u201cMeli\u201d<\/strong>\u00a0 (como se conoce a la empresa en Wall Street desde su IPO en 2007). De perfil t\u00e9cnico y con una <strong>formaci\u00f3n acad\u00e9mica impecable<\/strong> \u2013economista cum laude por la <strong>UBA<\/strong>, posgrado en <strong>Stanford<\/strong>, secundario en <strong>ORT<\/strong>\u2013, inici\u00f3 su carrera en <strong>Citibank<\/strong>\u00a0 y pas\u00f3 por firmas como <strong>Boston Consulting Group, Goldman Sachs y Despegar<\/strong> antes de aterrizar en <strong>Mercado Libre<\/strong> en 2017.<\/p>\n<p>En la empresa lider\u00f3 \u00e1reas clave como <strong>Estrategia, Mercado Env\u00edos y Commerce<\/strong>, consolid\u00e1ndose como uno de los ejecutivos m\u00e1s influyentes del grupo. \u00a0<strong>\u201cEstoy absolutamente convencido de que Ariel Szarfsztejn es la persona indicada para liderar esta nueva etapa como CEO de MELI\u201d<\/strong>, afirm\u00f3 Galperin, destacando no solo sus credenciales, sino tambi\u00e9n su liderazgo, \u00a0<strong>\u201cla confianza del equipo y, fundamentalmente, la cultura necesaria para guiar a MELI por muchos a\u00f1os m\u00e1s\u201d.<\/strong><\/p>\n<aside class=\"whatsappChannelText\"><a href=\"https:\/\/whatsapp.com\/channel\/0029VagEjILGE56eKjedWF2U\" rel=\"nofollow\" title=\"WhatsApp Link\"><img alt=\"Logo de WhatsApp\" class=\"lazyload\" data-src=\"https:\/\/derechadiario.com.ar\/filesedc\/uploads\/other\/whatsapp_icon_mid_article.png\" width=\"32\" height=\"32\"><\/a> <a href=\"https:\/\/whatsapp.com\/channel\/0029VagEjILGE56eKjedWF2U\" rel=\"nofollow\" title=\"WhatsApp Link\"><strong>NO SE PIERDAN NINGUNA NOTICIA<\/strong>: Click aqu\u00ed para sumarte <strong>GRATIS<\/strong> al canal de noticias de <strong>La Derecha Diario en WhatsApp.<\/strong><\/a><\/aside>\n<figure><img decoding=\"async\" src=\"https:\/\/derechadiario.com.ar\/filesedc\/uploads\/image\/post\/vgxd6qq3frhjjapnoprbnjstre_1200_800.webp\" class=\"img-responsive lazyload\" alt=\"Un grupo de personas vestidas formalmente posan en una oficina moderna con suelos de madera y un fondo de paredes de cristal.\" title=\"Un grupo de personas vestidas formalmente posan en una oficina moderna con suelos de madera y un fondo de paredes de cristal.\"><\/figure>\n<p>El proceso de sucesi\u00f3n gener\u00f3 durante a\u00f1os <strong>especulaciones<\/strong>\u00a0 sobre candidatos \u201cnaturales\u201d, muchos de ellos amigos personales de Galperin y <strong>ejecutivos hist\u00f3ricos<\/strong> de la firma. Sin embargo, la decisi\u00f3n recay\u00f3 en un <strong>perfil m\u00e1s joven<\/strong> \u2013se llevan diez a\u00f1os\u2013 y con fuerte <strong>proyecci\u00f3n internacional<\/strong>. Galperin lo expres\u00f3 con claridad: <strong>\u201cEste es un cambio generacional, y s\u00e9 que Ari, junto al talentoso equipo que me ha acompa\u00f1ado, tiene todo para asegurar que MELI siga creciendo fuertemente en las pr\u00f3ximas d\u00e9cadas\u201d.<\/strong><\/p>\n<p>En las im\u00e1genes de aquella visita presidencial tambi\u00e9n aparecen otros pilares del emporio digital: <strong>Osvaldo Gim\u00e9nez<\/strong>, presidente de la unidad <strong>Fintech<\/strong>\u00a0 \u2013hoy m\u00e1s relevante que el propio e-commerce en ingresos\u2013; <strong>Jacobo Cohen Imach<\/strong>, responsable legal y de relaciones gubernamentales; y <strong>Juan Mart\u00edn de la Serna<\/strong>, presidente de Mercado Libre Argentina.<\/p>\n","protected":false},"excerpt":{"rendered":"<p>En un movimiento que sacudi\u00f3 al ecosistema econ\u00f3mico argentino, Marcos Galperin, fundador\u00a0 y actual CEO de Mercado Libre, anunci\u00f3 que dejar\u00e1 su cargo operativo al frente de la compa\u00f1\u00eda que cre\u00f3 hace 26 a\u00f1os.\u00a0 La noticia, largamente anticipada en los pasillos de la firma y en los mercados, se confirm\u00f3\u00a0 en una carta publicada por [&hellip;]<\/p>\n","protected":false},"author":2,"featured_media":5317,"comment_status":"open","ping_status":"open","sticky":false,"template":"","format":"standard","meta":{"_et_pb_use_builder":"","_et_pb_old_content":"","_et_gb_content_width":"","footnotes":""},"categories":[80],"tags":[],"class_list":["post-5316","post","type-post","status-publish","format-standard","has-post-thumbnail","hentry","category-economia-2"],"_links":{"self":[{"href":"https:\/\/verdadincomodadiario.ar\/index.php?rest_route=\/wp\/v2\/posts\/5316","targetHints":{"allow":["GET"]}}],"collection":[{"href":"https:\/\/verdadincomodadiario.ar\/index.php?rest_route=\/wp\/v2\/posts"}],"about":[{"href":"https:\/\/verdadincomodadiario.ar\/index.php?rest_route=\/wp\/v2\/types\/post"}],"author":[{"embeddable":true,"href":"https:\/\/verdadincomodadiario.ar\/index.php?rest_route=\/wp\/v2\/users\/2"}],"replies":[{"embeddable":true,"href":"https:\/\/verdadincomodadiario.ar\/index.php?rest_route=%2Fwp%2Fv2%2Fcomments&post=5316"}],"version-history":[{"count":0,"href":"https:\/\/verdadincomodadiario.ar\/index.php?rest_route=\/wp\/v2\/posts\/5316\/revisions"}],"wp:featuredmedia":[{"embeddable":true,"href":"https:\/\/verdadincomodadiario.ar\/index.php?rest_route=\/wp\/v2\/media\/5317"}],"wp:attachment":[{"href":"https:\/\/verdadincomodadiario.ar\/index.php?rest_route=%2Fwp%2Fv2%2Fmedia&parent=5316"}],"wp:term":[{"taxonomy":"category","embeddable":true,"href":"https:\/\/verdadincomodadiario.ar\/index.php?rest_route=%2Fwp%2Fv2%2Fcategories&post=5316"},{"taxonomy":"post_tag","embeddable":true,"href":"https:\/\/verdadincomodadiario.ar\/index.php?rest_route=%2Fwp%2Fv2%2Ftags&post=5316"}],"curies":[{"name":"wp","href":"https:\/\/api.w.org\/{rel}","templated":true}]}}