{"id":5222,"date":"2025-05-21T14:26:35","date_gmt":"2025-05-21T14:26:35","guid":{"rendered":"https:\/\/verdadincomodadiario.ar\/?p=5222"},"modified":"2025-05-21T14:26:35","modified_gmt":"2025-05-21T14:26:35","slug":"milei-presenta-a-la-argentina-como-un-caso-de-negocios-en-el-amcham-summit-2025","status":"publish","type":"post","link":"https:\/\/verdadincomodadiario.ar\/?p=5222","title":{"rendered":"Milei presenta a la Argentina como un caso de negocios en el AmCham Summit 2025"},"content":{"rendered":"<p>En el marco del AmCham Summit 2025, el presidente Javier Milei brind\u00f3 un extenso y t\u00e9cnico discurso en el que present\u00f3 a la Argentina como un excelente caso de negocios\u00a0para los inversores. Apoy\u00e1ndose en un s\u00f3lido marco te\u00f3rico de econom\u00eda del crecimiento, \u00a0<strong><a href=\"https:\/\/derechadiario.com.ar\/economia\/gobierno-milei-reducira-los-aranceles-27-bienes-capital\" title=\"El Gobierno de Milei reducir\u00e1 los aranceles a 27 bienes de capital\">Milei articul\u00f3 una narrativa que enlaza el progreso econ\u00f3mico con la acumulaci\u00f3n de capital humano, la desregulaci\u00f3n, el respeto por los derechos de propiedad y el ahorro como base para la inversi\u00f3n sostenible<\/a>.<\/strong><\/p>\n<p>El tono del discurso fue acad\u00e9mico, recorriendo hitos fundamentales en la evoluci\u00f3n del pensamiento econ\u00f3mico. Desde las primeras formulaciones de Adam Smith sobre la riqueza de las naciones, pasando por los aportes de Robert Solow, Gary Becker, Hirofumi Uzawa, Paul Romer y Robert Lucas Jr., el mandatario traz\u00f3 una genealog\u00eda del crecimiento econ\u00f3mico cuyo punto de llegada es la Argentina actual bajo su gesti\u00f3n.<\/p>\n<div class=\"inter_image image_horizontal\">\n<picture><source class=\"img-responsive\" type=\"image\/webp\" data-srcset=\"\/filesedc\/uploads\/image\/post\/captura-de-pantalla-2025-05-21-094616_300_200.webp 300w, \n\/filesedc\/uploads\/image\/post\/captura-de-pantalla-2025-05-21-094616_630_420.webp 630w,\n                                \/filesedc\/uploads\/image\/post\/captura-de-pantalla-2025-05-21-094616_760_507.webp 760w,\n                                \/filesedc\/uploads\/image\/post\/captura-de-pantalla-2025-05-21-094616_1200_800.webp 1200w,\n                                \/filesedc\/uploads\/image\/post\/captura-de-pantalla-2025-05-21-094616_1600_1067.webp 1600w\"><img decoding=\"async\" src=\"https:\/\/derechadiario.com.ar\/filesedc\/uploads\/image\/post\/captura-de-pantalla-2025-05-21-094616_1200_800.webp\" class=\"img-responsive lazyload\" alt=\"Un hombre de cabello oscuro y traje oscuro habla desde un podio con fondo azul.\" title=\"Un hombre de cabello oscuro y traje oscuro habla desde un podio con fondo azul.\"><\/picture>\n<div>\n<span class=\"img_footer\">Javier Milei en AmCham Summit 2025 <\/span>| <span class=\"img_author\">La Derecha Diario<\/span>\n<\/div>\n<\/div>\n<p><strong>Uno de los ejes m\u00e1s destacados fue el planteo de Milei sobre la relaci\u00f3n entre capital humano y crecimiento. Al respecto, defendi\u00f3 la creaci\u00f3n del Ministerio de Capital Humano como una innovaci\u00f3n institucional que anticipaba los desaf\u00edos del desarrollo.<\/strong> En sus palabras, el capital humano se divide en dos dimensiones: la primera generaci\u00f3n, vinculada a la alimentaci\u00f3n y la salud; y la segunda, centrada en la educaci\u00f3n y la inserci\u00f3n laboral. Esta estructura, explic\u00f3, permite abordar integralmente los determinantes estructurales del crecimiento econ\u00f3mico, promoviendo una mejora sostenida en la productividad del trabajo.<br \/>\u00a0<\/p>\n<h2>Reformas estructurales y desregulaci\u00f3n: el motor de los rendimientos crecientes<\/h2>\n<p>Otro de los puntos centrales del discurso fue la defensa del proceso de desregulaci\u00f3n. <strong>Milei identific\u00f3 a la regulaci\u00f3n excesiva como un obst\u00e1culo directo al crecimiento, se\u00f1alando que interfiere negativamente en la expansi\u00f3n de la productividad a trav\u00e9s de la divisi\u00f3n del trabajo<\/strong>, una noci\u00f3n desarrollada originalmente por Adam Smith. En ese sentido, consider\u00f3 que el Ministerio de Desregulaci\u00f3n y Transformaci\u00f3n del Estado, liderado por Federico Sturzenegger, cumple un rol central en esta etapa de reformas.<\/p>\n<p>Con \u00e9nfasis cuantitativo, <strong>el presidente compar\u00f3 el volumen reformista de su gobierno con el de los a\u00f1os noventa, afirmando que en 500 d\u00edas se han implementado m\u00e1s de 2.000 reformas, cifra que multiplica por veinte los cambios llevados a cabo durante toda la gesti\u00f3n de Carlos Menem<\/strong>. \u201cEstamos desarmando estructuras regulatorias que ahogaban el crecimiento y promoviendo condiciones para la expansi\u00f3n sostenida del capital\u201d, afirm\u00f3.<\/p>\n<aside class=\"are-you-interested-container-photo\"><\/aside>\n<figure><img decoding=\"async\" src=\"https:\/\/derechadiario.com.ar\/filesedc\/uploads\/image\/post\/amcham01_1200_800.webp\" class=\"img-responsive lazyload\" alt=\"Una persona hablando en un escenario frente a una audiencia con una pantalla azul de fondo.\" title=\"Una persona hablando en un escenario frente a una audiencia con una pantalla azul de fondo.\"><\/figure>\n<p>En l\u00ednea con su cr\u00edtica a la ortodoxia neocl\u00e1sica, Milei cuestion\u00f3 la rigidez de modelos econ\u00f3micos que priorizan la consistencia matem\u00e1tica por encima de la evidencia emp\u00edrica. Para \u00e9l, los \u201cfallos de mercado\u201d son muchas veces fallos del modelo, no de la realidad. Esta cr\u00edtica fue utilizada como argumento para justificar una pol\u00edtica econ\u00f3mica orientada a resultados observables m\u00e1s que a coherencias te\u00f3ricas abstractas.<\/p>\n<h2>Inversi\u00f3n, ahorro y defensa de la propiedad: los pilares de una econom\u00eda abierta<\/h2>\n<p>Milei remarc\u00f3 que el crecimiento econ\u00f3mico no se genera por el consumo, sino por la inversi\u00f3n, la cual depende del ahorro previo. Esto implica, seg\u00fan su visi\u00f3n, la necesidad de garantizar condiciones institucionales robustas que protejan la propiedad privada, ya que solo as\u00ed se puede incentivar el ahorro y, en consecuencia, el financiamiento de nuevas inversiones. <strong>En esa l\u00ednea, present\u00f3 al R\u00e9gimen de Incentivo a las Grandes Inversiones (RIGI) como una herramienta concreta para brindar seguridad jur\u00eddica a inversores extranjeros y locales.<\/strong><\/p>\n<p><a href=\"https:\/\/derechadiario.com.ar\/economia\/javier-milei-aprobo-proyecto-minero-del-rigi-por-mas-usd-2500-millones\" title=\"Javier Milei aprob\u00f3 el primer proyecto minero del RIGI por m\u00e1s de USD 2.500 millones\"><strong>Uno de los anuncios m\u00e1s relevantes de la jornada fue la confirmaci\u00f3n del ingreso de una empresa minera al RIGI por un monto de 2.000 millones de d\u00f3lares<\/strong><\/a>, validando\u00a0la efectividad del esquema. Destac\u00f3 que el RIGI permite cuantificar el impacto de eventuales subas de impuestos o nuevas regulaciones, facilitando el arbitraje internacional ante cualquier afectaci\u00f3n de la ecuaci\u00f3n econ\u00f3mica-financiera del proyecto. Adem\u00e1s, se habilita la selecci\u00f3n y reemplazo de \u00e1rbitros internacionales, y se ha creado un tribunal local espec\u00edfico para tratar estos litigios.<\/p>\n<aside class=\"whatsappChannelText\"><a href=\"https:\/\/whatsapp.com\/channel\/0029VagEjILGE56eKjedWF2U\" rel=\"nofollow\" title=\"WhatsApp Link\"><img alt=\"Logo de WhatsApp\" class=\"lazyload\" data-src=\"https:\/\/derechadiario.com.ar\/filesedc\/uploads\/other\/whatsapp_icon_mid_article.png\" width=\"32\" height=\"32\"><\/a> <a href=\"https:\/\/whatsapp.com\/channel\/0029VagEjILGE56eKjedWF2U\" rel=\"nofollow\" title=\"WhatsApp Link\"><strong>NO SE PIERDAN NINGUNA NOTICIA<\/strong>: Click aqu\u00ed para sumarte <strong>GRATIS<\/strong> al canal de noticias de <strong>La Derecha Diario en WhatsApp.<\/strong><\/a><\/aside>\n<figure><img decoding=\"async\" src=\"https:\/\/derechadiario.com.ar\/filesedc\/uploads\/image\/post\/captura-de-pantalla-2025-05-21-094710_1200_800.webp\" class=\"img-responsive lazyload\" alt=\"Un hombre de traje hablando en un podio durante el AmCham Summit 2025 con el lema \" una argentina competitiva title=\"Un hombre de traje hablando en un podio durante el AmCham Summit 2025 con el lema \"><\/figure>\n<p>Este mecanismo, asegur\u00f3 Milei, \u00a0<strong>permite a los inversores tener previsibilidad y garant\u00edas sobre sus flujos de fondos, lo que constituye una condici\u00f3n necesaria para que la Argentina sea vista como un destino confiable para grandes capitales.<\/strong><\/p>\n<p>Con un discurso marcado por una fuerte impronta te\u00f3rica y t\u00e9cnica, Javier Milei busc\u00f3 mostrar que las reformas de su gobierno no son improvisadas, sino que responden a una estrategia consistente basada en literatura econ\u00f3mica y evidencia hist\u00f3rica. <strong>Desde el capital humano hasta la desregulaci\u00f3n, pasando por la inversi\u00f3n protegida por el RIGI, el presidente deline\u00f3 un proyecto de pa\u00eds enfocado en el crecimiento econ\u00f3mico a largo plazo.<\/strong> El mensaje, dirigido tanto a empresarios como a economistas, tuvo como objetivo reposicionar a la Argentina dentro del radar global de las oportunidades de negocio.<\/p>\n","protected":false},"excerpt":{"rendered":"<p>En el marco del AmCham Summit 2025, el presidente Javier Milei brind\u00f3 un extenso y t\u00e9cnico discurso en el que present\u00f3 a la Argentina como un excelente caso de negocios\u00a0para los inversores. Apoy\u00e1ndose en un s\u00f3lido marco te\u00f3rico de econom\u00eda del crecimiento, \u00a0Milei articul\u00f3 una narrativa que enlaza el progreso econ\u00f3mico con la acumulaci\u00f3n de [&hellip;]<\/p>\n","protected":false},"author":2,"featured_media":5223,"comment_status":"open","ping_status":"open","sticky":false,"template":"","format":"standard","meta":{"_et_pb_use_builder":"","_et_pb_old_content":"","_et_gb_content_width":"","footnotes":""},"categories":[80],"tags":[],"class_list":["post-5222","post","type-post","status-publish","format-standard","has-post-thumbnail","hentry","category-economia-2"],"_links":{"self":[{"href":"https:\/\/verdadincomodadiario.ar\/index.php?rest_route=\/wp\/v2\/posts\/5222","targetHints":{"allow":["GET"]}}],"collection":[{"href":"https:\/\/verdadincomodadiario.ar\/index.php?rest_route=\/wp\/v2\/posts"}],"about":[{"href":"https:\/\/verdadincomodadiario.ar\/index.php?rest_route=\/wp\/v2\/types\/post"}],"author":[{"embeddable":true,"href":"https:\/\/verdadincomodadiario.ar\/index.php?rest_route=\/wp\/v2\/users\/2"}],"replies":[{"embeddable":true,"href":"https:\/\/verdadincomodadiario.ar\/index.php?rest_route=%2Fwp%2Fv2%2Fcomments&post=5222"}],"version-history":[{"count":0,"href":"https:\/\/verdadincomodadiario.ar\/index.php?rest_route=\/wp\/v2\/posts\/5222\/revisions"}],"wp:featuredmedia":[{"embeddable":true,"href":"https:\/\/verdadincomodadiario.ar\/index.php?rest_route=\/wp\/v2\/media\/5223"}],"wp:attachment":[{"href":"https:\/\/verdadincomodadiario.ar\/index.php?rest_route=%2Fwp%2Fv2%2Fmedia&parent=5222"}],"wp:term":[{"taxonomy":"category","embeddable":true,"href":"https:\/\/verdadincomodadiario.ar\/index.php?rest_route=%2Fwp%2Fv2%2Fcategories&post=5222"},{"taxonomy":"post_tag","embeddable":true,"href":"https:\/\/verdadincomodadiario.ar\/index.php?rest_route=%2Fwp%2Fv2%2Ftags&post=5222"}],"curies":[{"name":"wp","href":"https:\/\/api.w.org\/{rel}","templated":true}]}}