{"id":5220,"date":"2025-05-21T14:26:36","date_gmt":"2025-05-21T14:26:36","guid":{"rendered":"https:\/\/verdadincomodadiario.ar\/?p=5220"},"modified":"2025-05-21T14:26:36","modified_gmt":"2025-05-21T14:26:36","slug":"caputo-explico-el-nuevo-regimen-para-dolares-informales-y-defendio-el-rumbo-economico","status":"publish","type":"post","link":"https:\/\/verdadincomodadiario.ar\/?p=5220","title":{"rendered":"Caputo explic\u00f3 el nuevo r\u00e9gimen para d\u00f3lares informales y defendi\u00f3 el rumbo econ\u00f3mico"},"content":{"rendered":"<p>Durante su participaci\u00f3n en el <a href=\"https:\/\/derechadiario.com.ar\/economia\/milei-presenta-argentina-como-caso-negocios-amcham-summit-2025\" title=\"Milei presenta a la Argentina como un caso de negocios en el AmCham Summit 2025\">AmCham<\/a> Summit, el ministro de Econom\u00eda, <strong>Luis Caputo, detall\u00f3 el plan del Gobierno para facilitar la formalizaci\u00f3n de los d\u00f3lares fuera del sistema bancario, en una conversaci\u00f3n con Facundo G\u00f3mez Minuj\u00edn, presidente de JP Morgan Argentina.<\/strong> El funcionario aclar\u00f3 que la iniciativa \u201cno es un blanqueo\u201d ni contempla un l\u00edmite de USD 100.000, sino que se trata de un nuevo r\u00e9gimen para simplificar el sistema y favorecer la econom\u00eda formal.<\/p>\n<p><strong>\u201cNo es un blanqueo ni es cierto eso que se dijo de los montos de 100 mil d\u00f3lares.<\/strong> Lo que vamos a hacer es m\u00e1s profundo. Es el inicio de un nuevo r\u00e9gimen\u201d, remarc\u00f3 Caputo.<\/p>\n<p>Seg\u00fan el titular del Palacio de Hacienda, <strong>el alto nivel de informalidad en la econom\u00eda argentina se explica por una combinaci\u00f3n de \u201cexceso de impuestos y exceso de regulaciones\u201d<\/strong>. Se\u00f1al\u00f3 que \u201cArgentina regul\u00f3 para la excepci\u00f3n\u201d y que el sistema actual parte de la desconfianza hacia el contribuyente. Como ejemplo, mencion\u00f3 el caso de un ejecutivo bancario al que <strong>le exigieron explicaciones por transferir 750 mil pesos a su esposa.<\/strong><\/p>\n<p>\u201cHay muchas regulaciones que podemos destrabar desde nuestro lado para hacerle la vida m\u00e1s sencilla a los argentinos. No tiene nada que ver con las normas del GAFI ni con la UIF\u201d, sostuvo.<\/p>\n<aside class=\"are-you-interested-container-photo\"><\/aside>\n<h2><strong>Cr\u00edticas a los organismos de control y defensa de la simplificaci\u00f3n<\/strong><\/h2>\n<p>Caputo cuestion\u00f3 el funcionamiento actual de entidades como la AFIP: <strong>\u201cDuplicamos la gente en ARCA, multiplicamos las regulaciones y la informalidad creci\u00f3\u201d<\/strong>. En su propuesta, aboga por que cada organismo regule lo que le corresponde, evitando duplicidades innecesarias: \u201cEste esquema apunta a ganar formalidad. No tiene ninguna l\u00f3gica ni sentido que todos pidan lo mismo\u201d.<\/p>\n<p><strong>Tambi\u00e9n subray\u00f3 que la pol\u00edtica de apertura econ\u00f3mica del Gobierno es \u201cinteligente y gradual\u201d,<\/strong> especialmente orientada al est\u00edmulo de sectores clave como la construcci\u00f3n. Se\u00f1al\u00f3 que ya se han reducido aranceles para bienes de capital, como ascensores y maquinaria, y que el promedio actual se ubica en un 6%.<\/p>\n<h2><strong>Optimismo por la evoluci\u00f3n macro y expectativas de volver al mercado<\/strong><\/h2>\n<p>En materia fiscal, Caputo destac\u00f3 el <a href=\"https:\/\/derechadiario.com.ar\/politica\/javier-milei-adelanto-fecha-las-elecciones-generales-legislativas\" title=\"Javier Milei convoc\u00f3 la fecha de las elecciones generales legislativas\">super\u00e1vit<\/a> primario y la ca\u00edda de la inflaci\u00f3n, lo que, en su visi\u00f3n, allana el camino hacia la estabilidad. Adem\u00e1s, enfatiz\u00f3 que la acumulaci\u00f3n de reservas no es un objetivo en s\u00ed mismo, sino \u201cuna consecuencia de si el programa econ\u00f3mico est\u00e1 funcionando\u201d.<\/p>\n<p><strong>\u201cPodemos acumular no solo comprando en el piso de la banda, sino por la cuenta capital, si recuper\u00e1ramos acceso a los mercados\u201d<\/strong>, anticip\u00f3.<\/p>\n<div class=\"inter_image image_horizontal\">\n<picture><source class=\"img-responsive\" type=\"image\/webp\" data-srcset=\"\/filesedc\/uploads\/image\/post\/screenshot-2025-05-21-104601_300_200.webp 300w, \n\/filesedc\/uploads\/image\/post\/screenshot-2025-05-21-104601_630_420.webp 630w,\n                                \/filesedc\/uploads\/image\/post\/screenshot-2025-05-21-104601_760_507.webp 760w,\n                                \/filesedc\/uploads\/image\/post\/screenshot-2025-05-21-104601_1200_800.webp 1200w,\n                                \/filesedc\/uploads\/image\/post\/screenshot-2025-05-21-104601_1600_1067.webp 1600w\"><img decoding=\"async\" src=\"https:\/\/derechadiario.com.ar\/filesedc\/uploads\/image\/post\/screenshot-2025-05-21-104601_1200_800.webp\" class=\"img-responsive lazyload\" alt=\"Dos hombres posan para una selfie en una oficina con una bandera argentina y un cuadro en la pared.\" title=\"Dos hombres posan para una selfie en una oficina con una bandera argentina y un cuadro en la pared.\"><\/picture>\n<div>\n<span class=\"img_footer\">Caputo explic\u00f3 el nuevo r\u00e9gimen para d\u00f3lares informales y defendi\u00f3 el rumbo econ\u00f3mico <\/span>| <span class=\"img_author\">La Derecha Diario<\/span>\n<\/div>\n<\/div>\n<p>El funcionario se mostr\u00f3 confiado en que Argentina podr\u00e1 volver a los mercados este mismo a\u00f1o. \u201cTenemos la econom\u00eda creciendo fuertemente, la inflaci\u00f3n colapsando, el super\u00e1vit primario. <strong>Eso me da optimismo de que se pueda hacer en el corto plazo\u201d.<\/strong><\/p>\n<p>Caputo tambi\u00e9n consider\u00f3 que el pa\u00eds no ha sido atractivo para inversores en las \u00faltimas d\u00e9cadas, aunque ya observa un cambio de tendencia: \u00a0<strong>\u201cDesde el sector privado hay mucho inter\u00e9s. Ellos reconocen que adonde el Gobierno quiere ir es a un esquema diferente en el que hay que invertir y ser m\u00e1s eficientes\u201d.<\/strong><\/p>\n<h2><strong>Cr\u00edticas al modelo anterior e impacto futuro<\/strong><\/h2>\n<p>El ministro calific\u00f3 al modelo econ\u00f3mico anterior como <strong>\u201cuna falsa competitividad\u201d que benefici\u00f3 solo a algunos empresarios, mientras los asalariados resultaron perjudicados.<\/strong> En contraste, afirm\u00f3 que con el crecimiento actual \u201cun Gobierno como el nuestro va a devolverle al sector privado entre 420 y 550 mil millones de d\u00f3lares en los pr\u00f3ximos seis a\u00f1os\u201d.<\/p>\n<aside class=\"whatsappChannelText\"><a href=\"https:\/\/whatsapp.com\/channel\/0029VagEjILGE56eKjedWF2U\" rel=\"nofollow\" title=\"WhatsApp Link\"><img alt=\"Logo de WhatsApp\" class=\"lazyload\" data-src=\"https:\/\/derechadiario.com.ar\/filesedc\/uploads\/other\/whatsapp_icon_mid_article.png\" width=\"32\" height=\"32\"><\/a> <a href=\"https:\/\/whatsapp.com\/channel\/0029VagEjILGE56eKjedWF2U\" rel=\"nofollow\" title=\"WhatsApp Link\"><strong>NO SE PIERDAN NINGUNA NOTICIA<\/strong>: Click aqu\u00ed para sumarte <strong>GRATIS<\/strong> al canal de noticias de <strong>La Derecha Diario en WhatsApp.<\/strong><\/a><\/aside>\n<figure><img decoding=\"async\" src=\"https:\/\/derechadiario.com.ar\/filesedc\/uploads\/image\/post\/screenshot-2025-05-21-104606_1200_800.webp\" class=\"img-responsive lazyload\" alt=\"Dos personas posan para una foto en un evento del G20, con varias banderas de fondo y un cartel que dice \" g20 rio title=\"Dos personas posan para una foto en un evento del G20, con varias banderas de fondo y un cartel que dice \"><\/figure>\n<p>Sobre la inflaci\u00f3n, fue enf\u00e1tico: \u00a0<strong>\u201cVa a converger a niveles internacionales m\u00e1s temprano que tarde. En econom\u00eda todo es causalidad. Si hac\u00e9s las cosas bien como las hace Argentina, es un tema de tiempo\u201d.<\/strong><\/p>\n<p>Para cerrar, Caputo advirti\u00f3 que uno de los factores que a\u00fan impacta en el riesgo pa\u00eds es la incertidumbre pol\u00edtica. No obstante, expres\u00f3 confianza en el rumbo tomado por el oficialismo: <strong>\u201cVamos a ser el pa\u00eds ejemplo de los pr\u00f3ximos 20 a\u00f1os\u201d.<\/strong><\/p>\n","protected":false},"excerpt":{"rendered":"<p>Durante su participaci\u00f3n en el AmCham Summit, el ministro de Econom\u00eda, Luis Caputo, detall\u00f3 el plan del Gobierno para facilitar la formalizaci\u00f3n de los d\u00f3lares fuera del sistema bancario, en una conversaci\u00f3n con Facundo G\u00f3mez Minuj\u00edn, presidente de JP Morgan Argentina. El funcionario aclar\u00f3 que la iniciativa \u201cno es un blanqueo\u201d ni contempla un l\u00edmite [&hellip;]<\/p>\n","protected":false},"author":2,"featured_media":5221,"comment_status":"open","ping_status":"open","sticky":false,"template":"","format":"standard","meta":{"_et_pb_use_builder":"","_et_pb_old_content":"","_et_gb_content_width":"","footnotes":""},"categories":[80],"tags":[],"class_list":["post-5220","post","type-post","status-publish","format-standard","has-post-thumbnail","hentry","category-economia-2"],"_links":{"self":[{"href":"https:\/\/verdadincomodadiario.ar\/index.php?rest_route=\/wp\/v2\/posts\/5220","targetHints":{"allow":["GET"]}}],"collection":[{"href":"https:\/\/verdadincomodadiario.ar\/index.php?rest_route=\/wp\/v2\/posts"}],"about":[{"href":"https:\/\/verdadincomodadiario.ar\/index.php?rest_route=\/wp\/v2\/types\/post"}],"author":[{"embeddable":true,"href":"https:\/\/verdadincomodadiario.ar\/index.php?rest_route=\/wp\/v2\/users\/2"}],"replies":[{"embeddable":true,"href":"https:\/\/verdadincomodadiario.ar\/index.php?rest_route=%2Fwp%2Fv2%2Fcomments&post=5220"}],"version-history":[{"count":0,"href":"https:\/\/verdadincomodadiario.ar\/index.php?rest_route=\/wp\/v2\/posts\/5220\/revisions"}],"wp:featuredmedia":[{"embeddable":true,"href":"https:\/\/verdadincomodadiario.ar\/index.php?rest_route=\/wp\/v2\/media\/5221"}],"wp:attachment":[{"href":"https:\/\/verdadincomodadiario.ar\/index.php?rest_route=%2Fwp%2Fv2%2Fmedia&parent=5220"}],"wp:term":[{"taxonomy":"category","embeddable":true,"href":"https:\/\/verdadincomodadiario.ar\/index.php?rest_route=%2Fwp%2Fv2%2Fcategories&post=5220"},{"taxonomy":"post_tag","embeddable":true,"href":"https:\/\/verdadincomodadiario.ar\/index.php?rest_route=%2Fwp%2Fv2%2Ftags&post=5220"}],"curies":[{"name":"wp","href":"https:\/\/api.w.org\/{rel}","templated":true}]}}