{"id":5198,"date":"2025-05-21T02:25:23","date_gmt":"2025-05-21T02:25:23","guid":{"rendered":"https:\/\/verdadincomodadiario.ar\/?p=5198"},"modified":"2025-05-21T02:25:23","modified_gmt":"2025-05-21T02:25:23","slug":"javier-milei-aprobo-el-primer-proyecto-minero-del-rigi-por-mas-de-usd-2-500-millones","status":"publish","type":"post","link":"https:\/\/verdadincomodadiario.ar\/?p=5198","title":{"rendered":"Javier Milei aprob\u00f3 el primer proyecto minero del RIGI por m\u00e1s de USD 2.500 millones"},"content":{"rendered":"<p>En un paso firme hacia la transformaci\u00f3n estructural del modelo productivo nacional, el Gobierno de <a href=\"https:\/\/derechadiario.com.ar\/politica\/embajada-eeuu-respaldo-y-elogio-al-gobierno-javier-milei\" title=\"La Embajada de EEUU respald\u00f3 y elogi\u00f3 al gobierno de Javier Milei\">Javier Milei<\/a> celebr\u00f3 la \u00a0<strong>aprobaci\u00f3n del primer proyecto minero bajo el R\u00e9gimen de Incentivo a las Grandes Inversiones<\/strong>\u00a0 (RIGI), una de las piedras angulares de la <strong>Ley Bases<\/strong>. La inversi\u00f3n, que <strong>supera los USD 2.500 millones<\/strong>, proviene del gigante angloaustraliano <strong>Rio Tinto<\/strong>, <strong>la segunda minera m\u00e1s grande del mundo<\/strong>, y se concretar\u00e1 en la provincia de <strong>Salta<\/strong>, en el estrat\u00e9gico sector del \u00a0<strong>litio.<\/strong><\/p>\n<p>El anuncio fue realizado este martes por la tarde en el marco del evento <strong>ArMinera<\/strong>, por el <strong>secretario Coordinador de Energ\u00eda y Miner\u00eda del Ministerio de Econom\u00eda<\/strong>, <strong>Daniel Gonz\u00e1lez<\/strong>, quien destac\u00f3 el objetivo del RIGI: <strong>\u201cEl RIGI es para incentivar y acelerar inversiones, y no para premiar otras ya existentes\u201d<\/strong>. Con estas palabras, Gonz\u00e1lez disip\u00f3 especulaciones y dej\u00f3 claro que <strong>no habr\u00e1 excepciones ni \u201cRIGIs puntuales<\/strong>\u201d para sectores como el <strong>oro o la plata<\/strong>, aunque estos lo est\u00e9n solicitando para extender grandes proyectos ya en marcha.<\/p>\n<div class=\"inter_image image_horizontal\">\n<picture><source class=\"img-responsive\" type=\"image\/webp\" data-srcset=\"\/filesedc\/uploads\/image\/post\/captura-de-pantalla-2025-05-20-230149_300_200.webp 300w, \n\/filesedc\/uploads\/image\/post\/captura-de-pantalla-2025-05-20-230149_630_420.webp 630w,\n                                \/filesedc\/uploads\/image\/post\/captura-de-pantalla-2025-05-20-230149_760_507.webp 760w,\n                                \/filesedc\/uploads\/image\/post\/captura-de-pantalla-2025-05-20-230149_1200_800.webp 1200w,\n                                \/filesedc\/uploads\/image\/post\/captura-de-pantalla-2025-05-20-230149_1600_1067.webp 1600w\"><img decoding=\"async\" src=\"https:\/\/derechadiario.com.ar\/filesedc\/uploads\/image\/post\/captura-de-pantalla-2025-05-20-230149_1200_800.webp\" class=\"img-responsive lazyload\" alt=\"Paisaje des\u00e9rtico con monta\u00f1as nevadas al fondo y un cielo parcialmente nublado.\" title=\"Paisaje des\u00e9rtico con monta\u00f1as nevadas al fondo y un cielo parcialmente nublado.\"><\/picture>\n<div>\n<span class=\"img_footer\">Extracci\u00f3n de litio en Salar del Rinc\u00f3n, en Salta, Argentina. <\/span>| <span class=\"img_author\">La Derecha Diario<\/span>\n<\/div>\n<\/div>\n<p>El proyecto aprobado pertenece a <strong>Rio Tinto<\/strong>, firma con <strong>m\u00e1s de 150 a\u00f1os de historia y operaciones en 35 pa\u00edses<\/strong>, que genera cerca de <strong>60.000 empleos a nivel global<\/strong>. En marzo de 2022, la multinacional hab\u00eda adquirido <strong>Rinc\u00f3n Mining por USD 825 millones<\/strong>. Desde entonces, trabaj\u00f3 en la planificaci\u00f3n de una planta de demostraci\u00f3n con capacidad para producir <strong>3.000 toneladas<\/strong> anuales de <strong>carbonato de litio<\/strong>\u00a0 grado bater\u00eda, utilizando <strong>tecnolog\u00eda de extracci\u00f3n directa<\/strong> (DLE).<\/p>\n<p><strong>La planta<\/strong>, denominada \u201c<strong>Rinc\u00f3n 3.000<\/strong>\u201d, tuvo como objetivo testear en <strong>condiciones comerciales<\/strong> el dise\u00f1o, construcci\u00f3n, operaci\u00f3n y calidad del producto, as\u00ed como capacitar a operarios y <strong>optimizar los procesos<\/strong> antes de escalar a un desarrollo industrial de mayor envergadura.<\/p>\n<aside class=\"are-you-interested-container-photo\"><\/aside>\n<p>El verdadero salto lleg\u00f3 en <strong>diciembre de 2024<\/strong>, cuando el <strong>Directorio de Rio Tinto<\/strong> aprob\u00f3, en funci\u00f3n de las <strong>exitosas reformas econ\u00f3micas<\/strong> de <strong>Argentina<\/strong>\u00a0 y el nuevo <strong>RIGI<\/strong>, el desarrollo completo del proyecto para producir <strong>53.000 toneladas por a\u00f1o de carbonato de litio grado bater\u00eda<\/strong>, convirti\u00e9ndose en uno de los proyectos m\u00e1s ambiciosos del <strong>continente<\/strong>\u00a0 en el rubro.<\/p>\n<p>La construcci\u00f3n de la planta comercial comenzar\u00e1 una vez obtenidos los <strong>permisos provinciales en Salta<\/strong>. De concretarse sin dilaciones, significar\u00e1 una reconfiguraci\u00f3n del rol argentino en la transici\u00f3n energ\u00e9tica global.<\/p>\n<figure><img decoding=\"async\" src=\"https:\/\/derechadiario.com.ar\/filesedc\/uploads\/image\/post\/captura-de-pantalla-2025-05-20-230205_1200_800.webp\" class=\"img-responsive lazyload\" alt=\"Dos personas de traje se dan la mano y sonr\u00eden en una sala con cuadros en la pared.\" title=\"Dos personas de traje se dan la mano y sonr\u00eden en una sala con cuadros en la pared.\"><\/figure>\n<p>El respaldo pol\u00edtico a este desembarco fue evidente en marzo pasado, cuando el presidente <strong>Javier Milei<\/strong>\u00a0 recibi\u00f3 en la <strong>Casa Rosada<\/strong> a la c\u00fapula de <strong>Rio Tinto.<\/strong> Participaron del encuentro el <strong>CEO global Jakob Stausholm<\/strong>; el <strong>CEO de Rio Tinto Lithium, Paul Graves<\/strong>; la <strong>Directora de Asuntos Exteriores para Am\u00e9rica Latina, Mar\u00eda Paula Uribe<\/strong>; y el <strong>referente local<\/strong> de la compa\u00f1\u00eda, <strong>Guillermo Enrique Calo.<\/strong> Tambi\u00e9n estuvieron presentes figuras clave del gabinete: el jefe de Gabinete, <strong>Guillermo Francos<\/strong>; el ministro de Econom\u00eda, <strong>Luis Caputo<\/strong>; y el secretario de Miner\u00eda, <strong>Luis Lucero<\/strong>.<\/p>\n<p>El respaldo del Ejecutivo no es menor: <strong>d\u00edas antes<\/strong>, Rio Tinto hab\u00eda completado la adquisici\u00f3n de <strong>Arcadium Lithium por USD 6.700 millones<\/strong>, consolid\u00e1ndose como una de las principales productoras de litio del mundo. La operaci\u00f3n implic\u00f3 no solo la absorci\u00f3n del know-how y los activos de Arcadium, sino tambi\u00e9n el <strong>control de dos de los seis proyectos actualmente en producci\u00f3n en la Argentina<\/strong>, lo que convierte a la firma en la mayor productora de litio del pa\u00eds.<\/p>\n<aside class=\"whatsappChannelText\"><a href=\"https:\/\/whatsapp.com\/channel\/0029VagEjILGE56eKjedWF2U\" rel=\"nofollow\" title=\"WhatsApp Link\"><img alt=\"Logo de WhatsApp\" class=\"lazyload\" data-src=\"https:\/\/derechadiario.com.ar\/filesedc\/uploads\/other\/whatsapp_icon_mid_article.png\" width=\"32\" height=\"32\"><\/a> <a href=\"https:\/\/whatsapp.com\/channel\/0029VagEjILGE56eKjedWF2U\" rel=\"nofollow\" title=\"WhatsApp Link\"><strong>NO SE PIERDAN NINGUNA NOTICIA<\/strong>: Click aqu\u00ed para sumarte <strong>GRATIS<\/strong> al canal de noticias de <strong>La Derecha Diario en WhatsApp.<\/strong><\/a><\/aside>\n<p>Como corolario del evento <strong>ArMinera<\/strong>, tambi\u00e9n se confirm\u00f3 que otros grandes jugadores del sector siguen de cerca los beneficios del RIGI. El <strong>proyecto Vicu\u00f1a<\/strong>, de <strong>cobre<\/strong>, ya eval\u00faa su incorporaci\u00f3n al r\u00e9gimen. En tanto, <strong>Rio Tinto<\/strong> adelant\u00f3 que <strong>presentar\u00e1 dos proyectos adicionales<\/strong>: <strong>Sal de Vida y la expansi\u00f3n de F\u00e9nix<\/strong>, ambos en la provincia de <strong>Catamarca<\/strong>, lo que augura un sendero sostenido de inversiones de alt\u00edsima magnitud.<\/p>\n<p>Desde la <strong>C\u00e1mara Argentina de Empresas Mineras<\/strong> (CAEM), su presidente <strong>Roberto Cacciola<\/strong> insisti\u00f3 en la necesidad de prorrogar la primera etapa del RIGI, en l\u00ednea con la propia posibilidad que contempla la Ley de Bases. El pedido apunta a <strong>brindar previsibilidad<\/strong> y ampliar el horizonte de ingreso a nuevos proyectos.<\/p>\n","protected":false},"excerpt":{"rendered":"<p>En un paso firme hacia la transformaci\u00f3n estructural del modelo productivo nacional, el Gobierno de Javier Milei celebr\u00f3 la \u00a0aprobaci\u00f3n del primer proyecto minero bajo el R\u00e9gimen de Incentivo a las Grandes Inversiones\u00a0 (RIGI), una de las piedras angulares de la Ley Bases. La inversi\u00f3n, que supera los USD 2.500 millones, proviene del gigante angloaustraliano [&hellip;]<\/p>\n","protected":false},"author":2,"featured_media":5199,"comment_status":"open","ping_status":"open","sticky":false,"template":"","format":"standard","meta":{"_et_pb_use_builder":"","_et_pb_old_content":"","_et_gb_content_width":"","footnotes":""},"categories":[80],"tags":[],"class_list":["post-5198","post","type-post","status-publish","format-standard","has-post-thumbnail","hentry","category-economia-2"],"_links":{"self":[{"href":"https:\/\/verdadincomodadiario.ar\/index.php?rest_route=\/wp\/v2\/posts\/5198","targetHints":{"allow":["GET"]}}],"collection":[{"href":"https:\/\/verdadincomodadiario.ar\/index.php?rest_route=\/wp\/v2\/posts"}],"about":[{"href":"https:\/\/verdadincomodadiario.ar\/index.php?rest_route=\/wp\/v2\/types\/post"}],"author":[{"embeddable":true,"href":"https:\/\/verdadincomodadiario.ar\/index.php?rest_route=\/wp\/v2\/users\/2"}],"replies":[{"embeddable":true,"href":"https:\/\/verdadincomodadiario.ar\/index.php?rest_route=%2Fwp%2Fv2%2Fcomments&post=5198"}],"version-history":[{"count":0,"href":"https:\/\/verdadincomodadiario.ar\/index.php?rest_route=\/wp\/v2\/posts\/5198\/revisions"}],"wp:featuredmedia":[{"embeddable":true,"href":"https:\/\/verdadincomodadiario.ar\/index.php?rest_route=\/wp\/v2\/media\/5199"}],"wp:attachment":[{"href":"https:\/\/verdadincomodadiario.ar\/index.php?rest_route=%2Fwp%2Fv2%2Fmedia&parent=5198"}],"wp:term":[{"taxonomy":"category","embeddable":true,"href":"https:\/\/verdadincomodadiario.ar\/index.php?rest_route=%2Fwp%2Fv2%2Fcategories&post=5198"},{"taxonomy":"post_tag","embeddable":true,"href":"https:\/\/verdadincomodadiario.ar\/index.php?rest_route=%2Fwp%2Fv2%2Ftags&post=5198"}],"curies":[{"name":"wp","href":"https:\/\/api.w.org\/{rel}","templated":true}]}}