{"id":5170,"date":"2025-05-20T22:24:11","date_gmt":"2025-05-20T22:24:11","guid":{"rendered":"https:\/\/verdadincomodadiario.ar\/?p=5170"},"modified":"2025-05-20T22:24:11","modified_gmt":"2025-05-20T22:24:11","slug":"el-gobierno-de-milei-reducira-los-aranceles-a-27-bienes-de-capital","status":"publish","type":"post","link":"https:\/\/verdadincomodadiario.ar\/?p=5170","title":{"rendered":"El Gobierno de Milei reducir\u00e1 los aranceles a 27 bienes de capital"},"content":{"rendered":"<p>En el marco del proceso de <strong>apertura<\/strong> y <strong>desregulaci\u00f3n<\/strong> econ\u00f3mica impulsado por el Gobierno de <a href=\"https:\/\/derechadiario.com.ar\/politica\/gobierno-milei-dara-ayuda-directa-los-afectados-por-temporal-pba\" target=\"_blank\" title=\"El Gobierno de Milei dar\u00e1 una ayuda directa a los afectados por el temporal en PBA\"><strong>Javier Milei<\/strong><\/a>, el ministro de Econom\u00eda, <strong>Luis &#8220;Toto&#8221; Caputo<\/strong>, anunci\u00f3 una nueva <strong>reducci\u00f3n arancelaria<\/strong> que <a href=\"https:\/\/derechadiario.com.ar\/economia\/gobierno-milei-extendio-baja-retenciones-para-trigo-y-cebada\" target=\"_blank\" title=\"El Gobierno de Milei extendi\u00f3 la baja de retenciones para el trigo y la cebada\">beneficiar\u00e1<\/a> a diversos sectores productivos.<\/p>\n<p>En esta oportunidad, se <b>reducir\u00e1n<\/b>\u00a0los aranceles de importaci\u00f3n sobre <strong>27 bienes de capital clave<\/strong> para la industria nacional. Estos productos, que hasta ahora enfrentaban grav\u00e1menes que oscilaban entre el <strong>20% y el 35%<\/strong>, pasar\u00e1n a tener aranceles m\u00e1s bajos, aline\u00e1ndose con el arancel externo com\u00fan del Mercosur, que establece una tasa del <strong>12,6%<\/strong> para esta categor\u00eda de bienes.<\/p>\n<div class=\"inter_image image_horizontal\">\n<picture><source class=\"img-responsive\" type=\"image\/webp\" data-srcset=\"\/filesedc\/uploads\/image\/post\/gdetl-jxaaaanf--1744820464792_300_200.webp 300w, \n\/filesedc\/uploads\/image\/post\/gdetl-jxaaaanf--1744820464792_630_420.webp 630w,\n                                \/filesedc\/uploads\/image\/post\/gdetl-jxaaaanf--1744820464792_760_507.webp 760w,\n                                \/filesedc\/uploads\/image\/post\/gdetl-jxaaaanf--1744820464792_1200_800.webp 1200w,\n                                \/filesedc\/uploads\/image\/post\/gdetl-jxaaaanf--1744820464792_1600_1067.webp 1600w\"><img decoding=\"async\" src=\"https:\/\/derechadiario.com.ar\/filesedc\/uploads\/image\/post\/gdetl-jxaaaanf--1744820464792_1200_800.webp\" class=\"img-responsive lazyload\" alt=\"Un hombre con una gorra que dice \" make argentina great again sonr en una sala de reuniones con bandera y un cuadro la pared. title=\"Un hombre con una gorra que dice \"><\/picture>\n<div>\n<span class=\"img_footer\">Luis Caputo, ministro de Econom\u00eda. <\/span>| <span class=\"img_author\">La Derecha Diario<\/span>\n<\/div>\n<\/div>\n<p>La decisi\u00f3n busca <strong>mejorar la competitividad<\/strong> de las empresas locales, facilitar la incorporaci\u00f3n de tecnolog\u00eda y reducir los costos operativos en sectores estrat\u00e9gicos. Entre los productos alcanzados por esta medida se encuentran <strong>ascensores<\/strong>, <strong>ventiladores industriales<\/strong>, <strong>maquinaria para corte l\u00e1ser<\/strong>, <strong>plegadoras<\/strong>, <strong>prensas metal\u00fargicas<\/strong>, <strong>depuradores de gases<\/strong> y <strong>equipos de limpieza de ca\u00f1er\u00edas<\/strong> utilizados en la <strong>industria petrolera<\/strong>.<\/p>\n<p>Tambi\u00e9n incluye <strong>maquinaria industrial<\/strong> para la fabricaci\u00f3n de helados, hornos de panader\u00eda, polipastos el\u00e9ctricos, bombas centr\u00edfugas, y hasta m\u00e1quinas de cortar el pelo y esquilar.<\/p>\n<aside class=\"are-you-interested-container-photo\"><\/aside>\n<p>\u201c<strong>Continuamos reduciendo aranceles<\/strong>\u201d, expres\u00f3 el ministro Caputo a trav\u00e9s de sus redes sociales, destacando que <strong>ya se han reducido los aranceles a un total de 1.081 productos<\/strong> desde el inicio de la gesti\u00f3n libertaria. La medida forma parte de un paquete m\u00e1s amplio de reformas que busca eliminar distorsiones en el comercio exterior, impulsar la inversi\u00f3n y promover la eficiencia econ\u00f3mica.<\/p>\n<aside class=\"whatsappChannelText\"><a href=\"https:\/\/whatsapp.com\/channel\/0029VagEjILGE56eKjedWF2U\" rel=\"nofollow\" title=\"WhatsApp Link\"><img alt=\"Logo de WhatsApp\" class=\"lazyload\" data-src=\"https:\/\/derechadiario.com.ar\/filesedc\/uploads\/other\/whatsapp_icon_mid_article.png\" width=\"32\" height=\"32\"><\/a> <a href=\"https:\/\/whatsapp.com\/channel\/0029VagEjILGE56eKjedWF2U\" rel=\"nofollow\" title=\"WhatsApp Link\"><strong>NO SE PIERDAN NINGUNA NOTICIA<\/strong>: Click aqu\u00ed para sumarte <strong>GRATIS<\/strong> al canal de noticias de <strong>La Derecha Diario en WhatsApp.<\/strong><\/a><\/aside>\n<figure><img decoding=\"async\" src=\"https:\/\/derechadiario.com.ar\/filesedc\/uploads\/image\/post\/7nuqx32eelfp4mgulkafwdaore_1200_800.webp\" class=\"img-responsive lazyload\" alt=\"Un hombre sonriente en una conferencia de prensa con el escudo de la Rep\u00fablica Argentina de fondo.\" title=\"Un hombre sonriente en una conferencia de prensa con el escudo de la Rep\u00fablica Argentina de fondo.\"><\/figure>\n<p>La pol\u00edtica de reducci\u00f3n de impuestos tiene un impacto directo en la competitividad del aparato productivo, permitiendo que las empresas <strong>accedan a maquinaria<\/strong> y <strong>tecnolog\u00eda<\/strong> de \u00faltima generaci\u00f3n a un <strong>costo m\u00e1s bajo<\/strong>. Esto no solo favorece el <strong>crecimiento industrial<\/strong> sino que tambi\u00e9n puede traducirse en <strong>menores precios<\/strong> para los consumidores en el mediano plazo.<\/p>\n<p>Con esta nueva medida, el Gobierno de Milei reafirma su compromiso con la modernizaci\u00f3n del pa\u00eds y el impulso de un modelo econ\u00f3mico m\u00e1s abierto, din\u00e1mico y eficiente, enfocado en integrar a la Argentina al comercio global en condiciones de mayor igualdad y productividad.<\/p>\n","protected":false},"excerpt":{"rendered":"<p>En el marco del proceso de apertura y desregulaci\u00f3n econ\u00f3mica impulsado por el Gobierno de Javier Milei, el ministro de Econom\u00eda, Luis &#8220;Toto&#8221; Caputo, anunci\u00f3 una nueva reducci\u00f3n arancelaria que beneficiar\u00e1 a diversos sectores productivos. En esta oportunidad, se reducir\u00e1n\u00a0los aranceles de importaci\u00f3n sobre 27 bienes de capital clave para la industria nacional. Estos productos, [&hellip;]<\/p>\n","protected":false},"author":2,"featured_media":5171,"comment_status":"open","ping_status":"open","sticky":false,"template":"","format":"standard","meta":{"_et_pb_use_builder":"","_et_pb_old_content":"","_et_gb_content_width":"","footnotes":""},"categories":[80],"tags":[],"class_list":["post-5170","post","type-post","status-publish","format-standard","has-post-thumbnail","hentry","category-economia-2"],"_links":{"self":[{"href":"https:\/\/verdadincomodadiario.ar\/index.php?rest_route=\/wp\/v2\/posts\/5170","targetHints":{"allow":["GET"]}}],"collection":[{"href":"https:\/\/verdadincomodadiario.ar\/index.php?rest_route=\/wp\/v2\/posts"}],"about":[{"href":"https:\/\/verdadincomodadiario.ar\/index.php?rest_route=\/wp\/v2\/types\/post"}],"author":[{"embeddable":true,"href":"https:\/\/verdadincomodadiario.ar\/index.php?rest_route=\/wp\/v2\/users\/2"}],"replies":[{"embeddable":true,"href":"https:\/\/verdadincomodadiario.ar\/index.php?rest_route=%2Fwp%2Fv2%2Fcomments&post=5170"}],"version-history":[{"count":0,"href":"https:\/\/verdadincomodadiario.ar\/index.php?rest_route=\/wp\/v2\/posts\/5170\/revisions"}],"wp:featuredmedia":[{"embeddable":true,"href":"https:\/\/verdadincomodadiario.ar\/index.php?rest_route=\/wp\/v2\/media\/5171"}],"wp:attachment":[{"href":"https:\/\/verdadincomodadiario.ar\/index.php?rest_route=%2Fwp%2Fv2%2Fmedia&parent=5170"}],"wp:term":[{"taxonomy":"category","embeddable":true,"href":"https:\/\/verdadincomodadiario.ar\/index.php?rest_route=%2Fwp%2Fv2%2Fcategories&post=5170"},{"taxonomy":"post_tag","embeddable":true,"href":"https:\/\/verdadincomodadiario.ar\/index.php?rest_route=%2Fwp%2Fv2%2Ftags&post=5170"}],"curies":[{"name":"wp","href":"https:\/\/api.w.org\/{rel}","templated":true}]}}