{"id":5150,"date":"2025-05-20T20:29:30","date_gmt":"2025-05-20T20:29:30","guid":{"rendered":"https:\/\/verdadincomodadiario.ar\/?p=5150"},"modified":"2025-05-20T20:29:30","modified_gmt":"2025-05-20T20:29:30","slug":"el-gobierno-de-milei-extendio-la-baja-de-retenciones-para-el-trigo-y-la-cebada","status":"publish","type":"post","link":"https:\/\/verdadincomodadiario.ar\/?p=5150","title":{"rendered":"El Gobierno de Milei extendi\u00f3 la baja de retenciones para el trigo y la cebada"},"content":{"rendered":"<p>El Gobierno de <a href=\"https:\/\/derechadiario.com.ar\/politica\/gobierno-milei-dara-ayuda-directa-los-afectados-por-temporal-pba\" target=\"_blank\" title=\"El Gobierno de Milei dar\u00e1 una ayuda directa a los afectados por el temporal en PBA\"><strong>Javier Milei<\/strong><\/a>, mediante el Ministerio de Econom\u00eda,\u00a0confirm\u00f3 la pr\u00f3rroga de la <strong>reducci\u00f3n temporal en las retenciones<\/strong> para las <strong>exportaciones de trigo<\/strong> y <strong>cebada<\/strong> hasta el 31 de marzo.<\/p>\n<p>Esta <a href=\"https:\/\/derechadiario.com.ar\/politica\/gobierno-digitaliza-tramite-para-tenencia-armas-y-flexibiliza-comercio\" target=\"_blank\" title=\"El Gobierno digitaliza el tr\u00e1mite para la tenencia de armas y flexibiliza el comercio\">decisi\u00f3n<\/a> extiende una medida que hab\u00eda sido implementada inicialmente a fines de enero y que ten\u00eda vigencia hasta el 30 de junio. De esta manera, alcanzar\u00e1 tambi\u00e9n a la <strong>pr\u00f3xima campa\u00f1a de cosecha fina<\/strong>, cuyo proceso de siembra ya comenz\u00f3.<\/p>\n<p>De acuerdo con el comunicado oficial, estas exportaciones y sus productos derivados generan aproximadamente <strong>USD 4.000 millones al a\u00f1o<\/strong>, lo que representa cerca del 5% del total de ventas externas del pa\u00eds.<\/p>\n<div class=\"inter_image image_horizontal\">\n<picture><source class=\"img-responsive\" type=\"image\/webp\" data-srcset=\"\/filesedc\/uploads\/image\/post\/7nuqx32eelfp4mgulkafwdaore_300_200.webp 300w, \n\/filesedc\/uploads\/image\/post\/7nuqx32eelfp4mgulkafwdaore_630_420.webp 630w,\n                                \/filesedc\/uploads\/image\/post\/7nuqx32eelfp4mgulkafwdaore_760_507.webp 760w,\n                                \/filesedc\/uploads\/image\/post\/7nuqx32eelfp4mgulkafwdaore_1200_800.webp 1200w,\n                                \/filesedc\/uploads\/image\/post\/7nuqx32eelfp4mgulkafwdaore_1600_1067.webp 1600w\"><img decoding=\"async\" src=\"https:\/\/derechadiario.com.ar\/filesedc\/uploads\/image\/post\/7nuqx32eelfp4mgulkafwdaore_1200_800.webp\" class=\"img-responsive lazyload\" alt=\"Un hombre sonriente en una conferencia de prensa con el escudo de la Rep\u00fablica Argentina de fondo.\" title=\"Un hombre sonriente en una conferencia de prensa con el escudo de la Rep\u00fablica Argentina de fondo.\"><\/picture>\n<div>\n<span class=\"img_footer\">Luis Caputo, ministro de Econom\u00eda. <\/span>| <span class=\"img_author\">La Derecha Diario<\/span>\n<\/div>\n<\/div>\n<p>\u201c<strong>El gobierno nacional decidi\u00f3 extender la baja temporal de retenciones para el trigo y la cebada hasta el 31 de marzo de 2026<\/strong>\u201d, anunci\u00f3 el ministro de Econom\u00eda, <strong>Luis &#8220;Toto&#8221; Caputo<\/strong>, a trav\u00e9s de su cuenta en la red social X. El informe aclar\u00f3 que esta disposici\u00f3n no incluye a la soja, el ma\u00edz, el girasol, el sorgo ni a sus subproductos, los cuales volver\u00e1n a pagar los aranceles vigentes en enero.<\/p>\n<aside class=\"are-you-interested-container-photo\"><\/aside>\n<h2>La baja de las retenciones<\/h2>\n<p>Hasta el 30 de junio, los porcentajes de derechos de exportaci\u00f3n para los principales cultivos quedaron definidos de la siguiente forma: la soja en grano baj\u00f3 del 33 al 26%, mientras que sus derivados pasaron del 31 al 24,5%. En cuanto al trigo, la cebada, el ma\u00edz y el sorgo, la al\u00edcuota se redujo del 12 al 9,5%. Para el girasol, el tributo se recort\u00f3 del 7 al 5,5%. A partir de julio, el esquema anterior volver\u00e1 a aplicarse para el trigo y la cebada.<\/p>\n<p>La continuidad de estos tributos ya hab\u00eda sido adelantada por el presidente <strong>Javier Milei<\/strong> durante el anuncio del inicio de la tercera etapa del programa econ\u00f3mico, que incluy\u00f3 el fin del cepo cambiario y el establecimiento de un sistema de flotaci\u00f3n del d\u00f3lar dentro de bandas.<\/p>\n<figure><img decoding=\"async\" src=\"https:\/\/derechadiario.com.ar\/filesedc\/uploads\/image\/post\/gdetl-jxaaaanf--1744820464792_1200_800.webp\" class=\"img-responsive lazyload\" alt=\"Un hombre con una gorra que dice \" make argentina great again sonr en una sala de reuniones con bandera y un cuadro la pared. title=\"Un hombre con una gorra que dice \"><\/figure>\n<p>\u201c<strong>Bajamos 13 impuestos, el m\u00e1s significativo fue el impuesto inflacionario que fueron 15 puntos del PBI. Tambi\u00e9n sacamos el impuesto PAIS<\/strong>\u201d, expres\u00f3 en una entrevista radial. Al ser consultado sobre las retenciones, afirm\u00f3 que para las exportaciones tradicionales, las retenciones &#8220;<strong>vuelven en julio<\/strong>&#8220;.<\/p>\n<p>La modificaci\u00f3n en las retenciones se implement\u00f3 a fines de enero a trav\u00e9s del decreto 38\/2025. En esa norma, el Poder Ejecutivo dispuso que quienes deseen acceder al beneficio deber\u00e1n ingresar el 95% de las divisas obtenidas por la exportaci\u00f3n de esos productos. Adem\u00e1s, se redujo el plazo para la liquidaci\u00f3n de divisas a 15 d\u00edas, en lugar de los 30 d\u00edas que reg\u00edan anteriormente.<\/p>\n<aside class=\"whatsappChannelText\"><a href=\"https:\/\/whatsapp.com\/channel\/0029VagEjILGE56eKjedWF2U\" rel=\"nofollow\" title=\"WhatsApp Link\"><img alt=\"Logo de WhatsApp\" class=\"lazyload\" data-src=\"https:\/\/derechadiario.com.ar\/filesedc\/uploads\/other\/whatsapp_icon_mid_article.png\" width=\"32\" height=\"32\"><\/a> <a href=\"https:\/\/whatsapp.com\/channel\/0029VagEjILGE56eKjedWF2U\" rel=\"nofollow\" title=\"WhatsApp Link\"><strong>NO SE PIERDAN NINGUNA NOTICIA<\/strong>: Click aqu\u00ed para sumarte <strong>GRATIS<\/strong> al canal de noticias de <strong>La Derecha Diario en WhatsApp.<\/strong><\/a><\/aside>\n<p>En cuanto a las econom\u00edas regionales, <strong>se eliminaron de forma definitiva las al\u00edcuotas residuales de derechos de exportaci\u00f3n para ciertos productos<\/strong>. Entre ellos se encuentran el az\u00facar, el algod\u00f3n, el cuero bovino, el tabaco, la forestoindustria y el arroz. Estos rubros generaron m\u00e1s de 1.100 millones de d\u00f3lares en ventas externas durante 2024.<\/p>\n","protected":false},"excerpt":{"rendered":"<p>El Gobierno de Javier Milei, mediante el Ministerio de Econom\u00eda,\u00a0confirm\u00f3 la pr\u00f3rroga de la reducci\u00f3n temporal en las retenciones para las exportaciones de trigo y cebada hasta el 31 de marzo. Esta decisi\u00f3n extiende una medida que hab\u00eda sido implementada inicialmente a fines de enero y que ten\u00eda vigencia hasta el 30 de junio. De [&hellip;]<\/p>\n","protected":false},"author":2,"featured_media":5151,"comment_status":"open","ping_status":"open","sticky":false,"template":"","format":"standard","meta":{"_et_pb_use_builder":"","_et_pb_old_content":"","_et_gb_content_width":"","footnotes":""},"categories":[80],"tags":[],"class_list":["post-5150","post","type-post","status-publish","format-standard","has-post-thumbnail","hentry","category-economia-2"],"_links":{"self":[{"href":"https:\/\/verdadincomodadiario.ar\/index.php?rest_route=\/wp\/v2\/posts\/5150","targetHints":{"allow":["GET"]}}],"collection":[{"href":"https:\/\/verdadincomodadiario.ar\/index.php?rest_route=\/wp\/v2\/posts"}],"about":[{"href":"https:\/\/verdadincomodadiario.ar\/index.php?rest_route=\/wp\/v2\/types\/post"}],"author":[{"embeddable":true,"href":"https:\/\/verdadincomodadiario.ar\/index.php?rest_route=\/wp\/v2\/users\/2"}],"replies":[{"embeddable":true,"href":"https:\/\/verdadincomodadiario.ar\/index.php?rest_route=%2Fwp%2Fv2%2Fcomments&post=5150"}],"version-history":[{"count":0,"href":"https:\/\/verdadincomodadiario.ar\/index.php?rest_route=\/wp\/v2\/posts\/5150\/revisions"}],"wp:featuredmedia":[{"embeddable":true,"href":"https:\/\/verdadincomodadiario.ar\/index.php?rest_route=\/wp\/v2\/media\/5151"}],"wp:attachment":[{"href":"https:\/\/verdadincomodadiario.ar\/index.php?rest_route=%2Fwp%2Fv2%2Fmedia&parent=5150"}],"wp:term":[{"taxonomy":"category","embeddable":true,"href":"https:\/\/verdadincomodadiario.ar\/index.php?rest_route=%2Fwp%2Fv2%2Fcategories&post=5150"},{"taxonomy":"post_tag","embeddable":true,"href":"https:\/\/verdadincomodadiario.ar\/index.php?rest_route=%2Fwp%2Fv2%2Ftags&post=5150"}],"curies":[{"name":"wp","href":"https:\/\/api.w.org\/{rel}","templated":true}]}}