{"id":5073,"date":"2025-05-20T11:24:55","date_gmt":"2025-05-20T11:24:55","guid":{"rendered":"https:\/\/verdadincomodadiario.ar\/?p=5073"},"modified":"2025-05-20T11:24:55","modified_gmt":"2025-05-20T11:24:55","slug":"anses-hoy-quienes-cobran-este-martes-20-de-mayo-y-que-prestaciones-se-pagan","status":"publish","type":"post","link":"https:\/\/verdadincomodadiario.ar\/?p=5073","title":{"rendered":"ANSES hoy: qui\u00e9nes cobran este martes 20 de mayo y qu\u00e9 prestaciones se pagan"},"content":{"rendered":"<p>La <a href=\"https:\/\/derechadiario.com.ar\/economia\/pensiones-no-contributivas-anses-fechas-cobro-y-requisitos-mayo-2025\" title=\"Pensiones no contributivas ANSES: fechas de cobro y requisitos en mayo 2025\"><strong>ANSES<\/strong><\/a> confirm\u00f3 el calendario de pagos para este <strong>martes 20 de mayo de 2025<\/strong>. Hoy cobran distintas prestaciones como <strong>jubilaciones<\/strong>, <a href=\"https:\/\/derechadiario.com.ar\/economia\/auh-y-tarjeta-alimentar-mayo-quienes-no-cobran-y-como-reclamar\" title=\"AUH y Tarjeta Alimentar en mayo: qui\u00e9nes no cobran y c\u00f3mo reclamar\"><strong>AUH<\/strong><\/a>, <strong>AUE<\/strong> y m\u00e1s.<\/p>\n<p>En esta nota te contamos qui\u00e9nes reciben hoy el dinero seg\u00fan su n\u00famero de documento. Adem\u00e1s, repasamos el estado de las <strong>asignaciones de pago \u00fanico<\/strong> y las <strong>pensiones no contributivas<\/strong>.<\/p>\n<div class=\"inter_image image_horizontal\">\n<picture><source class=\"img-responsive\" type=\"image\/webp\" data-srcset=\"\/filesedc\/uploads\/image\/post\/anses-1-jpg_300_200.webp 300w, \n\/filesedc\/uploads\/image\/post\/anses-1-jpg_630_420.webp 630w,\n                                \/filesedc\/uploads\/image\/post\/anses-1-jpg_760_507.webp 760w,\n                                \/filesedc\/uploads\/image\/post\/anses-1-jpg_1200_800.webp 1200w,\n                                \/filesedc\/uploads\/image\/post\/anses-1-jpg_1600_1067.webp 1600w\"><img decoding=\"async\" src=\"https:\/\/derechadiario.com.ar\/filesedc\/uploads\/image\/post\/anses-1-jpg_1200_800.webp\" class=\"img-responsive lazyload\" alt=\"Fachada de una oficina de ANSES con un cartel azul y un coraz\u00f3n naranja.\" title=\"Fachada de una oficina de ANSES con un cartel azul y un coraz\u00f3n naranja.\"><\/picture>\n<div>\n<span class=\"img_footer\">Qui\u00e9nes cobran hoy seg\u00fan la terminaci\u00f3n del DNI <\/span>| <span class=\"img_author\">La Derecha Diario<\/span>\n<\/div>\n<\/div>\n<h2><strong>\u00bfQui\u00e9nes cobran hoy jubilaciones y pensiones?<\/strong><\/h2>\n<p>Este martes 20 de mayo cobran los <strong>jubilados y pensionados<\/strong> que no superan los <strong>$296.481,75<\/strong>.<\/p>\n<p>El pago corresponde a quienes tienen <strong>DNI terminado en 7<\/strong>.<\/p>\n<aside class=\"are-you-interested-container-photo\"><\/aside>\n<figure><img decoding=\"async\" src=\"https:\/\/derechadiario.com.ar\/filesedc\/uploads\/image\/post\/anses-mayo-jubilaciones-y-pensiones-minimas_1200_800.webp\" class=\"img-responsive lazyload\" alt=\"Calendario de pagos de jubilaciones y pensiones que no superen el haber m\u00ednimo para el mes de mayo, con fechas asignadas seg\u00fan la terminaci\u00f3n del documento.\" title=\"Calendario de pagos de jubilaciones y pensiones que no superen el haber m\u00ednimo para el mes de mayo, con fechas asignadas seg\u00fan la terminaci\u00f3n del documento.\"><\/figure>\n<h2><strong>\u00bfCu\u00e1ndo cobran los que reciben la AUH?<\/strong><\/h2>\n<p>La <strong>Asignaci\u00f3n Universal por Hijo (AUH)<\/strong> y la <strong>Tarjeta Alimentar<\/strong> tambi\u00e9n se abonan hoy.<\/p>\n<p>Reciben el dinero los titulares con <strong>DNI finalizado en 7<\/strong>.<\/p>\n<figure><img decoding=\"async\" src=\"https:\/\/derechadiario.com.ar\/filesedc\/uploads\/image\/post\/auh-anses-mayo_1200_800.webp\" class=\"img-responsive lazyload\" alt=\"Calendario de pago para la Asignaci\u00f3n Familiar por Hijo y Asignaci\u00f3n Universal por Hijo correspondiente al mes de mayo, con fechas espec\u00edficas seg\u00fan la terminaci\u00f3n del n\u00famero de documento: 9\/5 para documentos terminados en 0, 12\/5 en 1, 13\/5 en 2, 14\/5 en 3, 15\/5 en 4, 16\/5 en 5, 19\/5 en 6, 20\/5 en 7, 21\/5 en 8 y 22\/5 en 9.\" title=\"Calendario de pago para la Asignaci\u00f3n Familiar por Hijo y Asignaci\u00f3n Universal por Hijo correspondiente al mes de mayo, con fechas espec\u00edficas seg\u00fan la terminaci\u00f3n del n\u00famero de documento: 9\/5 para documentos terminados en 0, 12\/5 en 1, 13\/5 en 2, 14\/5 en 3, 15\/5 en 4, 16\/5 en 5, 19\/5 en 6, 20\/5 en 7, 21\/5 en 8 y 22\/5 en 9.\"><\/figure>\n<h2><strong>\u00bfQu\u00e9 pasa con la Asignaci\u00f3n Universal por Embarazo?<\/strong><\/h2>\n<p>Este martes cobran la <strong>Asignaci\u00f3n Universal por Embarazo (AUE)<\/strong> las personas con <strong>DNI terminado en 6<\/strong>.<\/p>\n<figure><img decoding=\"async\" src=\"https:\/\/derechadiario.com.ar\/filesedc\/uploads\/image\/post\/anses-mayo-embarazo_1200_800.webp\" class=\"img-responsive lazyload\" alt=\"Calendario de pago de la Asignaci\u00f3n por Embarazo para el mes de mayo, con fechas asignadas seg\u00fan la terminaci\u00f3n del n\u00famero de documento.\" title=\"Calendario de pago de la Asignaci\u00f3n por Embarazo para el mes de mayo, con fechas asignadas seg\u00fan la terminaci\u00f3n del n\u00famero de documento.\"><\/figure>\n<h2><strong>\u00bfQui\u00e9nes reciben la Asignaci\u00f3n por Prenatal y Maternidad?<\/strong><\/h2>\n<p>Hoy tambi\u00e9n hay pagos para titulares de <strong>Asignaci\u00f3n por Prenatal y Maternidad<\/strong>.<\/p>\n<aside class=\"are-you-interested-container-photo\"><\/aside>\n<p>Corresponde a quienes tengan <strong>DNI finalizado en 8 y 9<\/strong>.<\/p>\n<figure><img decoding=\"async\" src=\"https:\/\/derechadiario.com.ar\/filesedc\/uploads\/image\/post\/asignacion-prenatal-y-maternidad-anses-mayo_1200_800.webp\" class=\"img-responsive lazyload\" alt=\"Calendario de pago para asignaci\u00f3n por prenatal y maternidad en mayo, con fechas espec\u00edficas seg\u00fan la terminaci\u00f3n de documentos: 0 y 1 el 14\/5, 2 y 3 el 15\/5, 4 y 5 el 16\/5, 6 y 7 el 19\/5, 8 y 9 el 20\/5.\" title=\"Calendario de pago para asignaci\u00f3n por prenatal y maternidad en mayo, con fechas espec\u00edficas seg\u00fan la terminaci\u00f3n de documentos: 0 y 1 el 14\/5, 2 y 3 el 15\/5, 4 y 5 el 16\/5, 6 y 7 el 19\/5, 8 y 9 el 20\/5.\"><\/figure>\n<h2><strong>\u00bfCu\u00e1ndo se pagan las asignaciones por matrimonio, adopci\u00f3n o nacimiento?<\/strong><\/h2>\n<p>Las <strong>asignaciones de pago \u00fanico<\/strong> como <strong>matrimonio<\/strong>, <strong>adopci\u00f3n<\/strong> y <strong>nacimiento<\/strong> est\u00e1n activas.<\/p>\n<p>Pueden cobrarse hasta el <strong>11 de junio<\/strong>, sin importar la terminaci\u00f3n del DNI.<\/p>\n<aside class=\"whatsappChannelText\"><a href=\"https:\/\/whatsapp.com\/channel\/0029VagEjILGE56eKjedWF2U\" rel=\"nofollow\" title=\"WhatsApp Link\"><img alt=\"Logo de WhatsApp\" class=\"lazyload\" data-src=\"https:\/\/derechadiario.com.ar\/filesedc\/uploads\/other\/whatsapp_icon_mid_article.png\" width=\"32\" height=\"32\"><\/a> <a href=\"https:\/\/whatsapp.com\/channel\/0029VagEjILGE56eKjedWF2U\" rel=\"nofollow\" title=\"WhatsApp Link\"><strong>NO SE PIERDAN NINGUNA NOTICIA<\/strong>: Click aqu\u00ed para sumarte <strong>GRATIS<\/strong> al canal de noticias de <strong>La Derecha Diario en WhatsApp.<\/strong><\/a><\/aside>\n<figure><img decoding=\"async\" src=\"https:\/\/derechadiario.com.ar\/filesedc\/uploads\/image\/post\/anses-mayo-asignaciones-de-pago-unico_1200_800.webp\" class=\"img-responsive lazyload\" alt=\"Calendario de asignaciones de pago \u00fanico para matrimonio, adopci\u00f3n y nacimiento en mayo, con fechas de cobro del 12\/5 al 11\/6 para la primera quincena y del 22\/5 al 11\/6 para la segunda quincena.\" title=\"Calendario de asignaciones de pago \u00fanico para matrimonio, adopci\u00f3n y nacimiento en mayo, con fechas de cobro del 12\/5 al 11\/6 para la primera quincena y del 22\/5 al 11\/6 para la segunda quincena.\"><\/figure>\n<h2><strong>\u00bfHasta cu\u00e1ndo se cobran las asignaciones familiares por pensiones no contributivas?<\/strong><\/h2>\n<p>Las <strong>asignaciones familiares de Pensiones No Contributivas (PNC)<\/strong> tambi\u00e9n siguen vigentes.<\/p>\n<p>El pago est\u00e1 habilitado hasta el <strong>11 de junio<\/strong> para <strong>todas las terminaciones de documento<\/strong>.<\/p>\n<figure><img decoding=\"async\" src=\"https:\/\/derechadiario.com.ar\/filesedc\/uploads\/image\/post\/asignaciones-familiares-pnc-anses-mayo_1200_800.webp\" class=\"img-responsive lazyload\" alt=\"Asignaciones familiares de pensiones no contributivas para cobrar en mayo con todas las terminaciones de DNI del 9 de mayo al 11 de junio.\" title=\"Asignaciones familiares de pensiones no contributivas para cobrar en mayo con todas las terminaciones de DNI del 9 de mayo al 11 de junio.\"><\/figure>\n","protected":false},"excerpt":{"rendered":"<p>La ANSES confirm\u00f3 el calendario de pagos para este martes 20 de mayo de 2025. Hoy cobran distintas prestaciones como jubilaciones, AUH, AUE y m\u00e1s. En esta nota te contamos qui\u00e9nes reciben hoy el dinero seg\u00fan su n\u00famero de documento. Adem\u00e1s, repasamos el estado de las asignaciones de pago \u00fanico y las pensiones no contributivas. [&hellip;]<\/p>\n","protected":false},"author":2,"featured_media":5074,"comment_status":"open","ping_status":"open","sticky":false,"template":"","format":"standard","meta":{"_et_pb_use_builder":"","_et_pb_old_content":"","_et_gb_content_width":"","footnotes":""},"categories":[80],"tags":[],"class_list":["post-5073","post","type-post","status-publish","format-standard","has-post-thumbnail","hentry","category-economia-2"],"_links":{"self":[{"href":"https:\/\/verdadincomodadiario.ar\/index.php?rest_route=\/wp\/v2\/posts\/5073","targetHints":{"allow":["GET"]}}],"collection":[{"href":"https:\/\/verdadincomodadiario.ar\/index.php?rest_route=\/wp\/v2\/posts"}],"about":[{"href":"https:\/\/verdadincomodadiario.ar\/index.php?rest_route=\/wp\/v2\/types\/post"}],"author":[{"embeddable":true,"href":"https:\/\/verdadincomodadiario.ar\/index.php?rest_route=\/wp\/v2\/users\/2"}],"replies":[{"embeddable":true,"href":"https:\/\/verdadincomodadiario.ar\/index.php?rest_route=%2Fwp%2Fv2%2Fcomments&post=5073"}],"version-history":[{"count":0,"href":"https:\/\/verdadincomodadiario.ar\/index.php?rest_route=\/wp\/v2\/posts\/5073\/revisions"}],"wp:featuredmedia":[{"embeddable":true,"href":"https:\/\/verdadincomodadiario.ar\/index.php?rest_route=\/wp\/v2\/media\/5074"}],"wp:attachment":[{"href":"https:\/\/verdadincomodadiario.ar\/index.php?rest_route=%2Fwp%2Fv2%2Fmedia&parent=5073"}],"wp:term":[{"taxonomy":"category","embeddable":true,"href":"https:\/\/verdadincomodadiario.ar\/index.php?rest_route=%2Fwp%2Fv2%2Fcategories&post=5073"},{"taxonomy":"post_tag","embeddable":true,"href":"https:\/\/verdadincomodadiario.ar\/index.php?rest_route=%2Fwp%2Fv2%2Ftags&post=5073"}],"curies":[{"name":"wp","href":"https:\/\/api.w.org\/{rel}","templated":true}]}}