{"id":5071,"date":"2025-05-20T11:24:56","date_gmt":"2025-05-20T11:24:56","guid":{"rendered":"https:\/\/verdadincomodadiario.ar\/?p=5071"},"modified":"2025-05-20T11:24:56","modified_gmt":"2025-05-20T11:24:56","slug":"el-gobierno-oficializo-la-baja-aranceles-a-celulares-y-electronicos-que-cambios-hay","status":"publish","type":"post","link":"https:\/\/verdadincomodadiario.ar\/?p=5071","title":{"rendered":"El Gobierno oficializ\u00f3 la baja aranceles a celulares y electr\u00f3nicos: qu\u00e9 cambios hay"},"content":{"rendered":"<p>El Gobierno nacional oficializ\u00f3 la reducci\u00f3n de aranceles de importaci\u00f3n para tel\u00e9fonos celulares, una decisi\u00f3n que implicar\u00e1 un cambio profundo en el esquema impositivo aplicado a la tecnolog\u00eda de consumo en Argentina.<\/p>\n<p>A trav\u00e9s del Decreto 333\/2025, publicado en el Bolet\u00edn Oficial, la administraci\u00f3n de Javier Milei estableci\u00f3 una disminuci\u00f3n escalonada del arancel que tributan los dispositivos importados, as\u00ed como tambi\u00e9n una baja de los impuestos internos tanto para productos del exterior como para los fabricados en Tierra del Fuego.<\/p>\n<h2>Reducci\u00f3n por etapas: del 16% al 0%<\/h2>\n<p>La primera fase de la medida ya est\u00e1 vigente y reduce el arancel de importaci\u00f3n para celulares del 16% al 8%. A partir del 15 de enero de 2026, este arancel se eliminar\u00e1 por completo. En paralelo, se aplicar\u00e1 una reducci\u00f3n de los impuestos internos del 19% al 9,5% para los equipos importados, mientras que se eliminar\u00e1n completamente para los art\u00edculos producidos bajo el r\u00e9gimen de promoci\u00f3n industrial en Tierra del Fuego.<\/p>\n<p>\u201cEl objetivo es que los argentinos puedan comprar celulares al mismo precio que en pa\u00edses vecinos, sin necesidad de viajar al exterior\u201d, explic\u00f3 el vocero presidencial, Manuel Adorni, durante la conferencia de prensa del 13 de mayo en Casa Rosada.<\/p>\n<aside class=\"are-you-interested-container-photo\"><\/aside>\n<h2>Un impacto amplio sobre la industria tecnol\u00f3gica<\/h2>\n<p>Adem\u00e1s de celulares, la rebaja impositiva incluye televisores, aires acondicionados y consolas de videojuegos, cuyos aranceles de importaci\u00f3n pasar\u00e1n del 35% al 20%. La normativa tendr\u00e1 vigencia hasta el 31 de diciembre de 2038, y se enmarca en una estrategia m\u00e1s amplia del Ejecutivo para reducir la presi\u00f3n fiscal, promover la competencia y combatir el contrabando.<\/p>\n<p>En el sector automotriz ya se hab\u00eda implementado una pol\u00edtica similar, que seg\u00fan el Gobierno permiti\u00f3 reducir robos y circulaci\u00f3n de autopartes ilegales. Se espera que el mismo efecto se replique en el segmento electr\u00f3nico, al bajar los incentivos para acudir al mercado informal.<\/p>\n<aside class=\"whatsappChannelText\"><a href=\"https:\/\/whatsapp.com\/channel\/0029VagEjILGE56eKjedWF2U\" rel=\"nofollow\" title=\"WhatsApp Link\"><img alt=\"Logo de WhatsApp\" class=\"lazyload\" data-src=\"https:\/\/derechadiario.com.ar\/filesedc\/uploads\/other\/whatsapp_icon_mid_article.png\" width=\"32\" height=\"32\"><\/a> <a href=\"https:\/\/whatsapp.com\/channel\/0029VagEjILGE56eKjedWF2U\" rel=\"nofollow\" title=\"WhatsApp Link\"><strong>NO SE PIERDAN NINGUNA NOTICIA<\/strong>: Click aqu\u00ed para sumarte <strong>GRATIS<\/strong> al canal de noticias de <strong>La Derecha Diario en WhatsApp.<\/strong><\/a><\/aside>\n<h2>Tensiones con la industria nacional<\/h2>\n<p>No obstante, la medida fue recibida con preocupaci\u00f3n por parte de algunos fabricantes locales, que advierten sobre un posible impacto negativo en el empleo y la producci\u00f3n nacional. Como respuesta, el Gobierno mantendr\u00e1 incentivos fiscales espec\u00edficos para los productos fabricados en Tierra del Fuego, apuntando a sostener la competitividad regional.<\/p>\n<p>Desde el Ministerio de Econom\u00eda se sostiene que \u201cel crecimiento del consumo formal compensar\u00e1 la eventual ca\u00edda de la recaudaci\u00f3n\u201d. Economistas consultados, sin embargo, se\u00f1alaron que el verdadero efecto depender\u00e1 del nivel de reactivaci\u00f3n del mercado interno y del volumen de importaciones que se generen.<\/p>\n<p>La apuesta del Ejecutivo es clara: dinamizar el mercado de electr\u00f3nicos, alinear precios con est\u00e1ndares internacionales y fomentar un ecosistema m\u00e1s abierto y competitivo. La medida ya est\u00e1 en marcha y su evoluci\u00f3n ser\u00e1 seguida de cerca por consumidores, empresas y funcionarios.<\/p>\n","protected":false},"excerpt":{"rendered":"<p>El Gobierno nacional oficializ\u00f3 la reducci\u00f3n de aranceles de importaci\u00f3n para tel\u00e9fonos celulares, una decisi\u00f3n que implicar\u00e1 un cambio profundo en el esquema impositivo aplicado a la tecnolog\u00eda de consumo en Argentina. A trav\u00e9s del Decreto 333\/2025, publicado en el Bolet\u00edn Oficial, la administraci\u00f3n de Javier Milei estableci\u00f3 una disminuci\u00f3n escalonada del arancel que tributan [&hellip;]<\/p>\n","protected":false},"author":2,"featured_media":5072,"comment_status":"open","ping_status":"open","sticky":false,"template":"","format":"standard","meta":{"_et_pb_use_builder":"","_et_pb_old_content":"","_et_gb_content_width":"","footnotes":""},"categories":[80],"tags":[],"class_list":["post-5071","post","type-post","status-publish","format-standard","has-post-thumbnail","hentry","category-economia-2"],"_links":{"self":[{"href":"https:\/\/verdadincomodadiario.ar\/index.php?rest_route=\/wp\/v2\/posts\/5071","targetHints":{"allow":["GET"]}}],"collection":[{"href":"https:\/\/verdadincomodadiario.ar\/index.php?rest_route=\/wp\/v2\/posts"}],"about":[{"href":"https:\/\/verdadincomodadiario.ar\/index.php?rest_route=\/wp\/v2\/types\/post"}],"author":[{"embeddable":true,"href":"https:\/\/verdadincomodadiario.ar\/index.php?rest_route=\/wp\/v2\/users\/2"}],"replies":[{"embeddable":true,"href":"https:\/\/verdadincomodadiario.ar\/index.php?rest_route=%2Fwp%2Fv2%2Fcomments&post=5071"}],"version-history":[{"count":0,"href":"https:\/\/verdadincomodadiario.ar\/index.php?rest_route=\/wp\/v2\/posts\/5071\/revisions"}],"wp:featuredmedia":[{"embeddable":true,"href":"https:\/\/verdadincomodadiario.ar\/index.php?rest_route=\/wp\/v2\/media\/5072"}],"wp:attachment":[{"href":"https:\/\/verdadincomodadiario.ar\/index.php?rest_route=%2Fwp%2Fv2%2Fmedia&parent=5071"}],"wp:term":[{"taxonomy":"category","embeddable":true,"href":"https:\/\/verdadincomodadiario.ar\/index.php?rest_route=%2Fwp%2Fv2%2Fcategories&post=5071"},{"taxonomy":"post_tag","embeddable":true,"href":"https:\/\/verdadincomodadiario.ar\/index.php?rest_route=%2Fwp%2Fv2%2Ftags&post=5071"}],"curies":[{"name":"wp","href":"https:\/\/api.w.org\/{rel}","templated":true}]}}