{"id":4999,"date":"2025-05-19T16:35:43","date_gmt":"2025-05-19T16:35:43","guid":{"rendered":"https:\/\/verdadincomodadiario.ar\/?p=4999"},"modified":"2025-05-19T16:35:43","modified_gmt":"2025-05-19T16:35:43","slug":"se-disparan-los-bonos-y-acciones-argentinas-tras-la-victoria-de-la-libertad-avanza","status":"publish","type":"post","link":"https:\/\/verdadincomodadiario.ar\/?p=4999","title":{"rendered":"Se disparan los bonos y acciones argentinas tras la victoria de La Libertad Avanza"},"content":{"rendered":"<p>Mientras los principales \u00edndices de Wall Street registran bajas de hasta un 0,6% hacia las 12:30 del mediod\u00eda, el S&#038;P Merval de la Bolsa porte\u00f1a <strong>avanza un 2,7%<\/strong>, alcanzando los 2.380.000 puntos, tras la victoria de <a href=\"https:\/\/derechadiario.com.ar\/politica\/manuel-adorni-sociedad-eligio-terminar-con-enorme-tragedia-del-kirchnerismo\" target=\"_blank\" title=\"Manuel Adorni: 'La sociedad eligi\u00f3 terminar con la enorme tragedia del kirchnerismo'\"><strong>La Libertad Avanza<\/strong><\/a>, el partido del presidente <strong>Javier Milei<\/strong>, en las <a href=\"https:\/\/derechadiario.com.ar\/politica\/libertad-avanza-arraso-caba-le-gano-santoro-y-pro-quedo-tercero-lejos\" target=\"_blank\" title=\"La Libertad Avanza arras\u00f3 en CABA, le gan\u00f3 a Santoro y el PRO qued\u00f3 tercero lejos\">elecciones porte\u00f1as<\/a>.<\/p>\n<p>En cuanto a los ADRs y las acciones de empresas argentinas que cotizan en d\u00f3lares en Wall Street, predominan los <strong>aumentos<\/strong>. Encabeza la suba Banco Supervielle con un alza del <strong>6,6%<\/strong>, seguido por Edenor (<strong>+5,8%<\/strong>) y Telecom (<strong>+5,5%<\/strong>).<\/p>\n<p>\u201c<strong>La nacionalizaci\u00f3n de la elecci\u00f3n, donde la agenda local porte\u00f1a estuvo mayormente ausente del debate, permiti\u00f3 al gobierno nacional mostrarse fuerte y tomar impulso de cara a las pr\u00f3ximas elecciones en la provincia de Buenos Aires y a nivel nacional en septiembre y octubre<\/strong>&#8220;,\u00a0se\u00f1alaron desde Max Capital,<\/p>\n<p>&#8220;<strong>Adorni celebr\u00f3 la victoria junto al presidente Milei y todos los ministros nacionales, incluidos el ministro de Econom\u00eda y el de Desregulaci\u00f3n, marcando una vez m\u00e1s la relevancia nacional de esta elecci\u00f3n<\/strong>\u201d, agregaron.<\/p>\n<aside class=\"are-you-interested-container-photo\"><\/aside>\n<div class=\"inter_image image_horizontal\">\n<picture><source class=\"img-responsive\" type=\"image\/webp\" data-srcset=\"\/filesedc\/uploads\/image\/post\/mile-dolares_300_200.webp 300w, \n\/filesedc\/uploads\/image\/post\/mile-dolares_630_420.webp 630w,\n                                \/filesedc\/uploads\/image\/post\/mile-dolares_760_507.webp 760w,\n                                \/filesedc\/uploads\/image\/post\/mile-dolares_1200_800.webp 1200w,\n                                \/filesedc\/uploads\/image\/post\/mile-dolares_1600_1067.webp 1600w\"><img decoding=\"async\" src=\"https:\/\/derechadiario.com.ar\/filesedc\/uploads\/image\/post\/mile-dolares_1200_800.webp\" class=\"img-responsive lazyload\" alt=\"Un hombre con traje y corbata gesticulando con las manos, con un fondo de billetes de cien d\u00f3lares.\" title=\"Un hombre con traje y corbata gesticulando con las manos, con un fondo de billetes de cien d\u00f3lares.\"><\/picture>\n<div>\n<span class=\"img_footer\">Javier Milei, presidente de Argentina. <\/span>| <span class=\"img_author\">La Derecha Diario<\/span>\n<\/div>\n<\/div>\n<p>\u201c<strong>Javier Milei gana en Capital y la predisposici\u00f3n alcista del Merval se dispara. Es que ya estaba la Bolsa en la pole position para la \u2018continuidad alcista\u2019. Definitivamente, ya deja atr\u00e1s el muy prolongado ajuste correctivo que nos tuvo atrapado durante cinco meses. Aunque antes, y eso s\u00ed, debi\u00f3 convalidar y consolidar el piso de la tendencia principal que surgi\u00f3 en la acelerada onda alcista que nace de los m\u00ednimos de octubre 2022 al presente<\/strong>\u201d, explic\u00f3 <strong>Jorge Fedio<\/strong>, analista t\u00e9cnico de Clave Burs\u00e1til.<\/p>\n<p>Por su parte, los bonos soberanos en d\u00f3lares \u2014tanto Bonares como Globales\u2014 registran <strong>importantes subas<\/strong>, con un <strong>avance promedio del 1,5%<\/strong>.<\/p>\n<aside class=\"whatsappChannelText\"><a href=\"https:\/\/whatsapp.com\/channel\/0029VagEjILGE56eKjedWF2U\" rel=\"nofollow\" title=\"WhatsApp Link\"><img alt=\"Logo de WhatsApp\" class=\"lazyload\" data-src=\"https:\/\/derechadiario.com.ar\/filesedc\/uploads\/other\/whatsapp_icon_mid_article.png\" width=\"32\" height=\"32\"><\/a> <a href=\"https:\/\/whatsapp.com\/channel\/0029VagEjILGE56eKjedWF2U\" rel=\"nofollow\" title=\"WhatsApp Link\"><strong>NO SE PIERDAN NINGUNA NOTICIA<\/strong>: Click aqu\u00ed para sumarte <strong>GRATIS<\/strong> al canal de noticias de <strong>La Derecha Diario en WhatsApp.<\/strong><\/a><\/aside>\n<figure><img decoding=\"async\" src=\"https:\/\/derechadiario.com.ar\/filesedc\/uploads\/image\/post\/grq2tn0xcaarhmn_1200_800.webp\" class=\"img-responsive lazyload\" alt=\"Dos personas posando para una selfie en un interior con cortinas de fondo.\" title=\"Dos personas posando para una selfie en un interior con cortinas de fondo.\"><\/figure>\n<h2>La victoria de Manuel Adorni en CABA<\/h2>\n<p>En el d\u00eda de ayer, tras la publicaci\u00f3n\u00a0de los resultados oficiales, La Libertad Avanza\u00a0arras\u00f3 en las\u00a0elecciones\u00a0legislativas de la Ciudad de Buenos Aires. Seg\u00fan los datos, la fuerza liderada por el presidente\u00a0<strong>Javier Milei<\/strong>, con su vocero\u00a0Manuel Adorni\u00a0como cabeza de lista, logr\u00f3 el\u00a0<strong>30,10%\u00a0de los votos<\/strong>, muy por encima de los dem\u00e1s partidos pol\u00edticos.<\/p>\n<p>En segundo lugar queda el peronismo, que llev\u00f3 como candidato al radical\u00a0<strong>Leandro Santoro<\/strong>, con el\u00a0<strong>27,42%<\/strong>. M\u00e1s atr\u00e1s aparece el\u00a0PRO, que present\u00f3 a la diputada nacional\u00a0<strong>Silvia Lospennato<\/strong>, con algo m\u00e1s del\u00a015%,\u00a0muy lejos\u00a0de los dos primeros espacios. Adem\u00e1s,\u00a0<strong>no logr\u00f3 ganar ninguna comuna<\/strong>.<\/p>\n<p>Los resultados oficiales representan la\u00a0primera y m\u00e1s cr\u00edtica ca\u00edda del PRO\u00a0en la Ciudad\u00a0luego de dos d\u00e9cadas, mientras que impulsan al Gobierno de Milei de cara a las elecciones legislativas en la provincia de Buenos Aires y las nacionales en octubre.<\/p>\n","protected":false},"excerpt":{"rendered":"<p>Mientras los principales \u00edndices de Wall Street registran bajas de hasta un 0,6% hacia las 12:30 del mediod\u00eda, el S&#038;P Merval de la Bolsa porte\u00f1a avanza un 2,7%, alcanzando los 2.380.000 puntos, tras la victoria de La Libertad Avanza, el partido del presidente Javier Milei, en las elecciones porte\u00f1as. En cuanto a los ADRs y [&hellip;]<\/p>\n","protected":false},"author":2,"featured_media":5000,"comment_status":"open","ping_status":"open","sticky":false,"template":"","format":"standard","meta":{"_et_pb_use_builder":"","_et_pb_old_content":"","_et_gb_content_width":"","footnotes":""},"categories":[80],"tags":[],"class_list":["post-4999","post","type-post","status-publish","format-standard","has-post-thumbnail","hentry","category-economia-2"],"_links":{"self":[{"href":"https:\/\/verdadincomodadiario.ar\/index.php?rest_route=\/wp\/v2\/posts\/4999","targetHints":{"allow":["GET"]}}],"collection":[{"href":"https:\/\/verdadincomodadiario.ar\/index.php?rest_route=\/wp\/v2\/posts"}],"about":[{"href":"https:\/\/verdadincomodadiario.ar\/index.php?rest_route=\/wp\/v2\/types\/post"}],"author":[{"embeddable":true,"href":"https:\/\/verdadincomodadiario.ar\/index.php?rest_route=\/wp\/v2\/users\/2"}],"replies":[{"embeddable":true,"href":"https:\/\/verdadincomodadiario.ar\/index.php?rest_route=%2Fwp%2Fv2%2Fcomments&post=4999"}],"version-history":[{"count":0,"href":"https:\/\/verdadincomodadiario.ar\/index.php?rest_route=\/wp\/v2\/posts\/4999\/revisions"}],"wp:featuredmedia":[{"embeddable":true,"href":"https:\/\/verdadincomodadiario.ar\/index.php?rest_route=\/wp\/v2\/media\/5000"}],"wp:attachment":[{"href":"https:\/\/verdadincomodadiario.ar\/index.php?rest_route=%2Fwp%2Fv2%2Fmedia&parent=4999"}],"wp:term":[{"taxonomy":"category","embeddable":true,"href":"https:\/\/verdadincomodadiario.ar\/index.php?rest_route=%2Fwp%2Fv2%2Fcategories&post=4999"},{"taxonomy":"post_tag","embeddable":true,"href":"https:\/\/verdadincomodadiario.ar\/index.php?rest_route=%2Fwp%2Fv2%2Ftags&post=4999"}],"curies":[{"name":"wp","href":"https:\/\/api.w.org\/{rel}","templated":true}]}}