{"id":4859,"date":"2025-05-17T00:49:36","date_gmt":"2025-05-17T00:49:36","guid":{"rendered":"https:\/\/verdadincomodadiario.ar\/?p=4859"},"modified":"2025-05-17T00:49:36","modified_gmt":"2025-05-17T00:49:36","slug":"la-corte-suprema-tomo-una-inedita-decision-y-prohibio-a-trump-deportar-pandilleros","status":"publish","type":"post","link":"https:\/\/verdadincomodadiario.ar\/?p=4859","title":{"rendered":"La Corte Suprema tom\u00f3 una in\u00e9dita decisi\u00f3n y prohibi\u00f3 a Trump deportar pandilleros"},"content":{"rendered":"<p>La Corte Suprema de Estados Unidos emiti\u00f3 una orden temporal que <strong>impide, por ahora, al gobierno del presidente <a href=\"https:\/\/derechadiario.com.ar\/internacionales\/donald-trump-acuso-corte-suprema-alinearse-izquierda-radical\" title=\"Donald Trump acus\u00f3 a la Corte Suprema de alinearse a la izquierda radical\">Donald Trump<\/a> deportar a inmigrantes ilegales\u00a0vinculados con la violenta banda venezolana Tren de Aragua,<\/strong> mientras se resuelve un litigio judicial en curso.<\/p>\n<p>La decisi\u00f3n, emitida sin firmar, devuelve el caso al Tribunal de Apelaciones del Quinto Circuito para continuar su revisi\u00f3n. <strong>Solo los jueces Samuel Alito y Clarence Thomas disintieron<\/strong> de la decisi\u00f3n.<\/p>\n<p>El fallo <strong>no aborda el fondo legal de las deportaciones bajo la Ley de Emergencia de Inmigraci\u00f3n<\/strong> (AEA), pero s\u00ed determina que los inmigrantes detenidos tienen derecho a recibir un aviso m\u00e1s adecuado antes de ser deportados. &#8221;Concedemos un alivio temporal para preservar nuestra jurisdicci\u00f3n mientras se decide la cuesti\u00f3n del aviso requerido&#8221;, dice la orden.<\/p>\n<div class=\"inter_image image_horizontal\">\n<picture><source class=\"img-responsive\" type=\"image\/webp\" data-srcset=\"\/filesedc\/uploads\/image\/post\/20230831-alitothomas-ap_300_200.webp 300w, \n\/filesedc\/uploads\/image\/post\/20230831-alitothomas-ap_630_420.webp 630w,\n                                \/filesedc\/uploads\/image\/post\/20230831-alitothomas-ap_760_507.webp 760w,\n                                \/filesedc\/uploads\/image\/post\/20230831-alitothomas-ap_1200_800.webp 1200w,\n                                \/filesedc\/uploads\/image\/post\/20230831-alitothomas-ap_1600_1067.webp 1600w\"><img decoding=\"async\" src=\"https:\/\/derechadiario.com.ar\/filesedc\/uploads\/image\/post\/20230831-alitothomas-ap_1200_800.webp\" class=\"img-responsive lazyload\" alt=\"Dos personas con togas negras sentadas frente a un fondo rojo.\" title=\"Dos personas con togas negras sentadas frente a un fondo rojo.\"><\/picture>\n<div>\n<span class=\"img_footer\">Alito y Thomas fueron los \u00fanicos que disintieron en el caso <\/span>| <span class=\"img_author\">La Derecha Diario<\/span>\n<\/div>\n<\/div>\n<p>Seg\u00fan el documento judicial, el 17 de abril un tribunal de distrito <strong>neg\u00f3 una orden de restricci\u00f3n temporal solicitada por los demandantes.<\/strong> Pocas horas despu\u00e9s, los detenidos fueron notificados de que ser\u00edan deportados esa misma noche o al d\u00eda siguiente.<\/p>\n<aside class=\"are-you-interested-container-photo\"><\/aside>\n<p>La evidencia posterior indica que <strong>el gobierno efectivamente traslad\u00f3 a algunos inmigrantes desde los centros de detenci\u00f3n hasta un aeropuerto<\/strong> el 18 de abril, aunque luego los devolvi\u00f3 a los centros.<\/p>\n<p>El tribunal cit\u00f3 el caso de Kilmar Abrego Garcia para advertir que, si los inmigrantes hubieran sido deportados a otro pa\u00eds el 19 de abril, <strong>el gobierno podr\u00eda haber alegado,<\/strong> como lo ha hecho en el pasado, <strong>que ning\u00fan tribunal estadounidense tendr\u00eda jurisdicci\u00f3n<\/strong> para intervenir una vez que los detenidos se encuentren fuera del pa\u00eds.<\/p>\n<figure><img decoding=\"async\" src=\"https:\/\/derechadiario.com.ar\/filesedc\/uploads\/image\/post\/250409-kilmar-abrego-garcia-mn-0755-d8ceeb_1200_800.webp\" class=\"img-responsive lazyload\" alt=\"Un hombre con barba y gorra negra con un logo de toro est\u00e1 sentado en un restaurante con un fondo azul.\" title=\"Un hombre con barba y gorra negra con un logo de toro est\u00e1 sentado en un restaurante con un fondo azul.\"><\/figure>\n<p>La Corte fue clara al se\u00f1alar que su decisi\u00f3n <strong>se limita al tema del aviso previo y no eval\u00faa si las deportaciones bajo el r\u00e9gimen la AEA son legales o no.<\/strong> Adem\u00e1s, reconoci\u00f3 que el gobierno tiene intereses leg\u00edtimos en materia de seguridad nacional, pero enfatiz\u00f3 que estos <strong>deben ser ejercidos de manera consistente con la Constituci\u00f3n.<\/strong> Por ello, urgi\u00f3 a los tribunales inferiores a resolver los casos relacionados con la AEA de manera r\u00e1pida.<\/p>\n<p>En su disenso, el juez Alito argument\u00f3 que <strong>la Corte Suprema no tiene jurisdicci\u00f3n en este caso,<\/strong> por lo que no deber\u00eda haber emitido ning\u00fan tipo de alivio legal. Tambi\u00e9n se\u00f1al\u00f3 que <strong>los demandantes no cumplieron con los requisitos necesarios<\/strong> para obtener una orden judicial mientras se revisa la apelaci\u00f3n.<\/p>\n<p>Finalmente, <strong>critic\u00f3 que se haya concedido la revisi\u00f3n del caso<\/strong> antes de que los tribunales inferiores hayan emitido un fallo sobre el fondo del asunto.<\/p>\n<aside class=\"whatsappChannelText\"><a href=\"https:\/\/whatsapp.com\/channel\/0029VagEjILGE56eKjedWF2U\" rel=\"nofollow\" title=\"WhatsApp Link\"><img alt=\"Logo de WhatsApp\" class=\"lazyload\" data-src=\"https:\/\/derechadiario.com.ar\/filesedc\/uploads\/other\/whatsapp_icon_mid_article.png\" width=\"32\" height=\"32\"><\/a> <a href=\"https:\/\/whatsapp.com\/channel\/0029VagEjILGE56eKjedWF2U\" rel=\"nofollow\" title=\"WhatsApp Link\"><strong>NO SE PIERDAN NINGUNA NOTICIA<\/strong>: Click aqu\u00ed para sumarte <strong>GRATIS<\/strong> al canal de noticias de <strong>La Derecha Diario en WhatsApp.<\/strong><\/a><\/aside>\n<p>Esta decisi\u00f3n tiene implicaciones importantes sobre los l\u00edmites del poder ejecutivo en materia de inmigraci\u00f3n, <strong>especialmente cuando se invoca la seguridad nacional,<\/strong> y plantea cuestionamientos sobre el uso de procedimientos acelerados sin supervisi\u00f3n judicial adecuada.<\/p>\n<figure><img decoding=\"async\" src=\"https:\/\/derechadiario.com.ar\/filesedc\/uploads\/image\/post\/1536x864-cmsv2-b9f02db8-f77e-5e61-a6da-a6592b56d587-8846104-1747438531048_1200_800.webp\" class=\"img-responsive lazyload\" alt=\"Donald Trump\" title=\"Donald Trump\"><\/figure>\n","protected":false},"excerpt":{"rendered":"<p>La Corte Suprema de Estados Unidos emiti\u00f3 una orden temporal que impide, por ahora, al gobierno del presidente Donald Trump deportar a inmigrantes ilegales\u00a0vinculados con la violenta banda venezolana Tren de Aragua, mientras se resuelve un litigio judicial en curso. La decisi\u00f3n, emitida sin firmar, devuelve el caso al Tribunal de Apelaciones del Quinto Circuito [&hellip;]<\/p>\n","protected":false},"author":2,"featured_media":4860,"comment_status":"open","ping_status":"open","sticky":false,"template":"","format":"standard","meta":{"_et_pb_use_builder":"","_et_pb_old_content":"","_et_gb_content_width":"","footnotes":""},"categories":[187,79,188],"tags":[],"class_list":["post-4859","post","type-post","status-publish","format-standard","has-post-thumbnail","hentry","category-corte","category-internacionales","category-suprema"],"_links":{"self":[{"href":"https:\/\/verdadincomodadiario.ar\/index.php?rest_route=\/wp\/v2\/posts\/4859","targetHints":{"allow":["GET"]}}],"collection":[{"href":"https:\/\/verdadincomodadiario.ar\/index.php?rest_route=\/wp\/v2\/posts"}],"about":[{"href":"https:\/\/verdadincomodadiario.ar\/index.php?rest_route=\/wp\/v2\/types\/post"}],"author":[{"embeddable":true,"href":"https:\/\/verdadincomodadiario.ar\/index.php?rest_route=\/wp\/v2\/users\/2"}],"replies":[{"embeddable":true,"href":"https:\/\/verdadincomodadiario.ar\/index.php?rest_route=%2Fwp%2Fv2%2Fcomments&post=4859"}],"version-history":[{"count":0,"href":"https:\/\/verdadincomodadiario.ar\/index.php?rest_route=\/wp\/v2\/posts\/4859\/revisions"}],"wp:featuredmedia":[{"embeddable":true,"href":"https:\/\/verdadincomodadiario.ar\/index.php?rest_route=\/wp\/v2\/media\/4860"}],"wp:attachment":[{"href":"https:\/\/verdadincomodadiario.ar\/index.php?rest_route=%2Fwp%2Fv2%2Fmedia&parent=4859"}],"wp:term":[{"taxonomy":"category","embeddable":true,"href":"https:\/\/verdadincomodadiario.ar\/index.php?rest_route=%2Fwp%2Fv2%2Fcategories&post=4859"},{"taxonomy":"post_tag","embeddable":true,"href":"https:\/\/verdadincomodadiario.ar\/index.php?rest_route=%2Fwp%2Fv2%2Ftags&post=4859"}],"curies":[{"name":"wp","href":"https:\/\/api.w.org\/{rel}","templated":true}]}}