{"id":4785,"date":"2025-05-16T16:35:00","date_gmt":"2025-05-16T16:35:00","guid":{"rendered":"https:\/\/verdadincomodadiario.ar\/?p=4785"},"modified":"2025-05-16T16:35:00","modified_gmt":"2025-05-16T16:35:00","slug":"oea-almagro-urge-a-la-corte-penal-internacional-a-detener-al-dictador-maduro","status":"publish","type":"post","link":"https:\/\/verdadincomodadiario.ar\/?p=4785","title":{"rendered":"OEA: Almagro urge a la Corte Penal Internacional a detener al dictador Maduro"},"content":{"rendered":"<p>A pocos d\u00edas de concluir su mandato como secretario general de la <strong>Organizaci\u00f3n de Estados Americanos (OEA), Luis Almagro afirm\u00f3 que la Corte Penal Internacional (CPI)<\/strong> ya cuenta con las pruebas necesarias para <strong>procesar a <a href=\"https:\/\/derechadiario.com.ar\/internacionales\/dictadura-maduro-planea-usar-al-tren-aragua-para-perseguir-opositores-eeuu\" title=\"La dictadura de Maduro planea usar al Tren de Aragua para perseguir opositores en EEUU\">Nicol\u00e1s Maduro<\/a><\/strong>\u00a0 y a los altos mandos del <strong>r\u00e9gimen venezolano.<\/strong><\/p>\n<p><strong>\u201cYa tiene elementos suficientes como para inducir actos de procesamiento para la cadena de mando del r\u00e9gimen <a href=\"https:\/\/derechadiario.com.ar\/internacionales\/bukele-ofrecio-intercambio-prisioneros-maduro-y-venezolano-lo-rechazo\" title=\"Bukele ofreci\u00f3 un intercambio de prisioneros a Maduro y el venezolano lo rechaz\u00f3\">venezolano<\/a>\u201d<\/strong>, declar\u00f3 el diplom\u00e1tico uruguayo en una entrevista con <em>NTN24<\/em>, respaldando sus dichos en el m\u00e1s reciente informe del Instituto Casla, una organizaci\u00f3n que <strong>documenta sistem\u00e1ticamente violaciones a los derechos humanos en Venezuela.<\/strong><\/p>\n<h2><strong>Cr\u00edmenes reiterados bajo un patr\u00f3n sistem\u00e1tico<\/strong><\/h2>\n<p>Seg\u00fan Almagro, <strong>el r\u00e9gimen de Maduro incurre en una \u201cnueva secuencia\u201d de cr\u00edmenes de lesa humanidad, con patrones persistentes de tortura, desapariciones forzadas y ejecuciones extrajudiciales<\/strong>. Para el titular saliente de la OEA, los informes recientes y las evidencias recopiladas deber\u00edan derivar en \u00f3rdenes de captura internacionales, con el fin de garantizar justicia para las v\u00edctimas del autoritarismo en Venezuela.<\/p>\n<div class=\"inter_image image_horizontal\">\n<picture><source class=\"img-responsive\" type=\"image\/webp\" data-srcset=\"\/filesedc\/uploads\/image\/post\/screenshot-2025-05-16-132752_300_200.webp 300w, \n\/filesedc\/uploads\/image\/post\/screenshot-2025-05-16-132752_630_420.webp 630w,\n                                \/filesedc\/uploads\/image\/post\/screenshot-2025-05-16-132752_760_507.webp 760w,\n                                \/filesedc\/uploads\/image\/post\/screenshot-2025-05-16-132752_1200_800.webp 1200w,\n                                \/filesedc\/uploads\/image\/post\/screenshot-2025-05-16-132752_1600_1067.webp 1600w\"><img decoding=\"async\" src=\"https:\/\/derechadiario.com.ar\/filesedc\/uploads\/image\/post\/screenshot-2025-05-16-132752_1200_800.webp\" class=\"img-responsive lazyload\" alt=\"Un hombre con chaqueta de Venezuela levanta los brazos en un evento p\u00fablico.\" title=\"Un hombre con chaqueta de Venezuela levanta los brazos en un evento p\u00fablico.\"><\/picture>\n<div>\n<span class=\"img_footer\">OEA: Almagro urge a la Corte Penal Internacional a detener al dictador Maduro <\/span>| <span class=\"img_author\">La Derecha Diario<\/span>\n<\/div>\n<\/div>\n<p><strong>\u201cEl documento demuestra esta nueva secuencia\u201d<\/strong>, asegur\u00f3 Almagro, y remarc\u00f3 que los elementos reunidos por el Instituto Casla ya fueron enviados a la CPI para su evaluaci\u00f3n formal.<\/p>\n<aside class=\"are-you-interested-container-photo\"><\/aside>\n<h2><strong>Una postura firme contra el autoritarismo<\/strong><\/h2>\n<p><strong>Luis Almagro<\/strong>, quien dejar\u00e1 su cargo pr\u00f3ximamente tras casi diez a\u00f1os al frente de la OEA, <strong>se caracteriz\u00f3 por una postura abiertamente cr\u00edtica frente al r\u00e9gimen de Nicol\u00e1s Maduro.<\/strong> En numerosas ocasiones denunci\u00f3 la existencia de un Estado represor, la p<strong>ersecuci\u00f3n pol\u00edtica sistem\u00e1tica y la destrucci\u00f3n del orden democr\u00e1tico en Venezuela.<\/strong><\/p>\n<aside class=\"whatsappChannelText\"><a href=\"https:\/\/whatsapp.com\/channel\/0029VagEjILGE56eKjedWF2U\" rel=\"nofollow\" title=\"WhatsApp Link\"><img alt=\"Logo de WhatsApp\" class=\"lazyload\" data-src=\"https:\/\/derechadiario.com.ar\/filesedc\/uploads\/other\/whatsapp_icon_mid_article.png\" width=\"32\" height=\"32\"><\/a> <a href=\"https:\/\/whatsapp.com\/channel\/0029VagEjILGE56eKjedWF2U\" rel=\"nofollow\" title=\"WhatsApp Link\"><strong>NO SE PIERDAN NINGUNA NOTICIA<\/strong>: Click aqu\u00ed para sumarte <strong>GRATIS<\/strong> al canal de noticias de <strong>La Derecha Diario en WhatsApp.<\/strong><\/a><\/aside>\n<figure><img decoding=\"async\" src=\"https:\/\/derechadiario.com.ar\/filesedc\/uploads\/image\/post\/screenshot-2025-05-16-132746_1200_800.webp\" class=\"img-responsive lazyload\" alt=\"Dos hombres de pie en una oficina con una bandera de Brasil y un mapa grande en la pared detr\u00e1s de ellos.\" title=\"Dos hombres de pie en una oficina con una bandera de Brasil y un mapa grande en la pared detr\u00e1s de ellos.\"><\/figure>\n<p>Su sucesor ser\u00e1 el diplom\u00e1tico surinam\u00e9s Albert Ramdin, quien asumir\u00e1 el liderazgo del organismo hemisf\u00e9rico en un contexto de <strong>renovadas tensiones pol\u00edticas en la regi\u00f3n.<\/strong><\/p>\n","protected":false},"excerpt":{"rendered":"<p>A pocos d\u00edas de concluir su mandato como secretario general de la Organizaci\u00f3n de Estados Americanos (OEA), Luis Almagro afirm\u00f3 que la Corte Penal Internacional (CPI) ya cuenta con las pruebas necesarias para procesar a Nicol\u00e1s Maduro\u00a0 y a los altos mandos del r\u00e9gimen venezolano. \u201cYa tiene elementos suficientes como para inducir actos de procesamiento [&hellip;]<\/p>\n","protected":false},"author":2,"featured_media":4786,"comment_status":"open","ping_status":"open","sticky":false,"template":"","format":"standard","meta":{"_et_pb_use_builder":"","_et_pb_old_content":"","_et_gb_content_width":"","footnotes":""},"categories":[424,187,79],"tags":[],"class_list":["post-4785","post","type-post","status-publish","format-standard","has-post-thumbnail","hentry","category-almagro","category-corte","category-internacionales"],"_links":{"self":[{"href":"https:\/\/verdadincomodadiario.ar\/index.php?rest_route=\/wp\/v2\/posts\/4785","targetHints":{"allow":["GET"]}}],"collection":[{"href":"https:\/\/verdadincomodadiario.ar\/index.php?rest_route=\/wp\/v2\/posts"}],"about":[{"href":"https:\/\/verdadincomodadiario.ar\/index.php?rest_route=\/wp\/v2\/types\/post"}],"author":[{"embeddable":true,"href":"https:\/\/verdadincomodadiario.ar\/index.php?rest_route=\/wp\/v2\/users\/2"}],"replies":[{"embeddable":true,"href":"https:\/\/verdadincomodadiario.ar\/index.php?rest_route=%2Fwp%2Fv2%2Fcomments&post=4785"}],"version-history":[{"count":0,"href":"https:\/\/verdadincomodadiario.ar\/index.php?rest_route=\/wp\/v2\/posts\/4785\/revisions"}],"wp:featuredmedia":[{"embeddable":true,"href":"https:\/\/verdadincomodadiario.ar\/index.php?rest_route=\/wp\/v2\/media\/4786"}],"wp:attachment":[{"href":"https:\/\/verdadincomodadiario.ar\/index.php?rest_route=%2Fwp%2Fv2%2Fmedia&parent=4785"}],"wp:term":[{"taxonomy":"category","embeddable":true,"href":"https:\/\/verdadincomodadiario.ar\/index.php?rest_route=%2Fwp%2Fv2%2Fcategories&post=4785"},{"taxonomy":"post_tag","embeddable":true,"href":"https:\/\/verdadincomodadiario.ar\/index.php?rest_route=%2Fwp%2Fv2%2Ftags&post=4785"}],"curies":[{"name":"wp","href":"https:\/\/api.w.org\/{rel}","templated":true}]}}