{"id":4691,"date":"2025-05-15T19:26:24","date_gmt":"2025-05-15T19:26:24","guid":{"rendered":"https:\/\/verdadincomodadiario.ar\/?p=4691"},"modified":"2025-05-15T19:26:24","modified_gmt":"2025-05-15T19:26:24","slug":"baluchistan-declaro-su-independencia-de-pakistan-en-medio-de-la-guerra-con-india","status":"publish","type":"post","link":"https:\/\/verdadincomodadiario.ar\/?p=4691","title":{"rendered":"Baluchist\u00e1n declar\u00f3 su independencia de Pakist\u00e1n en medio de la guerra con India"},"content":{"rendered":"<p>El mi\u00e9rcoles, <strong>Mir Yar Baloch,<\/strong> un prominente l\u00edder independentista baluchi, <strong>declar\u00f3 oficialmente la independencia de Baluchist\u00e1n respecto de <a href=\"https:\/\/derechadiario.com.ar\/internacionales\/pakistan-bombardeo-nuevas-posiciones-kashmir-y-declaro-guerra-india\" title=\"Pakist\u00e1n bombarde\u00f3 nuevas posiciones en Kashmir y declar\u00f3 la guerra a India\">Pakist\u00e1n<\/a>,<\/strong> mediante una serie de publicaciones en la red social X.<\/p>\n<p>En sus mensajes, <strong>acus\u00f3 a Islamabad de represi\u00f3n sistem\u00e1tica,<\/strong> detenciones forzadas y violaciones a los derechos humanos desde 1947, a\u00f1o en que Baluchist\u00e1n fue anexado al Estado pakistan\u00ed tras una intervenci\u00f3n militar.<\/p>\n<p>Mir Yar Baloch afirm\u00f3 que <strong>&#8221;Baluchist\u00e1n nunca fue parte de Pakist\u00e1n&#8221;<\/strong>\u00a0y que el pueblo baluchi ha entregado su &#8221;veredicto nacional&#8221;\u00a0saliendo a las calles en diversas protestas.<\/p>\n<p>Junto con esta declaraci\u00f3n, difundi\u00f3 im\u00e1genes de personas portando lo que identific\u00f3 como la bandera de la nueva rep\u00fablica independiente, <strong>pidiendo reconocimiento internacional inmediato<\/strong> y denunciando lo que calific\u00f3 como un &#8221;genocidio&#8221;\u00a0perpetrado por el Estado pakistan\u00ed.<\/p>\n<div class=\"inter_image image_horizontal\">\n<picture><source class=\"img-responsive\" type=\"image\/webp\" data-srcset=\"\/filesedc\/uploads\/image\/post\/mir-yar_300_200.webp 300w, \n\/filesedc\/uploads\/image\/post\/mir-yar_630_420.webp 630w,\n                                \/filesedc\/uploads\/image\/post\/mir-yar_760_507.webp 760w,\n                                \/filesedc\/uploads\/image\/post\/mir-yar_1200_800.webp 1200w,\n                                \/filesedc\/uploads\/image\/post\/mir-yar_1600_1067.webp 1600w\"><img decoding=\"async\" src=\"https:\/\/derechadiario.com.ar\/filesedc\/uploads\/image\/post\/mir-yar_1200_800.webp\" class=\"img-responsive lazyload\" alt=\"Un hombre con turbante negro sostiene un papel mientras habla frente a varios micr\u00f3fonos.\" title=\"Un hombre con turbante negro sostiene un papel mientras habla frente a varios micr\u00f3fonos.\"><\/picture>\n<div>\n<span class=\"img_footer\">El l\u00edder de Baluchist\u00e1n acus\u00f3 tambi\u00e9n a Islamabad de violaciones a los derechos humanos <\/span>| <span class=\"img_author\">La Derecha Diario<\/span>\n<\/div>\n<\/div>\n<p>Uno de los llamados m\u00e1s importantes fue dirigido a la <a href=\"https:\/\/derechadiario.com.ar\/internacionales\/india-envio-buques-guerra-pakistan-y-se-recrudece-guerra\" title=\"India envi\u00f3 buques de guerra a Pakist\u00e1n y se recrudece la guerra\">India.<\/a> Baloch solicit\u00f3 a Nueva Delhi que reconozca al Gobierno de Baluchist\u00e1n en el exilio, <strong>instale una embajada baluchi en su capital y apoye militarmente una misi\u00f3n de paz<\/strong> en el territorio para asegurar su estabilidad.<\/p>\n<p>En sus publicaciones, agradeci\u00f3 al pueblo indio por su &#8221;apoyo moral incondicional&#8221;\u00a0y <strong>pidi\u00f3 a los medios de comunicaci\u00f3n indios visibilizar la causa baluchi.<\/strong> Tambi\u00e9n expres\u00f3 respaldo a la posici\u00f3n india sobre la regi\u00f3n de Jammu y Cachemira, <strong>exigiendo que Pakist\u00e1n abandone la zona conocida como PoK<\/strong> (Pakist\u00e1n-occupied Kashmir).<\/p>\n<p>La declaraci\u00f3n ha reavivado las tensiones hist\u00f3ricas entre India y Pakist\u00e1n. En su discurso, Mir Yar Baloch advirti\u00f3 que <strong>el ej\u00e9rcito pakistan\u00ed utiliza a los civiles como escudos humanos en PoK<\/strong> y responsabiliz\u00f3 a los altos mandos militares de Islamabad por el derramamiento de sangre en la regi\u00f3n.<\/p>\n<figure><img decoding=\"async\" src=\"https:\/\/derechadiario.com.ar\/filesedc\/uploads\/image\/post\/7t6l7zyqa5klbiephkphahtx64_1200_800.webp\" class=\"img-responsive lazyload\" alt=\"Un hombre con barba y gafas est\u00e1 hablando frente a dos micr\u00f3fonos con un edificio monumental de fondo.\" title=\"Un hombre con barba y gafas est\u00e1 hablando frente a dos micr\u00f3fonos con un edificio monumental de fondo.\"><\/figure>\n<p>Record\u00f3 adem\u00e1s la <strong>rendici\u00f3n de m\u00e1s de 93.000 soldados pakistan\u00edes en Daca<\/strong> durante la guerra de independencia de Bangladesh en 1971, como un antecedente de posible humillaci\u00f3n futura si Pakist\u00e1n no cede en sus actuales pol\u00edticas.<\/p>\n<p>Baluchist\u00e1n <strong>es la provincia m\u00e1s grande y rica en recursos naturales de Pakist\u00e1n,<\/strong> ubicada estrat\u00e9gicamente en la costa del Mar Ar\u00e1bigo, y alberga el puerto de Gwadar, pieza clave del Corredor Econ\u00f3mico China-Pakist\u00e1n (CPEC).<\/p>\n<p>Sin embargo, pese a sus riquezas minerales, <strong>la regi\u00f3n ha estado marcada por la pobreza, el subdesarrollo y un conflicto de baja intensidad<\/strong> entre el Estado y los movimientos separatistas desde hace d\u00e9cadas.<\/p>\n<figure><img decoding=\"async\" src=\"https:\/\/derechadiario.com.ar\/filesedc\/uploads\/image\/post\/gq99-0pw4aalhrj_1200_800.webp\" class=\"img-responsive lazyload\" alt=\"Mapa que muestra la regi\u00f3n de Baluchist\u00e1n en Pakist\u00e1n destacada en naranja, con pa\u00edses vecinos como Ir\u00e1n, Afganist\u00e1n, India y China, y el Mar Ar\u00e1bigo al sur.\" title=\"Mapa que muestra la regi\u00f3n de Baluchist\u00e1n en Pakist\u00e1n destacada en naranja, con pa\u00edses vecinos como Ir\u00e1n, Afganist\u00e1n, India y China, y el Mar Ar\u00e1bigo al sur.\"><\/figure>\n<p>Organizaciones internacionales de derechos humanos han documentado m\u00faltiples abusos en la regi\u00f3n, <strong>incluyendo ejecuciones extrajudiciales,<\/strong> desapariciones forzadas y represi\u00f3n a activistas pol\u00edticos.<\/p>\n<p>No obstante, <strong>tanto las fuerzas armadas pakistan\u00edes como los grupos insurgentes baluchis han sido acusados de violaciones a los derechos civiles,<\/strong> lo que complica la situaci\u00f3n de la poblaci\u00f3n local.<\/p>\n<p>El acceso a la regi\u00f3n por parte de medios internacionales y observadores independientes <strong>est\u00e1 severamente restringido,<\/strong> dificultando la verificaci\u00f3n de los hechos.<\/p>\n<p>En este contexto, Mir Yar Baloch <strong>pidi\u00f3 a las Naciones Unidas que reconozcan formalmente la independencia de la Rep\u00fablica Democr\u00e1tica de Baluchist\u00e1n<\/strong> y env\u00eden misiones de paz a la zona. Tambi\u00e9n <strong>inst\u00f3 a liberar fondos para emitir moneda y pasaportes oficiales,<\/strong> y a establecer relaciones diplom\u00e1ticas con pa\u00edses aliados.<\/p>\n<figure><img decoding=\"async\" src=\"https:\/\/derechadiario.com.ar\/filesedc\/uploads\/image\/post\/pakistans-armed-forces_1200_800.webp\" class=\"img-responsive lazyload\" alt=\"Un grupo de soldados en uniforme camuflado marcha en formaci\u00f3n con una bandera ondeando al fondo.\" title=\"Un grupo de soldados en uniforme camuflado marcha en formaci\u00f3n con una bandera ondeando al fondo.\"><\/figure>\n<p>Pese a lo significativo del anuncio, el movimiento independentista baluchi enfrenta numerosos desaf\u00edos. Hist\u00f3ricamente, <strong>ha recibido escaso respaldo internacional debido a la complejidad geopol\u00edtica de la regi\u00f3n<\/strong> y al temor de desestabilizar un \u00e1rea ya vol\u00e1til.<\/p>\n<p>Mientras que Pakist\u00e1n insiste en que Baluchist\u00e1n es parte integral del pa\u00eds, <strong>ha acusado repetidamente a la India de alentar el separatismo,<\/strong> algo que Nueva Delhi niega, aunque ha manifestado preocupaci\u00f3n por los derechos humanos en la provincia.<\/p>\n<p>La proclamaci\u00f3n de independencia baluchi, en un contexto de crecientes tensiones entre India y Pakist\u00e1n, <strong>podr\u00eda marcar un punto de inflexi\u00f3n en los equilibrios regionales.<\/strong> Si bien a\u00fan no ha recibido reconocimiento oficial de ning\u00fan gobierno, representa una nueva fase en la prolongada lucha de Baluchist\u00e1n por la autodeterminaci\u00f3n.<\/p>\n<aside class=\"whatsappChannelText\"><a href=\"https:\/\/whatsapp.com\/channel\/0029VagEjILGE56eKjedWF2U\" rel=\"nofollow\" title=\"WhatsApp Link\"><img alt=\"Logo de WhatsApp\" class=\"lazyload\" data-src=\"https:\/\/derechadiario.com.ar\/filesedc\/uploads\/other\/whatsapp_icon_mid_article.png\" width=\"32\" height=\"32\"><\/a> <a href=\"https:\/\/whatsapp.com\/channel\/0029VagEjILGE56eKjedWF2U\" rel=\"nofollow\" title=\"WhatsApp Link\"><strong>NO SE PIERDAN NINGUNA NOTICIA<\/strong>: Click aqu\u00ed para sumarte <strong>GRATIS<\/strong> al canal de noticias de <strong>La Derecha Diario en WhatsApp.<\/strong><\/a><\/aside>\n<figure><img decoding=\"async\" src=\"https:\/\/derechadiario.com.ar\/filesedc\/uploads\/image\/post\/getty-680de9afc2-1745742255_1200_800.webp\" class=\"img-responsive lazyload\" alt=\"Soldados con uniforme de camuflaje y cascos patrullan una calle con \u00e1rboles y se\u00f1ales de tr\u00e1fico.\" title=\"Soldados con uniforme de camuflaje y cascos patrullan una calle con \u00e1rboles y se\u00f1ales de tr\u00e1fico.\"><\/figure>\n","protected":false},"excerpt":{"rendered":"<p>El mi\u00e9rcoles, Mir Yar Baloch, un prominente l\u00edder independentista baluchi, declar\u00f3 oficialmente la independencia de Baluchist\u00e1n respecto de Pakist\u00e1n, mediante una serie de publicaciones en la red social X. En sus mensajes, acus\u00f3 a Islamabad de represi\u00f3n sistem\u00e1tica, detenciones forzadas y violaciones a los derechos humanos desde 1947, a\u00f1o en que Baluchist\u00e1n fue anexado al [&hellip;]<\/p>\n","protected":false},"author":2,"featured_media":4692,"comment_status":"open","ping_status":"open","sticky":false,"template":"","format":"standard","meta":{"_et_pb_use_builder":"","_et_pb_old_content":"","_et_gb_content_width":"","footnotes":""},"categories":[421,422,79],"tags":[],"class_list":["post-4691","post","type-post","status-publish","format-standard","has-post-thumbnail","hentry","category-baluchistan","category-declaro","category-internacionales"],"_links":{"self":[{"href":"https:\/\/verdadincomodadiario.ar\/index.php?rest_route=\/wp\/v2\/posts\/4691","targetHints":{"allow":["GET"]}}],"collection":[{"href":"https:\/\/verdadincomodadiario.ar\/index.php?rest_route=\/wp\/v2\/posts"}],"about":[{"href":"https:\/\/verdadincomodadiario.ar\/index.php?rest_route=\/wp\/v2\/types\/post"}],"author":[{"embeddable":true,"href":"https:\/\/verdadincomodadiario.ar\/index.php?rest_route=\/wp\/v2\/users\/2"}],"replies":[{"embeddable":true,"href":"https:\/\/verdadincomodadiario.ar\/index.php?rest_route=%2Fwp%2Fv2%2Fcomments&post=4691"}],"version-history":[{"count":0,"href":"https:\/\/verdadincomodadiario.ar\/index.php?rest_route=\/wp\/v2\/posts\/4691\/revisions"}],"wp:featuredmedia":[{"embeddable":true,"href":"https:\/\/verdadincomodadiario.ar\/index.php?rest_route=\/wp\/v2\/media\/4692"}],"wp:attachment":[{"href":"https:\/\/verdadincomodadiario.ar\/index.php?rest_route=%2Fwp%2Fv2%2Fmedia&parent=4691"}],"wp:term":[{"taxonomy":"category","embeddable":true,"href":"https:\/\/verdadincomodadiario.ar\/index.php?rest_route=%2Fwp%2Fv2%2Fcategories&post=4691"},{"taxonomy":"post_tag","embeddable":true,"href":"https:\/\/verdadincomodadiario.ar\/index.php?rest_route=%2Fwp%2Fv2%2Ftags&post=4691"}],"curies":[{"name":"wp","href":"https:\/\/api.w.org\/{rel}","templated":true}]}}