{"id":4529,"date":"2025-05-14T17:59:03","date_gmt":"2025-05-14T17:59:03","guid":{"rendered":"https:\/\/verdadincomodadiario.ar\/?p=4529"},"modified":"2025-05-14T17:59:03","modified_gmt":"2025-05-14T17:59:03","slug":"cuales-son-las-condiciones-de-trump-para-regularizar-las-relaciones-con-siria","status":"publish","type":"post","link":"https:\/\/verdadincomodadiario.ar\/?p=4529","title":{"rendered":"Cu\u00e1les son las condiciones de Trump para regularizar las relaciones con Siria"},"content":{"rendered":"<p>El presidente estadounidense <a href=\"https:\/\/derechadiario.com.ar\/internacionales\/trump-se-reunio-con-al-sharaa-y-anuncio-fin-las-sanciones\" title=\"Trump se reuni\u00f3 con al-Sharaa y anunci\u00f3 el fin de las sanciones\">Donald Trump<\/a> y el presidente interino de Siria, Ahmed al-Sharaa, <strong>se reunieron por primera vez en Riad, Arabia Saudita, en un encuentro sin precedentes<\/strong> que tuvo lugar al margen de la cumbre del Consejo de Cooperaci\u00f3n del Golfo.<\/p>\n<p>La reuni\u00f3n, celebrada en una sala privada con la presencia del pr\u00edncipe heredero saudita Mohammed bin Salman y el presidente turco <a href=\"https:\/\/derechadiario.com.ar\/internacionales\/presidente-turco-erdogan-pidio-destruccion-del-estado-israel\" title=\"El presidente turco Erdogan pidi\u00f3 la destrucci\u00f3n del Estado de Israel\">Recep Tayyip Erdogan<\/a>, <strong>quien particip\u00f3 por videollamada,<\/strong>\u00a0marc\u00f3 el primer contacto directo entre un l\u00edder estadounidense y un presidente sirio en m\u00e1s de una d\u00e9cada.<\/p>\n<p>Este encuentro representa un cambio radical en la pol\u00edtica exterior de Estados Unidos hacia Siria. Trump, en su segundo mandato, ha optado por levantar las sanciones impuestas al pa\u00eds \u00e1rabe desde 2011, <strong>abriendo la puerta a una posible normalizaci\u00f3n de relaciones.<\/strong><\/p>\n<div class=\"inter_image image_horizontal\">\n<picture><source class=\"img-responsive\" type=\"image\/webp\" data-srcset=\"\/filesedc\/uploads\/image\/post\/trump-mbs-sharaa-riyadh-may2025-1747240635857_300_200.webp 300w, \n\/filesedc\/uploads\/image\/post\/trump-mbs-sharaa-riyadh-may2025-1747240635857_630_420.webp 630w,\n                                \/filesedc\/uploads\/image\/post\/trump-mbs-sharaa-riyadh-may2025-1747240635857_760_507.webp 760w,\n                                \/filesedc\/uploads\/image\/post\/trump-mbs-sharaa-riyadh-may2025-1747240635857_1200_800.webp 1200w,\n                                \/filesedc\/uploads\/image\/post\/trump-mbs-sharaa-riyadh-may2025-1747240635857_1600_1067.webp 1600w\"><img decoding=\"async\" src=\"https:\/\/derechadiario.com.ar\/filesedc\/uploads\/image\/post\/trump-mbs-sharaa-riyadh-may2025-1747240635857_1200_800.webp\" class=\"img-responsive lazyload\" alt=\"Tres hombres posan juntos en una sala decorada con banderas y candelabros.\" title=\"Tres hombres posan juntos en una sala decorada con banderas y candelabros.\"><\/picture>\n<div>\n<span class=\"img_footer\">En la reuni\u00f3n tambi\u00e9n participaron el pr\u00edncipe heredero de Arabia Saudita y el presidente de Turqu\u00eda <\/span>| <span class=\"img_author\">La Derecha Diario<\/span>\n<\/div>\n<\/div>\n<p>Sin embargo, <strong>esta apertura no es incondicional<\/strong>: Estados Unidos present\u00f3 una serie de exigencias estrat\u00e9gicas, centradas en seguridad regional y realineamientos diplom\u00e1ticos.<\/p>\n<aside class=\"are-you-interested-container-photo\"><\/aside>\n<p>Uno de los principales pedidos de Trump fue que <strong>Siria se una a los Acuerdos de Abraham,<\/strong> un conjunto de tratados impulsados por su administraci\u00f3n en 2020 que normalizaron las relaciones entre <a href=\"https:\/\/derechadiario.com.ar\/internacionales\/netanyahu-anuncio-gran-incursion-del-ejercito-israeli-franja-gaza\" title=\"Netanyahu anunci\u00f3 una gran incursi\u00f3n del ej\u00e9rcito israel\u00ed en la Franja de Gaza\">Israel<\/a> y varios pa\u00edses \u00e1rabes.<\/p>\n<p>Aunque Siria hist\u00f3ricamente no reconoce al Estado de Israel, <strong>Trump dej\u00f3 claro que este paso es indispensable para integrarse en el nuevo orden regional<\/strong> que Washington busca consolidar.<\/p>\n<p>La presencia virtual de Erdogan en la reuni\u00f3n, l\u00edder de un pa\u00eds con relaciones tensas con Israel,\u00a0<strong>refuerza la idea de un redise\u00f1o de las alianzas en Medio Oriente,<\/strong> con Siria como posible nuevo actor alineado.<\/p>\n<figure><img decoding=\"async\" src=\"https:\/\/derechadiario.com.ar\/filesedc\/uploads\/image\/post\/9572385-800x450_1200_800.webp\" class=\"img-responsive lazyload\" alt=\"Cuatro personas sentadas en una mesa sosteniendo documentos firmados, con banderas de varios pa\u00edses detr\u00e1s de ellos.\" title=\"Cuatro personas sentadas en una mesa sosteniendo documentos firmados, con banderas de varios pa\u00edses detr\u00e1s de ellos.\"><\/figure>\n<p>En materia de seguridad, Trump exigi\u00f3 a al-Sharaa la <strong>deportaci\u00f3n de todos los combatientes yihadistas extranjeros a\u00fan presentes en Siria,<\/strong> incluidos algunos grupos palestinos.<\/p>\n<aside class=\"are-you-interested-container-photo\"><\/aside>\n<p>Aunque no mencion\u00f3 organizaciones espec\u00edficas, <strong>el pedido apunta al desmantelamiento de estructuras como el Frente Popular para la Liberaci\u00f3n de Palestina \u2013 Comando General,<\/strong> activo en Damasco desde la era de <strong>Hafez al-Assad.<\/strong><\/p>\n<p>Tambi\u00e9n <strong>se discuti\u00f3 la amenaza persistente del Estado Isl\u00e1mico<\/strong> (<a href=\"https:\/\/derechadiario.com.ar\/internacionales\/justicia-espanola-le-rebajo-pena-yihadista-peruana-que-militaba-para-isis\" title=\"La Justicia espa\u00f1ola le rebaj\u00f3 la pena a una yihadista peruana que militaba para ISIS\">ISIS<\/a>), y Trump propuso cooperaci\u00f3n directa en inteligencia y control territorial para prevenir su resurgimiento.<\/p>\n<p>Otra demanda importante fue la <strong>transferencia del control de las prisiones donde est\u00e1n detenidos miembros del ISIS,<\/strong> actualmente en manos de fuerzas kurdas aliadas de Estados Unidos, hacia el Estado sirio.<\/p>\n<figure><img decoding=\"async\" src=\"https:\/\/derechadiario.com.ar\/filesedc\/uploads\/image\/post\/140716152313-isis-624x351-ap-nocreditjpg-1747240918283_1200_800.webp\" class=\"img-responsive lazyload\" alt=\"ISIS\" title=\"ISIS\"><\/figure>\n<p>Esta solicitud marca un giro significativo en la postura estadounidense, al implicar el reconocimiento de al-Sharaa <strong>como la \u00fanica autoridad leg\u00edtima sobre todo el territorio sirio<\/strong>, un cambio tras m\u00e1s de una d\u00e9cada de aislamiento diplom\u00e1tico hacia el r\u00e9gimen en Damasco.<\/p>\n<p>Aunque no se emiti\u00f3 una declaraci\u00f3n conjunta ni se celebr\u00f3 una rueda de prensa, <strong>las im\u00e1genes del encuentro fueron cuidadosamente difundidas,<\/strong> reflejando un tono sobrio y t\u00e9cnico.<\/p>\n<p>Trump busca proyectar orden, mientras al-Sharaa aspira a legitimidad internacional. Ambos l\u00edderes son conscientes de que las sanciones levantadas <strong>solo se mantendr\u00e1n si se cumplen las condiciones pactadas.<\/strong><\/p>\n<figure><img decoding=\"async\" src=\"https:\/\/derechadiario.com.ar\/filesedc\/uploads\/image\/post\/2024-syriaparliamentelections_1200_800.webp\" class=\"img-responsive lazyload\" alt=\"Una asamblea parlamentaria con personas sentadas en un recinto decorado con intrincados dise\u00f1os geom\u00e9tricos y banderas nacionales.\" title=\"Una asamblea parlamentaria con personas sentadas en un recinto decorado con intrincados dise\u00f1os geom\u00e9tricos y banderas nacionales.\"><\/figure>\n<p>Trump elogi\u00f3 a al-Sharaa, de 42 a\u00f1os, describi\u00e9ndolo como &#8221;joven, atractivo\u00a0y duro&#8221;. Aunque su pasado como combatiente en Al Qaeda en Irak y fundador del Frente al-Nusra genera pol\u00e9mica, <strong>Trump parece confiar en su capacidad de liderar<\/strong> una Siria reconstruida.<\/p>\n<aside class=\"whatsappChannelText\"><a href=\"https:\/\/whatsapp.com\/channel\/0029VagEjILGE56eKjedWF2U\" rel=\"nofollow\" title=\"WhatsApp Link\"><img alt=\"Logo de WhatsApp\" class=\"lazyload\" data-src=\"https:\/\/derechadiario.com.ar\/filesedc\/uploads\/other\/whatsapp_icon_mid_article.png\" width=\"32\" height=\"32\"><\/a> <a href=\"https:\/\/whatsapp.com\/channel\/0029VagEjILGE56eKjedWF2U\" rel=\"nofollow\" title=\"WhatsApp Link\"><strong>NO SE PIERDAN NINGUNA NOTICIA<\/strong>: Click aqu\u00ed para sumarte <strong>GRATIS<\/strong> al canal de noticias de <strong>La Derecha Diario en WhatsApp.<\/strong><\/a><\/aside>\n<p>El mandatario <strong>destac\u00f3 el respaldo del presidente Erdogan,<\/strong> quien considera que al-Sharaa &#8221;tiene una oportunidad real de hacer un buen trabajo&#8221;\u00a0en un pa\u00eds profundamente devastado.<\/p>\n<p>En declaraciones posteriores a la reuni\u00f3n, Trump reafirm\u00f3 que espera que Siria eventualmente firme los Acuerdos de Abraham, aunque <strong>reconoci\u00f3 que el pa\u00eds a\u00fan enfrenta numerosos desaf\u00edos internos.<\/strong>\u00a0&#8221;Tienen mucho trabajo por hacer&#8221;, afirm\u00f3.<\/p>\n<figure><img decoding=\"async\" src=\"https:\/\/derechadiario.com.ar\/filesedc\/uploads\/image\/post\/asset-8412c6e9-8d8b-564a-8995-b9801edc10d7_1200_800.webp\" class=\"img-responsive lazyload\" alt=\"Hombre con traje oscuro y corbata azul de pie frente a un fondo marr\u00f3n.\" title=\"Hombre con traje oscuro y corbata azul de pie frente a un fondo marr\u00f3n.\"><\/figure>\n<p>La posible normalizaci\u00f3n entre Siria y Estados Unidos, mediada por potencias regionales como Turqu\u00eda y Arabia Saudita, <strong>podr\u00eda reconfigurar completamente el tablero geopol\u00edtico de Medio Oriente.<\/strong><\/p>\n<p>No obstante, la profundidad de los cambios <strong>depender\u00e1 del cumplimiento de los compromisos asumidos y del manejo de las tensiones internas y externas<\/strong> que a\u00fan sacuden a Siria.<\/p>\n","protected":false},"excerpt":{"rendered":"<p>El presidente estadounidense Donald Trump y el presidente interino de Siria, Ahmed al-Sharaa, se reunieron por primera vez en Riad, Arabia Saudita, en un encuentro sin precedentes que tuvo lugar al margen de la cumbre del Consejo de Cooperaci\u00f3n del Golfo. La reuni\u00f3n, celebrada en una sala privada con la presencia del pr\u00edncipe heredero saudita [&hellip;]<\/p>\n","protected":false},"author":2,"featured_media":4530,"comment_status":"open","ping_status":"open","sticky":false,"template":"","format":"standard","meta":{"_et_pb_use_builder":"","_et_pb_old_content":"","_et_gb_content_width":"","footnotes":""},"categories":[409,408,79],"tags":[],"class_list":["post-4529","post","type-post","status-publish","format-standard","has-post-thumbnail","hentry","category-condiciones","category-cuales","category-internacionales"],"_links":{"self":[{"href":"https:\/\/verdadincomodadiario.ar\/index.php?rest_route=\/wp\/v2\/posts\/4529","targetHints":{"allow":["GET"]}}],"collection":[{"href":"https:\/\/verdadincomodadiario.ar\/index.php?rest_route=\/wp\/v2\/posts"}],"about":[{"href":"https:\/\/verdadincomodadiario.ar\/index.php?rest_route=\/wp\/v2\/types\/post"}],"author":[{"embeddable":true,"href":"https:\/\/verdadincomodadiario.ar\/index.php?rest_route=\/wp\/v2\/users\/2"}],"replies":[{"embeddable":true,"href":"https:\/\/verdadincomodadiario.ar\/index.php?rest_route=%2Fwp%2Fv2%2Fcomments&post=4529"}],"version-history":[{"count":0,"href":"https:\/\/verdadincomodadiario.ar\/index.php?rest_route=\/wp\/v2\/posts\/4529\/revisions"}],"wp:featuredmedia":[{"embeddable":true,"href":"https:\/\/verdadincomodadiario.ar\/index.php?rest_route=\/wp\/v2\/media\/4530"}],"wp:attachment":[{"href":"https:\/\/verdadincomodadiario.ar\/index.php?rest_route=%2Fwp%2Fv2%2Fmedia&parent=4529"}],"wp:term":[{"taxonomy":"category","embeddable":true,"href":"https:\/\/verdadincomodadiario.ar\/index.php?rest_route=%2Fwp%2Fv2%2Fcategories&post=4529"},{"taxonomy":"post_tag","embeddable":true,"href":"https:\/\/verdadincomodadiario.ar\/index.php?rest_route=%2Fwp%2Fv2%2Ftags&post=4529"}],"curies":[{"name":"wp","href":"https:\/\/api.w.org\/{rel}","templated":true}]}}