{"id":3611,"date":"2025-05-04T23:16:46","date_gmt":"2025-05-04T23:16:46","guid":{"rendered":"https:\/\/verdadincomodadiario.ar\/?p=3611"},"modified":"2025-05-04T23:16:46","modified_gmt":"2025-05-04T23:16:46","slug":"tras-tres-semanas-internado-jair-bolsonaro-recibio-el-alta-y-salio-del-hospital","status":"publish","type":"post","link":"https:\/\/verdadincomodadiario.ar\/?p=3611","title":{"rendered":"Tras tres semanas internado Jair Bolsonaro recibi\u00f3 el alta y sali\u00f3 del hospital"},"content":{"rendered":"<p>El expresidente de Brasil, <a href=\"https:\/\/derechadiario.com.ar\/internacionales\/se-agravo-estado-salud-del-expresidente-bolsonaro-y-hay-gran-preocupacion\" title=\"Se agrav\u00f3 el estado de salud del expresidente Bolsonaro y hay gran preocupaci\u00f3n\">Jair Bolsonaro,<\/a> <strong>fue dado de alta este domingo tras permanecer hospitalizado durante tres semanas<\/strong> en la cl\u00ednica privada DF Star de Brasilia.<\/p>\n<p>El l\u00edder de derecha, de 70 a\u00f1os, <strong>fue ingresado el 12 de abril y operado el d\u00eda 13 por una grave oclusi\u00f3n intestinal<\/strong>, complicaci\u00f3n derivada de la pu\u00f1alada que sufri\u00f3 durante un acto de campa\u00f1a en 2018.<\/p>\n<p>Esta <strong>fue la s\u00e9ptima cirug\u00eda relacionada con ese atentado,<\/strong> y seg\u00fan sus m\u00e9dicos, la m\u00e1s compleja hasta la fecha, <strong>con una duraci\u00f3n de aproximadamente 12 horas.<\/strong> La intervenci\u00f3n sirvi\u00f3 para desobstruir el intestino y reconstruir la pared abdominal.<\/p>\n<p>Tras pasar 17 d\u00edas en la unidad de cuidados intensivos, Bolsonaro fue trasladado al \u00e1rea de hospitalizaci\u00f3n el mi\u00e9rcoles pasado. <strong>Su evoluci\u00f3n fue favorable:<\/strong> dej\u00f3 de presentar dolores y fiebre, su presi\u00f3n arterial se mantuvo estable, y los m\u00e9dicos suspendieron su alimentaci\u00f3n intravenosa gracias a la buena tolerancia a una dieta blanda por v\u00eda oral.<\/p>\n<div class=\"inter_image image_horizontal\">\n<picture><source class=\"img-responsive\" type=\"image\/webp\" data-srcset=\"\/filesedc\/uploads\/image\/post\/jair-hosto_300_200.webp 300w, \n\/filesedc\/uploads\/image\/post\/jair-hosto_630_420.webp 630w,\n                                \/filesedc\/uploads\/image\/post\/jair-hosto_760_507.webp 760w,\n                                \/filesedc\/uploads\/image\/post\/jair-hosto_1200_800.webp 1200w,\n                                \/filesedc\/uploads\/image\/post\/jair-hosto_1600_1067.webp 1600w\"><img decoding=\"async\" src=\"https:\/\/derechadiario.com.ar\/filesedc\/uploads\/image\/post\/jair-hosto_1200_800.webp\" class=\"img-responsive lazyload\" alt=\"Un hombre sentado en una silla de hospital con una expresi\u00f3n seria y equipo m\u00e9dico al fondo.\" title=\"Un hombre sentado en una silla de hospital con una expresi\u00f3n seria y equipo m\u00e9dico al fondo.\"><\/picture>\n<div>\n<span class=\"img_footer\">La salud del exmandatario evolucion\u00f3 de manera positiva <\/span>| <span class=\"img_author\">La Derecha Diario<\/span>\n<\/div>\n<\/div>\n<p>El domingo, al salir del hospital, <strong>lo hizo caminando por sus propios medios, sonriente y saludando a un grupo de simpatizantes<\/strong> que lo esperaban con v\u00edtores y gritos de &#8221;\u00a1mito!&#8221;, el apodo con el que lo veneran sus seguidores.<\/p>\n<p>A trav\u00e9s de sus redes sociales, <strong>Bolsonaro agradeci\u00f3 a los m\u00e9dicos y expres\u00f3 su gratitud a Dios<\/strong> por lo que consider\u00f3 un &#8221;milagro&#8221;, asegurando sentirse \u201crenovado\u201d y listo para regresar a casa. Tambi\u00e9n anticip\u00f3 que su &#8221;pr\u00f3ximo desaf\u00edo&#8221;\u00a0<strong>ser\u00e1 participar en una manifestaci\u00f3n pol\u00edtica<\/strong> convocada para el pr\u00f3ximo mi\u00e9rcoles en Brasilia.<\/p>\n<p>Esta manifestaci\u00f3n busca presionar al Congreso para <strong>aprobar un proyecto de ley de amnist\u00eda<\/strong> destinado a beneficiar a los condenados por las manifestaciones frente\u00a0a las instituciones democr\u00e1ticas brasile\u00f1as que ocurrieron\u00a0el 8 de enero de 2023.<\/p>\n<div class=\"text-center\">\n<h3 class=\"dailyMotionTitle\">Tras tres semanas internado Jair Bolsonaro recibi\u00f3 el alta y sali\u00f3 del hospital<\/h3>\n<aside>\n<figure class=\"op-interactive\"><\/figure>\n<\/aside>\n<\/div>\n<p>A finales de marzo de este a\u00f1o, el Supremo Tribunal Federal <strong>decidi\u00f3 llevar a juicio ilegalmente a Bolsonaro<\/strong> por su presunto rol en la organizaci\u00f3n de ese intento de golpe de Estado.<\/p>\n<p>Seg\u00fan la Fiscal\u00eda, el expresidente habr\u00eda liderado un complot para impedir la transmisi\u00f3n pac\u00edfica del poder y mantener su mandato pese a la derrota electoral. Sin embargo, <strong>las evidencias de fraude electoral efectuado por el Partido de los Trabajadores han sido contundentes.<\/strong>\u00a0 <\/p>\n<p>De ser hallado culpable, <strong>se tratar\u00eda del primer juicio a un expresidente brasile\u00f1o<\/strong> por tentativa de golpe desde la restauraci\u00f3n democr\u00e1tica.<\/p>\n<p>Mientras se recupera f\u00edsicamente, <strong>Bolsonaro enfrenta as\u00ed un delicado panorama judicial marcado por una cruel persecuci\u00f3n pol\u00edtica.<\/strong>\u00a0La atenci\u00f3n nacional permanece dividida entre la recuperaci\u00f3n m\u00e9dica del exmandatario y las falsas acusaciones legales que pesan sobre \u00e9l.<\/p>\n<aside class=\"whatsappChannelText\"><a href=\"https:\/\/whatsapp.com\/channel\/0029VagEjILGE56eKjedWF2U\" rel=\"nofollow\" title=\"WhatsApp Link\"><img alt=\"Logo de WhatsApp\" class=\"lazyload\" data-src=\"https:\/\/derechadiario.com.ar\/filesedc\/uploads\/other\/whatsapp_icon_mid_article.png\" width=\"32\" height=\"32\"><\/a> <a href=\"https:\/\/whatsapp.com\/channel\/0029VagEjILGE56eKjedWF2U\" rel=\"nofollow\" title=\"WhatsApp Link\"><strong>NO SE PIERDAN NINGUNA NOTICIA<\/strong>: Click aqu\u00ed para sumarte <strong>GRATIS<\/strong> al canal de noticias de <strong>La Derecha Diario en WhatsApp.<\/strong><\/a><\/aside>\n<figure><img decoding=\"async\" src=\"https:\/\/derechadiario.com.ar\/filesedc\/uploads\/image\/post\/a55d3d8775fe648db460736e02fb092a-75866726_1200_800.webp\" class=\"img-responsive lazyload\" alt=\"Un hombre calvo en traje formal con una expresi\u00f3n seria y un dedo levantado frente a su rostro.\" title=\"Un hombre calvo en traje formal con una expresi\u00f3n seria y un dedo levantado frente a su rostro.\"><\/figure>\n","protected":false},"excerpt":{"rendered":"<p>El expresidente de Brasil, Jair Bolsonaro, fue dado de alta este domingo tras permanecer hospitalizado durante tres semanas en la cl\u00ednica privada DF Star de Brasilia. El l\u00edder de derecha, de 70 a\u00f1os, fue ingresado el 12 de abril y operado el d\u00eda 13 por una grave oclusi\u00f3n intestinal, complicaci\u00f3n derivada de la pu\u00f1alada que [&hellip;]<\/p>\n","protected":false},"author":2,"featured_media":3612,"comment_status":"open","ping_status":"open","sticky":false,"template":"","format":"standard","meta":{"_et_pb_use_builder":"","_et_pb_old_content":"","_et_gb_content_width":"","footnotes":""},"categories":[79,350,349],"tags":[],"class_list":["post-3611","post","type-post","status-publish","format-standard","has-post-thumbnail","hentry","category-internacionales","category-internado","category-semanas"],"_links":{"self":[{"href":"https:\/\/verdadincomodadiario.ar\/index.php?rest_route=\/wp\/v2\/posts\/3611","targetHints":{"allow":["GET"]}}],"collection":[{"href":"https:\/\/verdadincomodadiario.ar\/index.php?rest_route=\/wp\/v2\/posts"}],"about":[{"href":"https:\/\/verdadincomodadiario.ar\/index.php?rest_route=\/wp\/v2\/types\/post"}],"author":[{"embeddable":true,"href":"https:\/\/verdadincomodadiario.ar\/index.php?rest_route=\/wp\/v2\/users\/2"}],"replies":[{"embeddable":true,"href":"https:\/\/verdadincomodadiario.ar\/index.php?rest_route=%2Fwp%2Fv2%2Fcomments&post=3611"}],"version-history":[{"count":0,"href":"https:\/\/verdadincomodadiario.ar\/index.php?rest_route=\/wp\/v2\/posts\/3611\/revisions"}],"wp:featuredmedia":[{"embeddable":true,"href":"https:\/\/verdadincomodadiario.ar\/index.php?rest_route=\/wp\/v2\/media\/3612"}],"wp:attachment":[{"href":"https:\/\/verdadincomodadiario.ar\/index.php?rest_route=%2Fwp%2Fv2%2Fmedia&parent=3611"}],"wp:term":[{"taxonomy":"category","embeddable":true,"href":"https:\/\/verdadincomodadiario.ar\/index.php?rest_route=%2Fwp%2Fv2%2Fcategories&post=3611"},{"taxonomy":"post_tag","embeddable":true,"href":"https:\/\/verdadincomodadiario.ar\/index.php?rest_route=%2Fwp%2Fv2%2Ftags&post=3611"}],"curies":[{"name":"wp","href":"https:\/\/api.w.org\/{rel}","templated":true}]}}