{"id":3343,"date":"2025-04-30T21:39:18","date_gmt":"2025-04-30T21:39:18","guid":{"rendered":"https:\/\/verdadincomodadiario.ar\/?p=3343"},"modified":"2025-04-30T21:39:18","modified_gmt":"2025-04-30T21:39:18","slug":"el-gobierno-de-milei-no-actualizara-los-impuestos-a-los-combustibles-en-el-mes-de-mayo","status":"publish","type":"post","link":"https:\/\/verdadincomodadiario.ar\/?p=3343","title":{"rendered":"El gobierno de Milei no actualizar\u00e1 los impuestos a los combustibles en el mes de mayo"},"content":{"rendered":"<p>El Gobierno de <a href=\"https:\/\/derechadiario.com.ar\/politica\/libertad-avanza-hara-gran-evento-salta-proximo-viernes-2-mayo\" title=\"Las Fuerzas del Cielo har\u00e1n un gran evento en Salta el pr\u00f3ximo viernes 2 de mayo\">Javier Milei<\/a> \u00a0<strong>evita aplicar nuevos impuestos<\/strong> sobre los combustibles en mayo, <strong>acompa\u00f1ando una baja del 4% en los precios de YPF y consolidando se\u00f1ales de estabilidad macroecon\u00f3mica.<\/strong>\u00a0 El <a href=\"https:\/\/derechadiario.com.ar\/economia\/los-salarios-subieron-38-febrero-y-le-volvieron-ganaron-inflacion\" title=\"Los salarios subieron un 3,8% en febrero y le volvieron a ganaron a la inflaci\u00f3n\">Gobierno Nacional<\/a> anunci\u00f3 que no actualizar\u00e1 en mayo los impuestos a los combustibles l\u00edquidos (ICL) ni al di\u00f3xido de carbono (IDC). Esta decisi\u00f3n, tomada en sinton\u00eda con la reducci\u00f3n de precios anunciada por la petrolera <strong>YPF<\/strong>, representa un alivio directo al bolsillo de los consumidores y un gesto concreto en el camino hacia la estabilizaci\u00f3n.<\/p>\n<p>La medida fue confirmada por la \u00a0<strong>Secretar\u00eda de Energ\u00eda<\/strong>, que explic\u00f3 que \u00a0<strong>\u201cesta medida busca sostener la estabilidad de precios en un contexto de desaceleraci\u00f3n inflacionaria y consolidaci\u00f3n macroecon\u00f3mica, priorizando el alivio para los consumidores sin afectar la competitividad del sector energ\u00e9tico\u201d.<\/strong><\/p>\n<div class=\"inter_image image_vertical\">\n<picture><source class=\"img-responsive\" type=\"image\/webp\" data-srcset=\"\/filesedc\/uploads\/image\/post\/captura-de-pantalla-2025-04-29-200745_300_400.webp 300w, \n\/filesedc\/uploads\/image\/post\/captura-de-pantalla-2025-04-29-200745_630_840.webp 630w,\n                                \/filesedc\/uploads\/image\/post\/captura-de-pantalla-2025-04-29-200745_760_1013.webp 760w,\n                                \/filesedc\/uploads\/image\/post\/captura-de-pantalla-2025-04-29-200745_1200_1600.webp 1200w,\n                                \/filesedc\/uploads\/image\/post\/captura-de-pantalla-2025-04-29-200745_1600_2133.webp 1600w\"><img decoding=\"async\" src=\"https:\/\/derechadiario.com.ar\/filesedc\/uploads\/image\/post\/captura-de-pantalla-2025-04-29-200745_1200_1600.webp\" class=\"img-responsive lazyload\" alt=\"Sello de la Secretar\u00eda de Energ\u00eda de la Rep\u00fablica Argentina con el escudo nacional en el centro.\" title=\"Sello de la Secretar\u00eda de Energ\u00eda de la Rep\u00fablica Argentina con el escudo nacional en el centro.\"><\/picture>\n<div>\n<span class=\"img_footer\">Secretaria de Energ\u00eda de la Rep\u00fablica Argentina. <\/span>| <span class=\"img_author\">La Derecha Diario<\/span>\n<\/div>\n<\/div>\n<p>En paralelo, YPF \u2014empresa que controla m\u00e1s del 50% del mercado de expendio de combustibles en el pa\u00eds\u2014 <strong>comunic\u00f3 una baja promedio del 4% en los precios de la nafta<\/strong> y el gasoil en todo el territorio nacional, efectiva a partir del jueves 1\u00b0 de mayo. La decisi\u00f3n fue anunciada por el presidente y CEO de la compa\u00f1\u00eda, <strong>Horacio Mar\u00edn<\/strong>, en una entrevista concedida al periodista <strong>Eduardo Feinmann<\/strong>.<\/p>\n<p>Seg\u00fan explic\u00f3 <strong>Mar\u00edn<\/strong>, la medida responde a una estrategia de adecuaci\u00f3n de la pol\u00edtica comercial de <strong>YPF<\/strong>\u00a0 a la evoluci\u00f3n de las variables econ\u00f3micas tanto locales como internacionales, en un entorno donde comienza a vislumbrarse la recuperaci\u00f3n de la confianza y la previsibilidad.<\/p>\n<aside class=\"are-you-interested-container-photo\"><\/aside>\n<figure><img decoding=\"async\" src=\"https:\/\/derechadiario.com.ar\/filesedc\/uploads\/image\/post\/gpu0txbwiaaxhb-_1200_1600.webp\" class=\"img-responsive lazyload\" alt=\"El Gobierno Nacional no actualizar\u00e1 en mayo los impuestos a los combustibles, seg\u00fan un anuncio del Ministerio de Econom\u00eda y la Secretar\u00eda de Energ\u00eda de Argentina.\" title=\"El Gobierno Nacional no actualizar\u00e1 en mayo los impuestos a los combustibles, seg\u00fan un anuncio del Ministerio de Econom\u00eda y la Secretar\u00eda de Energ\u00eda de Argentina.\"><\/figure>\n<p>La noticia fue difundida tambi\u00e9n a trav\u00e9s de las redes sociales del <strong>Ministerio de Econom\u00eda<\/strong>, destacando que no se aplicar\u00e1n las actualizaciones impositivas correspondientes a mayo, en l\u00ednea con la pol\u00edtica de <strong>alivio fiscal<\/strong>\u00a0 transitorio sin resignar las metas de equilibrio.\u00a0<\/p>\n<aside class=\"whatsappChannelText\"><a href=\"https:\/\/whatsapp.com\/channel\/0029VagEjILGE56eKjedWF2U\" rel=\"nofollow\" title=\"WhatsApp Link\"><img alt=\"Logo de WhatsApp\" class=\"lazyload\" data-src=\"https:\/\/derechadiario.com.ar\/filesedc\/uploads\/other\/whatsapp_icon_mid_article.png\" width=\"32\" height=\"32\"><\/a> <a href=\"https:\/\/whatsapp.com\/channel\/0029VagEjILGE56eKjedWF2U\" rel=\"nofollow\" title=\"WhatsApp Link\"><strong>NO SE PIERDAN NINGUNA NOTICIA<\/strong>: Click aqu\u00ed para sumarte <strong>GRATIS<\/strong> al canal de noticias de <strong>La Derecha Diario en WhatsApp.<\/strong><\/a><\/aside>\n<p>Por otra parte recientemente, el\u00a0<strong>Instituto Nacional de Estad\u00edstica y Censos<\/strong>\u00a0 (INDEC)\u00a0inform\u00f3 que el\u00a0\u00edndice de salarios\u00a0registr\u00f3 un\u00a0<strong>incremento del 3,8%<\/strong>\u00a0durante el mes de febrero,\u00a0superando la inflaci\u00f3n del mismo, del\u00a0<strong>2,4%.<\/strong> Esto indica una\u00a0recuperaci\u00f3n real en el poder adquisitivo del salario y<\/p>\n","protected":false},"excerpt":{"rendered":"<p>El Gobierno de Javier Milei \u00a0evita aplicar nuevos impuestos sobre los combustibles en mayo, acompa\u00f1ando una baja del 4% en los precios de YPF y consolidando se\u00f1ales de estabilidad macroecon\u00f3mica.\u00a0 El Gobierno Nacional anunci\u00f3 que no actualizar\u00e1 en mayo los impuestos a los combustibles l\u00edquidos (ICL) ni al di\u00f3xido de carbono (IDC). Esta decisi\u00f3n, tomada [&hellip;]<\/p>\n","protected":false},"author":2,"featured_media":3344,"comment_status":"open","ping_status":"open","sticky":false,"template":"","format":"standard","meta":{"_et_pb_use_builder":"","_et_pb_old_content":"","_et_gb_content_width":"","footnotes":""},"categories":[80],"tags":[],"class_list":["post-3343","post","type-post","status-publish","format-standard","has-post-thumbnail","hentry","category-economia-2"],"_links":{"self":[{"href":"https:\/\/verdadincomodadiario.ar\/index.php?rest_route=\/wp\/v2\/posts\/3343","targetHints":{"allow":["GET"]}}],"collection":[{"href":"https:\/\/verdadincomodadiario.ar\/index.php?rest_route=\/wp\/v2\/posts"}],"about":[{"href":"https:\/\/verdadincomodadiario.ar\/index.php?rest_route=\/wp\/v2\/types\/post"}],"author":[{"embeddable":true,"href":"https:\/\/verdadincomodadiario.ar\/index.php?rest_route=\/wp\/v2\/users\/2"}],"replies":[{"embeddable":true,"href":"https:\/\/verdadincomodadiario.ar\/index.php?rest_route=%2Fwp%2Fv2%2Fcomments&post=3343"}],"version-history":[{"count":0,"href":"https:\/\/verdadincomodadiario.ar\/index.php?rest_route=\/wp\/v2\/posts\/3343\/revisions"}],"wp:featuredmedia":[{"embeddable":true,"href":"https:\/\/verdadincomodadiario.ar\/index.php?rest_route=\/wp\/v2\/media\/3344"}],"wp:attachment":[{"href":"https:\/\/verdadincomodadiario.ar\/index.php?rest_route=%2Fwp%2Fv2%2Fmedia&parent=3343"}],"wp:term":[{"taxonomy":"category","embeddable":true,"href":"https:\/\/verdadincomodadiario.ar\/index.php?rest_route=%2Fwp%2Fv2%2Fcategories&post=3343"},{"taxonomy":"post_tag","embeddable":true,"href":"https:\/\/verdadincomodadiario.ar\/index.php?rest_route=%2Fwp%2Fv2%2Ftags&post=3343"}],"curies":[{"name":"wp","href":"https:\/\/api.w.org\/{rel}","templated":true}]}}