{"id":3257,"date":"2025-04-29T21:15:42","date_gmt":"2025-04-29T21:15:42","guid":{"rendered":"https:\/\/verdadincomodadiario.ar\/?p=3257"},"modified":"2025-04-29T21:15:42","modified_gmt":"2025-04-29T21:15:42","slug":"anses-hoy-quienes-cobran-el-martes-29-de-abril-y-que-beneficios-se-pagan","status":"publish","type":"post","link":"https:\/\/verdadincomodadiario.ar\/?p=3257","title":{"rendered":"ANSES hoy: qui\u00e9nes cobran el martes 29 de abril y qu\u00e9 beneficios se pagan"},"content":{"rendered":"<p>La \u00a0<strong><a href=\"https:\/\/derechadiario.com.ar\/economia\/anses-confirmo-cuanto-sera-aumento-jubilaciones-y-pensiones-para-mayo-2025\" title=\"ANSES confirm\u00f3 de cu\u00e1nto ser\u00e1 el aumento en jubilaciones y pensiones para mayo 2025\">ANSES<\/a><\/strong> confirm\u00f3 el cronograma de pagos para este martes <strong>29 de abril de 2025<\/strong>. Se incluyen jubilaciones, pensiones, AUH, AUE y otras <a href=\"https:\/\/derechadiario.com.ar\/economia\/programa-hogar-anses-requisitos-y-montos-para-cobrar-mayo-2025\" title=\"Programa Hogar ANSES: requisitos y montos para cobrar en mayo 2025\">asignaciones<\/a>.<\/p>\n<p>Corresponden tanto a haberes mensuales como a prestaciones por desempleo y asignaciones familiares. El calendario depende del n\u00famero de finalizaci\u00f3n del DNI o tipo de beneficio.<\/p>\n<div class=\"inter_image image_horizontal\">\n<picture><source class=\"img-responsive\" type=\"image\/webp\" data-srcset=\"\/filesedc\/uploads\/image\/post\/anses-1-jpg_300_200.webp 300w, \n\/filesedc\/uploads\/image\/post\/anses-1-jpg_630_420.webp 630w,\n                                \/filesedc\/uploads\/image\/post\/anses-1-jpg_760_507.webp 760w,\n                                \/filesedc\/uploads\/image\/post\/anses-1-jpg_1200_800.webp 1200w,\n                                \/filesedc\/uploads\/image\/post\/anses-1-jpg_1600_1067.webp 1600w\"><img decoding=\"async\" src=\"https:\/\/derechadiario.com.ar\/filesedc\/uploads\/image\/post\/anses-1-jpg_1200_800.webp\" class=\"img-responsive lazyload\" alt=\"Fachada de una oficina de ANSES con un cartel azul y un coraz\u00f3n naranja.\" title=\"Fachada de una oficina de ANSES con un cartel azul y un coraz\u00f3n naranja.\"><\/picture>\n<div>\n<span class=\"img_footer\">Qui\u00e9nes cobran hoy seg\u00fan la terminaci\u00f3n del DNI <\/span>| <span class=\"img_author\">La Derecha Diario<\/span>\n<\/div>\n<\/div>\n<h2><strong>\u00bfQui\u00e9nes cobran hoy jubilaciones y pensiones?<\/strong><\/h2>\n<p>Este martes se paga a quienes perciben <strong>jubilaciones y pensiones que superan los $285.820,63<\/strong>.<\/p>\n<p><strong>Documentos terminados en 6 y 7<\/strong> cobran el 29 de abril.<\/p>\n<aside class=\"are-you-interested-container-photo\"><\/aside>\n<figure><img decoding=\"async\" src=\"https:\/\/derechadiario.com.ar\/filesedc\/uploads\/image\/post\/jubilaciones-superan-el-haber-minimo-anses-abril_1200_800.webp\" class=\"img-responsive lazyload\" alt=\"Calendario de pagos para jubilaciones y pensiones que superan el haber m\u00ednimo en abril, con fechas del 24 al 30 de abril seg\u00fan la terminaci\u00f3n del documento.\" title=\"Calendario de pagos para jubilaciones y pensiones que superan el haber m\u00ednimo en abril, con fechas del 24 al 30 de abril seg\u00fan la terminaci\u00f3n del documento.\"><\/figure>\n<aside class=\"whatsappChannelText\"><a href=\"https:\/\/whatsapp.com\/channel\/0029VagEjILGE56eKjedWF2U\" rel=\"nofollow\" title=\"WhatsApp Link\"><img alt=\"Logo de WhatsApp\" class=\"lazyload\" data-src=\"https:\/\/derechadiario.com.ar\/filesedc\/uploads\/other\/whatsapp_icon_mid_article.png\" width=\"32\" height=\"32\"><\/a> <a href=\"https:\/\/whatsapp.com\/channel\/0029VagEjILGE56eKjedWF2U\" rel=\"nofollow\" title=\"WhatsApp Link\"><strong>NO SE PIERDAN NINGUNA NOTICIA<\/strong>: Click aqu\u00ed para sumarte <strong>GRATIS<\/strong> al canal de noticias de <strong>La Derecha Diario en WhatsApp.<\/strong><\/a><\/aside>\n<h2><strong>Asignaciones familiares de Pensiones No Contributivas<\/strong><\/h2>\n<p>Se pagan a todas las terminaciones de documento sin distinci\u00f3n por n\u00famero.<\/p>\n<p>Los pagos estar\u00e1n disponibles <strong>hasta el 12 de mayo<\/strong>.<\/p>\n<figure><img decoding=\"async\" src=\"https:\/\/derechadiario.com.ar\/filesedc\/uploads\/image\/post\/asignaciones-familiares-pnc-anses_1200_800.webp\" class=\"img-responsive lazyload\" alt=\"Asignaciones Familiares de Pensiones No Contributivas para cobrar en abril, todas las terminaciones de DNI del 9 de abril al 12 de mayo.\" title=\"Asignaciones Familiares de Pensiones No Contributivas para cobrar en abril, todas las terminaciones de DNI del 9 de abril al 12 de mayo.\"><\/figure>\n<h2><strong>Asignaciones de pago \u00fanico: matrimonio, adopci\u00f3n y nacimiento<\/strong><\/h2>\n<p>Tambi\u00e9n se abonan sin importar el n\u00famero de DNI del beneficiario.<\/p>\n<p>Estas asignaciones estar\u00e1n disponibles <strong>hasta el 12 de mayo<\/strong>, inclusive.<\/p>\n<aside class=\"are-you-interested-container-photo\"><\/aside>\n<figure><img decoding=\"async\" src=\"https:\/\/derechadiario.com.ar\/filesedc\/uploads\/image\/post\/asignaciones-pago-unico-abril-mayo-anses-2025_1200_800.webp\" class=\"img-responsive lazyload\" alt=\"Calendario de asignaciones de pago \u00fanico para matrimonio, adopci\u00f3n y nacimiento en abril, con fechas de cobro del 10\/4 al 12\/5 para la primera quincena y del 24\/4 al 12\/5 para la segunda quincena.\" title=\"Calendario de asignaciones de pago \u00fanico para matrimonio, adopci\u00f3n y nacimiento en abril, con fechas de cobro del 10\/4 al 12\/5 para la primera quincena y del 24\/4 al 12\/5 para la segunda quincena.\"><\/figure>\n<h2><strong>\u00bfQui\u00e9nes cobran hoy la Prestaci\u00f3n por Desempleo?<\/strong><\/h2>\n<p>Hoy cobran los titulares con <strong>DNI terminados en 8 y 9<\/strong>.<\/p>\n<p>El pago corresponde al plan de abril y se realiza este martes 29 de abril.<\/p>\n<figure><img decoding=\"async\" src=\"https:\/\/derechadiario.com.ar\/filesedc\/uploads\/image\/post\/desempleo-plan-1-anses-abril_1200_800.webp\" class=\"img-responsive lazyload\" alt=\"Calendario de pagos para el Plan de Desempleo 1 correspondiente al mes de abril, con fechas asignadas seg\u00fan la terminaci\u00f3n de documentos: 23 de abril para documentos terminados en 0 y 1, 24 de abril para 2 y 3, 25 de abril para 4 y 5, 28 de abril para 6 y 7, y 29 de abril para 8 y 9.\" title=\"Calendario de pagos para el Plan de Desempleo 1 correspondiente al mes de abril, con fechas asignadas seg\u00fan la terminaci\u00f3n de documentos: 23 de abril para documentos terminados en 0 y 1, 24 de abril para 2 y 3, 25 de abril para 4 y 5, 28 de abril para 6 y 7, y 29 de abril para 8 y 9.\"><\/figure>\n<h2><strong>\u00bfD\u00f3nde consultar el calendario de pagos completo de la ANSES?<\/strong><\/h2>\n<p>El calendario actualizado de todas las prestaciones est\u00e1 disponible en el sitio oficial de <strong>anses.gob.ar<\/strong>.<\/p>\n<p>Tambi\u00e9n se puede consultar desde la app oficial o por tel\u00e9fono llamando al 130.<\/p>\n","protected":false},"excerpt":{"rendered":"<p>La \u00a0ANSES confirm\u00f3 el cronograma de pagos para este martes 29 de abril de 2025. Se incluyen jubilaciones, pensiones, AUH, AUE y otras asignaciones. Corresponden tanto a haberes mensuales como a prestaciones por desempleo y asignaciones familiares. El calendario depende del n\u00famero de finalizaci\u00f3n del DNI o tipo de beneficio. Qui\u00e9nes cobran hoy seg\u00fan la [&hellip;]<\/p>\n","protected":false},"author":2,"featured_media":3258,"comment_status":"open","ping_status":"open","sticky":false,"template":"","format":"standard","meta":{"_et_pb_use_builder":"","_et_pb_old_content":"","_et_gb_content_width":"","footnotes":""},"categories":[80],"tags":[],"class_list":["post-3257","post","type-post","status-publish","format-standard","has-post-thumbnail","hentry","category-economia-2"],"_links":{"self":[{"href":"https:\/\/verdadincomodadiario.ar\/index.php?rest_route=\/wp\/v2\/posts\/3257","targetHints":{"allow":["GET"]}}],"collection":[{"href":"https:\/\/verdadincomodadiario.ar\/index.php?rest_route=\/wp\/v2\/posts"}],"about":[{"href":"https:\/\/verdadincomodadiario.ar\/index.php?rest_route=\/wp\/v2\/types\/post"}],"author":[{"embeddable":true,"href":"https:\/\/verdadincomodadiario.ar\/index.php?rest_route=\/wp\/v2\/users\/2"}],"replies":[{"embeddable":true,"href":"https:\/\/verdadincomodadiario.ar\/index.php?rest_route=%2Fwp%2Fv2%2Fcomments&post=3257"}],"version-history":[{"count":0,"href":"https:\/\/verdadincomodadiario.ar\/index.php?rest_route=\/wp\/v2\/posts\/3257\/revisions"}],"wp:featuredmedia":[{"embeddable":true,"href":"https:\/\/verdadincomodadiario.ar\/index.php?rest_route=\/wp\/v2\/media\/3258"}],"wp:attachment":[{"href":"https:\/\/verdadincomodadiario.ar\/index.php?rest_route=%2Fwp%2Fv2%2Fmedia&parent=3257"}],"wp:term":[{"taxonomy":"category","embeddable":true,"href":"https:\/\/verdadincomodadiario.ar\/index.php?rest_route=%2Fwp%2Fv2%2Fcategories&post=3257"},{"taxonomy":"post_tag","embeddable":true,"href":"https:\/\/verdadincomodadiario.ar\/index.php?rest_route=%2Fwp%2Fv2%2Ftags&post=3257"}],"curies":[{"name":"wp","href":"https:\/\/api.w.org\/{rel}","templated":true}]}}