{"id":3255,"date":"2025-04-29T21:15:43","date_gmt":"2025-04-29T21:15:43","guid":{"rendered":"https:\/\/verdadincomodadiario.ar\/?p=3255"},"modified":"2025-04-29T21:15:43","modified_gmt":"2025-04-29T21:15:43","slug":"ypf-bajara-4-los-precios-de-sus-combustibles-por-la-baja-internacional-del-petroleo","status":"publish","type":"post","link":"https:\/\/verdadincomodadiario.ar\/?p=3255","title":{"rendered":"YPF bajar\u00e1 4% los precios de sus combustibles por la baja internacional del petr\u00f3leo"},"content":{"rendered":"<p><strong>La petrolera estatal YPF anunci\u00f3 una baja del 4% promedio<\/strong> en los precios de la nafta y el gasoil en todo el pa\u00eds, medida que entrar\u00e1 en vigencia este jueves <strong>1\u00b0 de mayo<\/strong>. La decisi\u00f3n fue confirmada por el presidente y CEO de la compa\u00f1\u00eda, Horacio Mar\u00edn, durante una entrevista en <em>Radio Mitre<\/em> con Eduardo Feinmann.<\/p>\n<h2><strong>Un ajuste en l\u00ednea con las variables econ\u00f3micas<\/strong><\/h2>\n<p>La rebaja responde a un an\u00e1lisis integral de las condiciones del mercado internacional y local, incluyendo la evoluci\u00f3n del precio del <strong>Brent<\/strong>, el tipo de cambio, los impuestos y los valores de los biocombustibles. \u201cA partir del 1 de mayo, que es el <strong>D\u00eda del Trabajador<\/strong>, el promedio de los combustibles YPF lo va a bajar 4%\u201d, declar\u00f3 Mar\u00edn, en una entrevista \u00a0<strong>radial emitida este lunes.<\/strong><\/p>\n<p><strong>El ajuste forma parte de una pol\u00edtica de precios que busca reflejar la din\u00e1mica de los costos reales.<\/strong> No es la primera vez que YPF reduce sus precios: en octubre de 2024, la empresa ya hab\u00eda implementado una rebaja del 5%, aunque fue neutralizada parcialmente por un posterior aumento impositivo.<\/p>\n<p><strong>\u201cEs la segunda vez que yo lo hago<\/strong>. La otra vez baj\u00e9 cinco, pero despu\u00e9s hubo un aumento de impuestos que termin\u00f3 siendo uno en dos\u201d, explic\u00f3 el titular de YPF al hacer referencia a esa medida anterior.<\/p>\n<aside class=\"are-you-interested-container-photo\"><\/aside>\n<h2><strong>Los factores detr\u00e1s de la decisi\u00f3n<\/strong><\/h2>\n<p>Seg\u00fan explic\u00f3 Mar\u00edn, la pol\u00edtica de precios de la petrolera se basa en cuatro par\u00e1metros clave:<\/p>\n<ul>\n<li>El precio internacional del petr\u00f3leo (Brent)<\/li>\n<li>La cotizaci\u00f3n del d\u00f3lar<\/li>\n<li>La carga impositiva<\/li>\n<li>El costo de los biocombustibles<\/li>\n<\/ul>\n<p>\u201cEl Brent baj\u00f3, y seg\u00fan el precio del petr\u00f3leo es que tomamos decisiones\u201d, remarc\u00f3 el ejecutivo. En los \u00faltimos meses, <strong>el precio del barril de Brent se estabiliz\u00f3 en niveles menores a los registrados durante 2022 y parte de 2023<\/strong>, lo que permiti\u00f3 revisar a la baja los valores locales.<\/p>\n<aside class=\"whatsappChannelText\"><a href=\"https:\/\/whatsapp.com\/channel\/0029VagEjILGE56eKjedWF2U\" rel=\"nofollow\" title=\"WhatsApp Link\"><img alt=\"Logo de WhatsApp\" class=\"lazyload\" data-src=\"https:\/\/derechadiario.com.ar\/filesedc\/uploads\/other\/whatsapp_icon_mid_article.png\" width=\"32\" height=\"32\"><\/a> <a href=\"https:\/\/whatsapp.com\/channel\/0029VagEjILGE56eKjedWF2U\" rel=\"nofollow\" title=\"WhatsApp Link\"><strong>NO SE PIERDAN NINGUNA NOTICIA<\/strong>: Click aqu\u00ed para sumarte <strong>GRATIS<\/strong> al canal de noticias de <strong>La Derecha Diario en WhatsApp.<\/strong><\/a><\/aside>\n<p>Adem\u00e1s, <strong>la ca\u00edda en la demanda global y el aumento de producci\u00f3n fuera de la OPEP+ influyeron en la tendencia descendente del petr\u00f3leo<\/strong>. A esto se suma cierta estabilidad geopol\u00edtica que ayud\u00f3 a distender el mercado energ\u00e9tico internacional.<\/p>\n<h2><strong>Compromiso con los consumidores<\/strong><\/h2>\n<p><strong>Mar\u00edn sostuvo que la pol\u00edtica de la empresa apunta a mantener una relaci\u00f3n transparente con los usuarios<\/strong>: \u201cTenemos un compromiso t\u00e1cito que tenemos nosotros en YPF con todos los consumidores, que cuando hay que bajar la nafta la bajamos, pero que cuando hay que subirla tambi\u00e9n la vamos a subir\u201d.<\/p>\n<p><strong>El directivo explic\u00f3 que los movimientos de precios no son arbitrarios<\/strong>, sino consecuencia de un seguimiento constante de variables clave, buscando mantener competitividad y sostenibilidad operativa.<\/p>\n<p>La baja del 4% se aplicar\u00e1 a todas las estaciones de servicio de \u00a0<strong>YPF del pa\u00eds a partir del jueves 1\u00b0 de mayo<\/strong>, coincidiendo con el feriado por el D\u00eda del Trabajador.<\/p>\n","protected":false},"excerpt":{"rendered":"<p>La petrolera estatal YPF anunci\u00f3 una baja del 4% promedio en los precios de la nafta y el gasoil en todo el pa\u00eds, medida que entrar\u00e1 en vigencia este jueves 1\u00b0 de mayo. La decisi\u00f3n fue confirmada por el presidente y CEO de la compa\u00f1\u00eda, Horacio Mar\u00edn, durante una entrevista en Radio Mitre con Eduardo [&hellip;]<\/p>\n","protected":false},"author":2,"featured_media":3256,"comment_status":"open","ping_status":"open","sticky":false,"template":"","format":"standard","meta":{"_et_pb_use_builder":"","_et_pb_old_content":"","_et_gb_content_width":"","footnotes":""},"categories":[80],"tags":[],"class_list":["post-3255","post","type-post","status-publish","format-standard","has-post-thumbnail","hentry","category-economia-2"],"_links":{"self":[{"href":"https:\/\/verdadincomodadiario.ar\/index.php?rest_route=\/wp\/v2\/posts\/3255","targetHints":{"allow":["GET"]}}],"collection":[{"href":"https:\/\/verdadincomodadiario.ar\/index.php?rest_route=\/wp\/v2\/posts"}],"about":[{"href":"https:\/\/verdadincomodadiario.ar\/index.php?rest_route=\/wp\/v2\/types\/post"}],"author":[{"embeddable":true,"href":"https:\/\/verdadincomodadiario.ar\/index.php?rest_route=\/wp\/v2\/users\/2"}],"replies":[{"embeddable":true,"href":"https:\/\/verdadincomodadiario.ar\/index.php?rest_route=%2Fwp%2Fv2%2Fcomments&post=3255"}],"version-history":[{"count":0,"href":"https:\/\/verdadincomodadiario.ar\/index.php?rest_route=\/wp\/v2\/posts\/3255\/revisions"}],"wp:featuredmedia":[{"embeddable":true,"href":"https:\/\/verdadincomodadiario.ar\/index.php?rest_route=\/wp\/v2\/media\/3256"}],"wp:attachment":[{"href":"https:\/\/verdadincomodadiario.ar\/index.php?rest_route=%2Fwp%2Fv2%2Fmedia&parent=3255"}],"wp:term":[{"taxonomy":"category","embeddable":true,"href":"https:\/\/verdadincomodadiario.ar\/index.php?rest_route=%2Fwp%2Fv2%2Fcategories&post=3255"},{"taxonomy":"post_tag","embeddable":true,"href":"https:\/\/verdadincomodadiario.ar\/index.php?rest_route=%2Fwp%2Fv2%2Ftags&post=3255"}],"curies":[{"name":"wp","href":"https:\/\/api.w.org\/{rel}","templated":true}]}}