{"id":3251,"date":"2025-04-29T21:15:45","date_gmt":"2025-04-29T21:15:45","guid":{"rendered":"https:\/\/verdadincomodadiario.ar\/?p=3251"},"modified":"2025-04-29T21:15:45","modified_gmt":"2025-04-29T21:15:45","slug":"ley-bases-como-se-privatizaran-las-ocho-empresas-estatales-en-la-mira-de-milei","status":"publish","type":"post","link":"https:\/\/verdadincomodadiario.ar\/?p=3251","title":{"rendered":"Ley Bases: c\u00f3mo se privatizar\u00e1n las ocho empresas estatales en la mira de Milei"},"content":{"rendered":"<p><strong>El Gobierno de Javier Milei ya defini\u00f3 el plan de privatizaci\u00f3n de ocho empresas estatales contempladas en la Ley Bases<\/strong>. La estrategia oficial apunta a que el proceso sea riguroso y transparente, con foco en obtener \u201cel mejor precio posible\u201d y sin generar conflictos legales posteriores, seg\u00fan confirmaron fuentes oficiales a Infobae.<\/p>\n<p><strong>Las compa\u00f1\u00edas que entran en esta primera etapa son: Enarsa, Nucleoel\u00e9ctrica, YCRT (R\u00edo Turbio), Intercargo, AySA, Trenes Argentinos, Belgrano Cargas y Corredores Viales<\/strong>. El responsable de coordinar las estrategias es Diego Chaher, titular de la Agencia de Transformaci\u00f3n de Empresas P\u00fablicas.<\/p>\n<h2><strong>Proceso gradual y con respaldo legal<\/strong><\/h2>\n<p>Desde el Ejecutivo aclaran que no habr\u00e1 privatizaciones apresuradas. Aunque algunos casos podr\u00edan resolverse en 2024, el objetivo es tener todos los pasos previos listos antes de noviembre, fecha clave para presentar una hoja de ruta clara al Fondo Monetario Internacional (FMI).<\/p>\n<p>El esquema se estructura en varias etapas:<\/p>\n<aside class=\"are-you-interested-container-photo\"><\/aside>\n<ul>\n<li>Ley Bases como marco jur\u00eddico<\/li>\n<li>Decreto presidencial habilitante<\/li>\n<li>Informes t\u00e9cnicos<\/li>\n<li>Pliegos de concursos<\/li>\n<li>Venta o concesi\u00f3n<\/li>\n<\/ul>\n<p>Hasta ahora, cuatro empresas han alcanzado la segunda etapa: Enarsa, Intercargo, Corredores Viales y Belgrano Cargas.<\/p>\n<h2><strong>Tres modelos de privatizaci\u00f3n<\/strong><\/h2>\n<p>Los mecanismos contemplados son tres y podr\u00edan usarse de forma combinada:<\/p>\n<ul>\n<li>Venta de acciones por concursos p\u00fablicos abiertos a inversores locales e internacionales.<\/li>\n<li>Oferta P\u00fablica de Venta (OPV) en la Bolsa.<\/li>\n<li>Concesi\u00f3n de operaciones y posterior baja del CUIT de la empresa.<\/li>\n<\/ul>\n<p><strong>\u201cCon Milei, el mundo ha vuelto a interesarse en Argentina\u201d<\/strong>, asegur\u00f3 un funcionario en di\u00e1logo con Infobae. Y agreg\u00f3: \u00a0<strong>\u201cSi la macroeconom\u00eda se ordena y logramos resultados electorales positivos, las inversiones van a llegar\u201d.<\/strong><\/p>\n<h2><strong>Plan empresa por empresa<\/strong><\/h2>\n<p>Seg\u00fan reconstruy\u00f3 <em>Infobae<\/em>, la hoja de ruta es la siguiente:<\/p>\n<ul>\n<li>Enarsa: Se dividir\u00e1 en 15 unidades. Se comenzar\u00e1 vendiendo las acciones de Citelec (controladora de Transener) por concurso nacional e internacional.<\/li>\n<li>Intercargo: Venta por concurso p\u00fablico.<\/li>\n<li>AySA: Mayor\u00eda accionaria v\u00eda concurso; minor\u00eda v\u00eda OPV.<\/li>\n<li>Belgrano Cargas: Licitaci\u00f3n de operaciones, venta de rodados y cierre de CUIT.<\/li>\n<li>Trenes Argentinos (SOFSA): Licitaci\u00f3n de servicios, con participaci\u00f3n estatal residual.<\/li>\n<li>Corredores Viales: Concesi\u00f3n y cierre posterior.<\/li>\n<li>Nucleoel\u00e9ctrica: Venta de hasta el 49% por concurso.<\/li>\n<li>YCRT (R\u00edo Turbio): Venta mediante concurso con operador a cargo de la gesti\u00f3n.<\/li>\n<\/ul>\n<h2><strong>Empresas fuera de la Ley Bases y gasto p\u00fablico<\/strong><\/h2>\n<p><strong>El presidente Milei insiste en que \u201ctodo lo que pueda estar en manos privadas, se vender\u00e1\u201d<\/strong>, incluso las empresas excluidas de la Ley Bases por presi\u00f3n de la oposici\u00f3n: Aerol\u00edneas Argentinas, RTA (Radio y TV P\u00fablica) y Correo Argentino. Tambi\u00e9n se apunta al Banco Naci\u00f3n, al que ya se le quit\u00f3 el monopolio del pago de sueldos p\u00fablicos.<\/p>\n<p>Seg\u00fan cifras oficiales, en lo que va del a\u00f1o, el Tesoro destin\u00f3 m\u00e1s de $4 billones para financiar el d\u00e9ficit operativo de estas compa\u00f1\u00edas.<\/p>\n<h2><strong>Expectativas de inversi\u00f3n y contexto econ\u00f3mico<\/strong><\/h2>\n<p><strong>El Gobierno es consciente del impacto de los tiempos pol\u00edticos y econ\u00f3micos.<\/strong> La mayor\u00eda de las operaciones se proyectan para despu\u00e9s de las elecciones, esperando que una econom\u00eda m\u00e1s estable estimule la inversi\u00f3n.<\/p>\n<aside class=\"whatsappChannelText\"><a href=\"https:\/\/whatsapp.com\/channel\/0029VagEjILGE56eKjedWF2U\" rel=\"nofollow\" title=\"WhatsApp Link\"><img alt=\"Logo de WhatsApp\" class=\"lazyload\" data-src=\"https:\/\/derechadiario.com.ar\/filesedc\/uploads\/other\/whatsapp_icon_mid_article.png\" width=\"32\" height=\"32\"><\/a> <a href=\"https:\/\/whatsapp.com\/channel\/0029VagEjILGE56eKjedWF2U\" rel=\"nofollow\" title=\"WhatsApp Link\"><strong>NO SE PIERDAN NINGUNA NOTICIA<\/strong>: Click aqu\u00ed para sumarte <strong>GRATIS<\/strong> al canal de noticias de <strong>La Derecha Diario en WhatsApp.<\/strong><\/a><\/aside>\n<p>Sin embargo, <strong>los datos del Banco Central muestran un contexto desafiante: la Inversi\u00f3n Extranjera Directa (IED) sigue en ca\u00edda<\/strong>, con una salida neta de USD 2.200 millones entre diciembre y febrero. El objetivo es revertir esta tendencia con se\u00f1ales claras al mercado.<\/p>\n","protected":false},"excerpt":{"rendered":"<p>El Gobierno de Javier Milei ya defini\u00f3 el plan de privatizaci\u00f3n de ocho empresas estatales contempladas en la Ley Bases. La estrategia oficial apunta a que el proceso sea riguroso y transparente, con foco en obtener \u201cel mejor precio posible\u201d y sin generar conflictos legales posteriores, seg\u00fan confirmaron fuentes oficiales a Infobae. Las compa\u00f1\u00edas que [&hellip;]<\/p>\n","protected":false},"author":2,"featured_media":3252,"comment_status":"open","ping_status":"open","sticky":false,"template":"","format":"standard","meta":{"_et_pb_use_builder":"","_et_pb_old_content":"","_et_gb_content_width":"","footnotes":""},"categories":[80],"tags":[],"class_list":["post-3251","post","type-post","status-publish","format-standard","has-post-thumbnail","hentry","category-economia-2"],"_links":{"self":[{"href":"https:\/\/verdadincomodadiario.ar\/index.php?rest_route=\/wp\/v2\/posts\/3251","targetHints":{"allow":["GET"]}}],"collection":[{"href":"https:\/\/verdadincomodadiario.ar\/index.php?rest_route=\/wp\/v2\/posts"}],"about":[{"href":"https:\/\/verdadincomodadiario.ar\/index.php?rest_route=\/wp\/v2\/types\/post"}],"author":[{"embeddable":true,"href":"https:\/\/verdadincomodadiario.ar\/index.php?rest_route=\/wp\/v2\/users\/2"}],"replies":[{"embeddable":true,"href":"https:\/\/verdadincomodadiario.ar\/index.php?rest_route=%2Fwp%2Fv2%2Fcomments&post=3251"}],"version-history":[{"count":0,"href":"https:\/\/verdadincomodadiario.ar\/index.php?rest_route=\/wp\/v2\/posts\/3251\/revisions"}],"wp:featuredmedia":[{"embeddable":true,"href":"https:\/\/verdadincomodadiario.ar\/index.php?rest_route=\/wp\/v2\/media\/3252"}],"wp:attachment":[{"href":"https:\/\/verdadincomodadiario.ar\/index.php?rest_route=%2Fwp%2Fv2%2Fmedia&parent=3251"}],"wp:term":[{"taxonomy":"category","embeddable":true,"href":"https:\/\/verdadincomodadiario.ar\/index.php?rest_route=%2Fwp%2Fv2%2Fcategories&post=3251"},{"taxonomy":"post_tag","embeddable":true,"href":"https:\/\/verdadincomodadiario.ar\/index.php?rest_route=%2Fwp%2Fv2%2Ftags&post=3251"}],"curies":[{"name":"wp","href":"https:\/\/api.w.org\/{rel}","templated":true}]}}