{"id":3249,"date":"2025-04-29T21:15:46","date_gmt":"2025-04-29T21:15:46","guid":{"rendered":"https:\/\/verdadincomodadiario.ar\/?p=3249"},"modified":"2025-04-29T21:15:46","modified_gmt":"2025-04-29T21:15:46","slug":"toto-caputo-anticipo-que-prepara-una-politica-clave-para-fomentar-la-dolarizacion","status":"publish","type":"post","link":"https:\/\/verdadincomodadiario.ar\/?p=3249","title":{"rendered":"Toto Caputo anticip\u00f3 que prepara una pol\u00edtica clave para fomentar la dolarizaci\u00f3n"},"content":{"rendered":"<p>En el marco del <strong>Congreso Econ\u00f3mico Argentino ExpoEFI<\/strong>, el ministro de Econom\u00eda, <a href=\"https:\/\/derechadiario.com.ar\/politica\/las-tres-anclas-tuvo-su-estreno-carajo-con-saludo-especial-toto-caputo\" title=\"Las Tres Anclas tuvo su estreno en Carajo con un saludo especial de Toto Caputo\">Luis Caputo<\/a>, adelant\u00f3 que <strong>el Gobierno presentar\u00e1 en las pr\u00f3ximas semanas una nueva medida para incentivar el uso de d\u00f3lares en la econom\u00eda argentina,<\/strong> la cual, seg\u00fan asegur\u00f3, \u201cva a sorprender\u201d. Esta iniciativa se enmarca dentro del proceso de remonetizaci\u00f3n que <strong>impulsa el equipo econ\u00f3mico y se sumar\u00e1 a otras herramientas ya implementadas.<\/strong><\/p>\n<p><strong>\u201cHoy el desaf\u00edo es monetizar una econom\u00eda que est\u00e1 con niveles muy bajos de liquidez\u201d<\/strong>, explic\u00f3 Caputo. Detall\u00f3 que el sistema opera con menos de la mitad de su monetizaci\u00f3n habitual, por lo que resulta necesario incorporar m\u00e1s medios de pago, tanto en pesos como en d\u00f3lares.<\/p>\n<h2><strong>Competencia de monedas y nuevas herramientas<\/strong><\/h2>\n<p><a href=\"https:\/\/derechadiario.com.ar\/politica\/karina-milei-y-toto-caputo-lideraron-masivo-acto-afiliacion-lla-palermo\" title=\"Karina Milei y 'Toto' Caputo lideraron un masivo acto de afiliaci\u00f3n de LLA en Palermo\">Caputo<\/a> insisti\u00f3 en que al Gobierno no le preocupa si la remonetizaci\u00f3n se da en moneda local o extranjera: <strong>\u201cEstamos en competencia de monedas\u201d<\/strong>, afirm\u00f3. En ese sentido, anunci\u00f3 que en un plazo de dos semanas se difundir\u00e1 una pol\u00edtica que <strong>fomentar\u00e1 el ahorro y el consumo en d\u00f3lares, aunque evit\u00f3 dar m\u00e1s detalles.<\/strong><\/p>\n<div class=\"inter_image image_horizontal\">\n<picture><source class=\"img-responsive\" type=\"image\/webp\" data-srcset=\"\/filesedc\/uploads\/image\/post\/screenshot-2025-04-29-142959_300_200.webp 300w, \n\/filesedc\/uploads\/image\/post\/screenshot-2025-04-29-142959_630_420.webp 630w,\n                                \/filesedc\/uploads\/image\/post\/screenshot-2025-04-29-142959_760_507.webp 760w,\n                                \/filesedc\/uploads\/image\/post\/screenshot-2025-04-29-142959_1200_800.webp 1200w,\n                                \/filesedc\/uploads\/image\/post\/screenshot-2025-04-29-142959_1600_1067.webp 1600w\"><img decoding=\"async\" src=\"https:\/\/derechadiario.com.ar\/filesedc\/uploads\/image\/post\/screenshot-2025-04-29-142959_1200_800.webp\" class=\"img-responsive lazyload\" alt=\"Un hombre de traje y corbata roja hablando en un podio con micr\u00f3fonos frente a un fondo azul.\" title=\"Un hombre de traje y corbata roja hablando en un podio con micr\u00f3fonos frente a un fondo azul.\"><\/picture>\n<div>\n<span class=\"img_footer\">Toto Caputo anticip\u00f3 que prepara una pol\u00edtica clave para fomentar la dolarizaci\u00f3n <\/span>| <span class=\"img_author\">La Derecha Diario<\/span>\n<\/div>\n<\/div>\n<p>Como antecedente, \u00a0<strong>el ministro record\u00f3 que ya se implementaron instrumentos como el retiro de pesos mediante bonos<\/strong>, espec\u00edficamente el bono predial para dividendos. Tambi\u00e9n explic\u00f3 que las utilidades del Banco Central se destinar\u00e1n a constituir reservas del Tesoro y no ser\u00e1n usadas para gasto corriente.<\/p>\n<aside class=\"are-you-interested-container-photo\"><\/aside>\n<h2><strong>Resultados del plan econ\u00f3mico<\/strong><\/h2>\n<p>Caputo destac\u00f3 las tres etapas del programa econ\u00f3mico del Gobierno:<\/p>\n<ul>\n<li>Eliminaci\u00f3n del d\u00e9ficit fiscal sin subir impuestos, reduciendo el gasto un 30%.<\/li>\n<li>Correcci\u00f3n del d\u00e9ficit cuasifiscal con tasas reales negativas y el lanzamiento del bono Boreal.<\/li>\n<li>Proceso de remonetizaci\u00f3n que comienza a mostrar sus efectos positivos.<\/li>\n<\/ul>\n<p>Seg\u00fan el ministro, <strong>estas decisiones evitaron una hiperinflaci\u00f3n y permitieron una expansi\u00f3n econ\u00f3mica del 6% entre diciembre de 2023 y diciembre de 2024<\/strong>. Adem\u00e1s, sostuvo que los salarios reales crecieron un 15% y que 10 millones de personas salieron de la pobreza.<\/p>\n<h2><strong>Dolarizaci\u00f3n, estabilidad y reformas futuras<\/strong><\/h2>\n<p>Durante su exposici\u00f3n, <strong>Caputo remarc\u00f3 que \u201cya no tiene sentido que haya inflaci\u00f3n\u201d y anticip\u00f3 que incluso \u201clos precios pueden bajar\u201d en sectores como indumentaria, autos y servicios.<\/strong> Puso como ejemplo la baja del 4% en el precio de la nafta anunciada por YPF, y pronostic\u00f3 que este tipo de ajustes ser\u00e1n frecuentes en un escenario de estabilidad monetaria.<\/p>\n<p><strong>Tambi\u00e9n afirm\u00f3 que el \u201ccosto argentino\u201d ser\u00e1 corregido sin devaluaciones, sino a trav\u00e9s de baja de impuestos<\/strong>, desregulaci\u00f3n, competencia e inversi\u00f3n privada. En ese marco, inst\u00f3 a empresarios a \u201ccambiar el chip\u201d y enfocarse en la productividad real.<\/p>\n<p>Respecto a la salida del cepo cambiario, defendi\u00f3 la secuencia adoptada por el Gobierno actual, diferenci\u00e1ndola de la de Mauricio Macri: <strong>\u201cPrimero resolvimos el problema fiscal, despu\u00e9s el cuasifiscal y luego capitalizamos el Banco Central\u201d<\/strong>, sostuvo.<\/p>\n<h2><strong>Apoyo internacional y reformas estructurales<\/strong><\/h2>\n<p>Caputo destac\u00f3 el respaldo del FMI y del Tesoro de EE.UU., <strong>y asegur\u00f3 que figuras como Kristalina Georgieva consideran a la Argentina como \u201cmodelo entre los 195 pa\u00edses miembros\u201d.<\/strong><\/p>\n<p>De cara al futuro, el Gobierno proyecta consolidar el crecimiento con una mayor remonetizaci\u00f3n y reformas estructurales en materia fiscal, laboral y previsional, <strong>sujetas a decisiones pol\u00edticas del presidente Javier Milei.<\/strong><\/p>\n<h2><strong>Congreso Econ\u00f3mico: camino a una Argentina previsible<\/strong><\/h2>\n<p>La exposici\u00f3n se desarroll\u00f3 en el Centro de Convenciones de Buenos Aires, organizada por Invecq Consultora Econ\u00f3mica y Messe Frankfurt Argentina. <strong>Bajo el lema \u201cCamino a la estabilidad: claves para una Argentina previsible\u201d, el encuentro reuni\u00f3 a ejecutivos y funcionarios.<\/strong><\/p>\n<aside class=\"whatsappChannelText\"><a href=\"https:\/\/whatsapp.com\/channel\/0029VagEjILGE56eKjedWF2U\" rel=\"nofollow\" title=\"WhatsApp Link\"><img alt=\"Logo de WhatsApp\" class=\"lazyload\" data-src=\"https:\/\/derechadiario.com.ar\/filesedc\/uploads\/other\/whatsapp_icon_mid_article.png\" width=\"32\" height=\"32\"><\/a> <a href=\"https:\/\/whatsapp.com\/channel\/0029VagEjILGE56eKjedWF2U\" rel=\"nofollow\" title=\"WhatsApp Link\"><strong>NO SE PIERDAN NINGUNA NOTICIA<\/strong>: Click aqu\u00ed para sumarte <strong>GRATIS<\/strong> al canal de noticias de <strong>La Derecha Diario en WhatsApp.<\/strong><\/a><\/aside>\n<p>Adem\u00e1s de Caputo, participan el presidente <strong>Javier Milei<\/strong>, el secretario de Energ\u00eda y Miner\u00eda Daniel Gonz\u00e1lez, y el secretario de Comercio e Industria <strong>Pablo Lavigne<\/strong>.<\/p>\n<p>En esta tercera fase del plan econ\u00f3mico, <strong>el oficialismo planea avanzar hacia un esquema de d\u00f3lar flotante dentro de bandas cambiarias<\/strong>, con mayor apertura para las empresas y liberaci\u00f3n total del cepo para los ahorristas.<\/p>\n","protected":false},"excerpt":{"rendered":"<p>En el marco del Congreso Econ\u00f3mico Argentino ExpoEFI, el ministro de Econom\u00eda, Luis Caputo, adelant\u00f3 que el Gobierno presentar\u00e1 en las pr\u00f3ximas semanas una nueva medida para incentivar el uso de d\u00f3lares en la econom\u00eda argentina, la cual, seg\u00fan asegur\u00f3, \u201cva a sorprender\u201d. Esta iniciativa se enmarca dentro del proceso de remonetizaci\u00f3n que impulsa el [&hellip;]<\/p>\n","protected":false},"author":2,"featured_media":3250,"comment_status":"open","ping_status":"open","sticky":false,"template":"","format":"standard","meta":{"_et_pb_use_builder":"","_et_pb_old_content":"","_et_gb_content_width":"","footnotes":""},"categories":[80],"tags":[],"class_list":["post-3249","post","type-post","status-publish","format-standard","has-post-thumbnail","hentry","category-economia-2"],"_links":{"self":[{"href":"https:\/\/verdadincomodadiario.ar\/index.php?rest_route=\/wp\/v2\/posts\/3249","targetHints":{"allow":["GET"]}}],"collection":[{"href":"https:\/\/verdadincomodadiario.ar\/index.php?rest_route=\/wp\/v2\/posts"}],"about":[{"href":"https:\/\/verdadincomodadiario.ar\/index.php?rest_route=\/wp\/v2\/types\/post"}],"author":[{"embeddable":true,"href":"https:\/\/verdadincomodadiario.ar\/index.php?rest_route=\/wp\/v2\/users\/2"}],"replies":[{"embeddable":true,"href":"https:\/\/verdadincomodadiario.ar\/index.php?rest_route=%2Fwp%2Fv2%2Fcomments&post=3249"}],"version-history":[{"count":0,"href":"https:\/\/verdadincomodadiario.ar\/index.php?rest_route=\/wp\/v2\/posts\/3249\/revisions"}],"wp:featuredmedia":[{"embeddable":true,"href":"https:\/\/verdadincomodadiario.ar\/index.php?rest_route=\/wp\/v2\/media\/3250"}],"wp:attachment":[{"href":"https:\/\/verdadincomodadiario.ar\/index.php?rest_route=%2Fwp%2Fv2%2Fmedia&parent=3249"}],"wp:term":[{"taxonomy":"category","embeddable":true,"href":"https:\/\/verdadincomodadiario.ar\/index.php?rest_route=%2Fwp%2Fv2%2Fcategories&post=3249"},{"taxonomy":"post_tag","embeddable":true,"href":"https:\/\/verdadincomodadiario.ar\/index.php?rest_route=%2Fwp%2Fv2%2Ftags&post=3249"}],"curies":[{"name":"wp","href":"https:\/\/api.w.org\/{rel}","templated":true}]}}