{"id":3247,"date":"2025-04-29T21:15:47","date_gmt":"2025-04-29T21:15:47","guid":{"rendered":"https:\/\/verdadincomodadiario.ar\/?p=3247"},"modified":"2025-04-29T21:15:47","modified_gmt":"2025-04-29T21:15:47","slug":"los-salarios-subieron-un-38-en-febrero-y-le-volvieron-a-ganaron-a-la-inflacion","status":"publish","type":"post","link":"https:\/\/verdadincomodadiario.ar\/?p=3247","title":{"rendered":"Los salarios subieron un 3,8% en febrero y le volvieron a ganaron a la inflaci\u00f3n"},"content":{"rendered":"<p>El Instituto Nacional de Estad\u00edstica y Censos (INDEC) <a href=\"https:\/\/derechadiario.com.ar\/economia\/toto-caputo-anticipo-que-prepara-politica-clave-para-fomentar-dolarizacion\" target=\"_blank\" title=\"Toto Caputo anticip\u00f3 que prepara una pol\u00edtica clave para fomentar la dolarizaci\u00f3n\">inform\u00f3<\/a> este martes que el <strong>\u00edndice de salarios<\/strong> registr\u00f3 un <strong>incremento del 3,8%<\/strong> durante el mes de febrero, <strong>superando la inflaci\u00f3n del mismo mes<\/strong>, que fue del <strong>2,4%<\/strong>.<\/p>\n<p>Con este resultado, los sueldos acumulan <strong>once meses consecutivos de recuperaci\u00f3n en t\u00e9rminos reales<\/strong>, consolidando una <strong>tendencia positiva<\/strong> para los ingresos de los trabajadores, gracias a la recuperaci\u00f3n econ\u00f3mica lograda por el Gobierno de <a href=\"https:\/\/derechadiario.com.ar\/economia\/ley-bases-como-se-privatizaran-las-ocho-empresas-estatales-mira-milei\" target=\"_blank\" title=\"Ley Bases: c\u00f3mo se privatizar\u00e1n las ocho empresas estatales en la mira de Milei\"><strong>Javier Milei<\/strong><\/a>.<\/p>\n<p>El crecimiento mensual del \u00edndice se explica por las subas registradas en los diferentes sectores. En detalle, el sector p\u00fablico tuvo un <strong>aumento del 4,5%<\/strong>, mientras que el sector privado no registrado (informal) mostr\u00f3 un <strong>alza notable del 7,9%<\/strong>. Por su parte, los trabajadores del sector privado registrado experimentaron una <strong>mejora de 2,3%<\/strong>.<\/p>\n<aside class=\"whatsappChannelText\"><a href=\"https:\/\/whatsapp.com\/channel\/0029VagEjILGE56eKjedWF2U\" rel=\"nofollow\" title=\"WhatsApp Link\"><img alt=\"Logo de WhatsApp\" class=\"lazyload\" data-src=\"https:\/\/derechadiario.com.ar\/filesedc\/uploads\/other\/whatsapp_icon_mid_article.png\" width=\"32\" height=\"32\"><\/a> <a href=\"https:\/\/whatsapp.com\/channel\/0029VagEjILGE56eKjedWF2U\" rel=\"nofollow\" title=\"WhatsApp Link\"><strong>NO SE PIERDAN NINGUNA NOTICIA<\/strong>: Click aqu\u00ed para sumarte <strong>GRATIS<\/strong> al canal de noticias de <strong>La Derecha Diario en WhatsApp.<\/strong><\/a><\/aside>\n<div class=\"inter_image image_horizontal\">\n<picture><source class=\"img-responsive\" type=\"image\/webp\" data-srcset=\"\/filesedc\/uploads\/image\/post\/javier-milei-debate-presidencialjpg_300_200.webp 300w, \n\/filesedc\/uploads\/image\/post\/javier-milei-debate-presidencialjpg_630_420.webp 630w,\n                                \/filesedc\/uploads\/image\/post\/javier-milei-debate-presidencialjpg_760_507.webp 760w,\n                                \/filesedc\/uploads\/image\/post\/javier-milei-debate-presidencialjpg_1200_800.webp 1200w,\n                                \/filesedc\/uploads\/image\/post\/javier-milei-debate-presidencialjpg_1600_1067.webp 1600w\"><img decoding=\"async\" src=\"https:\/\/derechadiario.com.ar\/filesedc\/uploads\/image\/post\/javier-milei-debate-presidencialjpg_1200_800.webp\" class=\"img-responsive lazyload\" alt=\"Un hombre con gafas y traje oscuro hablando en un micr\u00f3fono con un fondo azul iluminado.\" title=\"Un hombre con gafas y traje oscuro hablando en un micr\u00f3fono con un fondo azul iluminado.\"><\/picture>\n<div>\n<span class=\"img_footer\">Javier Milei, presidente de Argentina. <\/span>| <span class=\"img_author\">La Derecha Diario<\/span>\n<\/div>\n<\/div>\n<p>En lo que va del a\u00f1o, los salarios acumulan una <strong>suba del 6,9%<\/strong> en el <strong>primer bimestre<\/strong>, en comparaci\u00f3n con el aumento del <strong>4,7%<\/strong> que tuvo el \u00cdndice de Precios al Consumidor (IPC) en el mismo per\u00edodo. Esto indica una <strong>recuperaci\u00f3n real en el poder adquisitivo del salario promedio<\/strong>.<\/p>\n<aside class=\"are-you-interested-container-photo\"><\/aside>\n<p>Desde una perspectiva interanual, el \u00edndice de salarios present\u00f3 un <strong>aumento del 98,8%<\/strong>, ubic\u00e1ndose <strong>muy por encima de la inflaci\u00f3n acumulada en doce meses<\/strong>, que alcanz\u00f3 el <strong>66,9%<\/strong>. Este crecimiento estuvo impulsado por las variaciones de los distintos sectores: el sector privado registrado mostr\u00f3 un incremento del 89,3%, el sector p\u00fablico del 79,2% y, en un contraste notable, el sector privado no registrado se dispar\u00f3 con un aumento del 195,6%.<\/p>\n<figure><img decoding=\"async\" src=\"https:\/\/derechadiario.com.ar\/filesedc\/uploads\/image\/post\/gpuiakdwaaeytee_1200_1600.webp\" class=\"img-responsive lazyload\" alt=\"Un hombre sonriente con el pu\u00f1o levantado frente a un cartel que indica que el \u00edndice de salarios en Argentina subi\u00f3 un 3,8% en febrero, superando la inflaci\u00f3n por und\u00e9cimo mes consecutivo.\" title=\"Un hombre sonriente con el pu\u00f1o levantado frente a un cartel que indica que el \u00edndice de salarios en Argentina subi\u00f3 un 3,8% en febrero, superando la inflaci\u00f3n por und\u00e9cimo mes consecutivo.\"><\/figure>\n<p>Estos datos refuerzan la tendencia de <strong>recuperaci\u00f3n de los ingresos laborales en Argentina<\/strong>, luego de a\u00f1os de ca\u00eddas por culpa de la crisis econ\u00f3mica de los anteriores gobiernos. Desde la llegada del presidente Javier Milei y la implementaci\u00f3n de las reformas, la inflaci\u00f3n se derrumb\u00f3, lo que permiti\u00f3 que los salarios comiencen a crecer por encima de los aumentos de precios.<\/p>\n","protected":false},"excerpt":{"rendered":"<p>El Instituto Nacional de Estad\u00edstica y Censos (INDEC) inform\u00f3 este martes que el \u00edndice de salarios registr\u00f3 un incremento del 3,8% durante el mes de febrero, superando la inflaci\u00f3n del mismo mes, que fue del 2,4%. Con este resultado, los sueldos acumulan once meses consecutivos de recuperaci\u00f3n en t\u00e9rminos reales, consolidando una tendencia positiva para [&hellip;]<\/p>\n","protected":false},"author":2,"featured_media":3248,"comment_status":"open","ping_status":"open","sticky":false,"template":"","format":"standard","meta":{"_et_pb_use_builder":"","_et_pb_old_content":"","_et_gb_content_width":"","footnotes":""},"categories":[80],"tags":[],"class_list":["post-3247","post","type-post","status-publish","format-standard","has-post-thumbnail","hentry","category-economia-2"],"_links":{"self":[{"href":"https:\/\/verdadincomodadiario.ar\/index.php?rest_route=\/wp\/v2\/posts\/3247","targetHints":{"allow":["GET"]}}],"collection":[{"href":"https:\/\/verdadincomodadiario.ar\/index.php?rest_route=\/wp\/v2\/posts"}],"about":[{"href":"https:\/\/verdadincomodadiario.ar\/index.php?rest_route=\/wp\/v2\/types\/post"}],"author":[{"embeddable":true,"href":"https:\/\/verdadincomodadiario.ar\/index.php?rest_route=\/wp\/v2\/users\/2"}],"replies":[{"embeddable":true,"href":"https:\/\/verdadincomodadiario.ar\/index.php?rest_route=%2Fwp%2Fv2%2Fcomments&post=3247"}],"version-history":[{"count":0,"href":"https:\/\/verdadincomodadiario.ar\/index.php?rest_route=\/wp\/v2\/posts\/3247\/revisions"}],"wp:featuredmedia":[{"embeddable":true,"href":"https:\/\/verdadincomodadiario.ar\/index.php?rest_route=\/wp\/v2\/media\/3248"}],"wp:attachment":[{"href":"https:\/\/verdadincomodadiario.ar\/index.php?rest_route=%2Fwp%2Fv2%2Fmedia&parent=3247"}],"wp:term":[{"taxonomy":"category","embeddable":true,"href":"https:\/\/verdadincomodadiario.ar\/index.php?rest_route=%2Fwp%2Fv2%2Fcategories&post=3247"},{"taxonomy":"post_tag","embeddable":true,"href":"https:\/\/verdadincomodadiario.ar\/index.php?rest_route=%2Fwp%2Fv2%2Ftags&post=3247"}],"curies":[{"name":"wp","href":"https:\/\/api.w.org\/{rel}","templated":true}]}}