{"id":3195,"date":"2025-04-29T01:57:05","date_gmt":"2025-04-29T01:57:05","guid":{"rendered":"https:\/\/verdadincomodadiario.ar\/?p=3195"},"modified":"2025-04-29T01:57:05","modified_gmt":"2025-04-29T01:57:05","slug":"la-exitosa-marca-de-indumentaria-estadounidense-timberland-regresa-a-la-argentina","status":"publish","type":"post","link":"https:\/\/verdadincomodadiario.ar\/?p=3195","title":{"rendered":"La exitosa marca de indumentaria estadounidense Timberland regresa a la Argentina"},"content":{"rendered":"<p>La <a href=\"https:\/\/derechadiario.com.ar\/economia\/argentina-cerro-2024-con-superavit-fiscal-tanto-nivel-nacional-como-provincial\" title=\"Hist\u00f3rico: Argentina cerr\u00f3 2024 con super\u00e1vit tanto a nivel nacional como provincial\">Argentina<\/a> vive un <strong>verdadero renacimiento econ\u00f3mico<\/strong>. Luego de <strong>a\u00f1os de restricciones que alejaron inversiones<\/strong> y limitaron el acceso a productos de calidad, el gobierno de <a href=\"https:\/\/derechadiario.com.ar\/politica\/gobierno-javier-milei-anticipo-nueva-reduccion-del-empleo-publico\" title=\"El Gobierno de Javier Milei anticip\u00f3 una nueva reducci\u00f3n del empleo p\u00fablico\">Javier Milei<\/a>, con su firme pol\u00edtica de <strong>apertura comercial<\/strong>, est\u00e1 logrando revertir esa tendencia. El <strong>regreso de reconocidas marcas internacionales<\/strong>\u00a0 es una prueba contundente del renovado inter\u00e9s en el mercado local, impulsado por un entorno de libertad econ\u00f3mica y perspectivas de recuperaci\u00f3n sostenida.<\/p>\n<p>En este contexto, \u00a0<strong>la emblem\u00e1tica marca de calzado estadounidense Timberland anunci\u00f3 su retorno a la Argentina, tras haberse retirado en 2019.<\/strong> La compa\u00f1\u00eda planea <strong>abrir varios locales en el pa\u00eds durante el segundo semestre de 2025.<\/strong>\u00a0La eliminaci\u00f3n de trabas a las importaciones abre las puertas a inversiones que vuelven a <strong>confiar en el pa\u00eds.<\/strong><\/p>\n<div class=\"inter_image image_horizontal\">\n<picture><source class=\"img-responsive\" type=\"image\/webp\" data-srcset=\"\/filesedc\/uploads\/image\/post\/6bbde000-7ec1-42b7-85ff-8452dadcfe12-16-9-discover-aspect-ratio-default-0_300_200.webp 300w, \n\/filesedc\/uploads\/image\/post\/6bbde000-7ec1-42b7-85ff-8452dadcfe12-16-9-discover-aspect-ratio-default-0_630_420.webp 630w,\n                                \/filesedc\/uploads\/image\/post\/6bbde000-7ec1-42b7-85ff-8452dadcfe12-16-9-discover-aspect-ratio-default-0_760_507.webp 760w,\n                                \/filesedc\/uploads\/image\/post\/6bbde000-7ec1-42b7-85ff-8452dadcfe12-16-9-discover-aspect-ratio-default-0_1200_800.webp 1200w,\n                                \/filesedc\/uploads\/image\/post\/6bbde000-7ec1-42b7-85ff-8452dadcfe12-16-9-discover-aspect-ratio-default-0_1600_1067.webp 1600w\"><img decoding=\"async\" src=\"https:\/\/derechadiario.com.ar\/filesedc\/uploads\/image\/post\/6bbde000-7ec1-42b7-85ff-8452dadcfe12-16-9-discover-aspect-ratio-default-0_1200_800.webp\" class=\"img-responsive lazyload\" alt=\"Un hombre con traje oscuro y corbata negra sonr\u00ede mientras mira hacia un lado con un fondo de vegetaci\u00f3n verde.\" title=\"Un hombre con traje oscuro y corbata negra sonr\u00ede mientras mira hacia un lado con un fondo de vegetaci\u00f3n verde.\"><\/picture>\n<div>\n<span class=\"img_footer\">Javier Milei impulsa el regreso de gigantes globales. <\/span>| <span class=\"img_author\">La Derecha Diario<\/span>\n<\/div>\n<\/div>\n<p>La compa\u00f1\u00eda estadounidense de calzado, ropa y accesorios outdoor\u2014<strong>propiedad del gigante global VF Corporation<\/strong>, de la mano del <strong>Grupo Blanco<\/strong>, firma nacional que ya opera exitosamente otras licencias internacionales como <strong>Skechers y Havaianas<\/strong>.<\/p>\n<p>A diferencia del esquema anterior, esta vez Timberland adoptar\u00e1 un modelo de comercializaci\u00f3n mixto, que incluir\u00e1 tanto tiendas exclusivas como un canal <strong>mayorista<\/strong>, lo que le permitir\u00e1 una presencia m\u00e1s robusta y flexible en el mercado argentino. <strong>\u201cLa idea es traer todos los art\u00edculos de la marca y que los locales sean similares a los del exterior. Ya estamos empezando a recibir productos\u201d<\/strong>, afirm\u00f3 \u00a0<strong>Mat\u00edas Blanco<\/strong>, CEO del grupo.<\/p>\n<aside class=\"are-you-interested-container-photo\"><\/aside>\n<p>El plan de expansi\u00f3n proyecta <strong>entre cuatro y siete aperturas<\/strong>\u00a0 en los pr\u00f3ximos cuatro a\u00f1os, principalmente en <strong>shoppings de Buenos Aires<\/strong>, replicando la experiencia de retail que Timberland ofrece en Europa, donde goza de gran popularidad gracias a la tendencia global del estilo oversized.<\/p>\n<p>El cambio de rumbo econ\u00f3mico ha sido determinante. \u00a0<strong>\u201cLa apertura de las importaciones facilita la expansi\u00f3n de la marca. A fines de marzo hubo una quita de impuestos importante a la importaci\u00f3n de indumentaria, que favorece la competencia y el crecimiento de los locales\u201d<\/strong>, agreg\u00f3 Blanco, dejando en claro el impacto positivo de las recientes medidas del Ejecutivo nacional.<\/p>\n<figure><img decoding=\"async\" src=\"https:\/\/derechadiario.com.ar\/filesedc\/uploads\/image\/post\/timberland-635_1200_800.webp\" class=\"img-responsive lazyload\" alt=\"Tienda de ropa con mostrador de madera, logotipo de \u00e1rbol en la pared y maniqu\u00edes exhibiendo prendas en un ambiente moderno y bien iluminado.\" title=\"Tienda de ropa con mostrador de madera, logotipo de \u00e1rbol en la pared y maniqu\u00edes exhibiendo prendas en un ambiente moderno y bien iluminado.\"><\/figure>\n<p>La historia de Timberland en Argentina comenz\u00f3 en <strong>1997<\/strong>, cuando lleg\u00f3 al pa\u00eds a trav\u00e9s de <strong>Grimoldi<\/strong>, que administr\u00f3 la marca durante m\u00e1s de dos d\u00e9cadas. En su apogeo, contaba con <strong>12 puntos de venta distribuidos en ciudades como Buenos Aires, C\u00f3rdoba y Rosario<\/strong>. Sin embargo, las dificultades econ\u00f3micas de los a\u00f1os recientes, agudizadas durante la gesti\u00f3n kirchnerista, forzaron a Grimoldi a iniciar un Procedimiento Preventivo de Crisis en 2019. Las \u00faltimas tiendas cerraron en diciembre de ese a\u00f1o (Unicenter) y enero de 2020 (Galer\u00edas Pac\u00edfico), marcando el ocaso de una etapa de retraimiento comercial.<\/p>\n<aside class=\"whatsappChannelText\"><a href=\"https:\/\/whatsapp.com\/channel\/0029VagEjILGE56eKjedWF2U\" rel=\"nofollow\" title=\"WhatsApp Link\"><img alt=\"Logo de WhatsApp\" class=\"lazyload\" data-src=\"https:\/\/derechadiario.com.ar\/filesedc\/uploads\/other\/whatsapp_icon_mid_article.png\" width=\"32\" height=\"32\"><\/a> <a href=\"https:\/\/whatsapp.com\/channel\/0029VagEjILGE56eKjedWF2U\" rel=\"nofollow\" title=\"WhatsApp Link\"><strong>NO SE PIERDAN NINGUNA NOTICIA<\/strong>: Click aqu\u00ed para sumarte <strong>GRATIS<\/strong> al canal de noticias de <strong>La Derecha Diario en WhatsApp.<\/strong><\/a><\/aside>\n<p>Hoy, el panorama es distinto. El Grupo Blanco ha demostrado un \u00a0<strong>fuerte compromiso<\/strong> con la atracci\u00f3n de marcas internacionales. El pasado 4 de abril, inaugur\u00f3 la primera tienda exclusiva de Skechers en el pa\u00eds, ubicada en el mismo <strong>Unicenter Shopping<\/strong>\u00a0 que a\u00f1os atr\u00e1s vio partir a Timberland. El proyecto contempla 15 nuevas aperturas en seis a\u00f1os, reafirmando una apuesta de largo plazo por el mercado argentino. \u00a0<strong>\u201cHay una tendencia a trabajar con tiendas monomarcas, para tener una mayor exhibici\u00f3n y poder mostrar el potencial de la marca en un solo local\u201d<\/strong>, explic\u00f3 Blanco.<\/p>\n<p>Adem\u00e1s, desde este a\u00f1o, Skechers tambi\u00e9n se distribuye en cadenas deportivas como <strong>Sportline, Dexter y Dash<\/strong>, permitiendo a los consumidores locales acceder a los mismos productos que se venden en Miami, Madrid o Hong Kong, <strong>sin diferencias de calidad ni disponibilidad.<\/strong><\/p>\n<p>Tambi\u00e9n <strong>Havaianas<\/strong>, la ic\u00f3nica marca brasile\u00f1a de ojotas, se sum\u00f3 al portfolio de Grupo Blanco con la apertura de su primer local oficial en el <strong>Abasto Shopping.<\/strong><\/p>\n","protected":false},"excerpt":{"rendered":"<p>La Argentina vive un verdadero renacimiento econ\u00f3mico. Luego de a\u00f1os de restricciones que alejaron inversiones y limitaron el acceso a productos de calidad, el gobierno de Javier Milei, con su firme pol\u00edtica de apertura comercial, est\u00e1 logrando revertir esa tendencia. El regreso de reconocidas marcas internacionales\u00a0 es una prueba contundente del renovado inter\u00e9s en el [&hellip;]<\/p>\n","protected":false},"author":2,"featured_media":3196,"comment_status":"open","ping_status":"open","sticky":false,"template":"","format":"standard","meta":{"_et_pb_use_builder":"","_et_pb_old_content":"","_et_gb_content_width":"","footnotes":""},"categories":[80],"tags":[],"class_list":["post-3195","post","type-post","status-publish","format-standard","has-post-thumbnail","hentry","category-economia-2"],"_links":{"self":[{"href":"https:\/\/verdadincomodadiario.ar\/index.php?rest_route=\/wp\/v2\/posts\/3195","targetHints":{"allow":["GET"]}}],"collection":[{"href":"https:\/\/verdadincomodadiario.ar\/index.php?rest_route=\/wp\/v2\/posts"}],"about":[{"href":"https:\/\/verdadincomodadiario.ar\/index.php?rest_route=\/wp\/v2\/types\/post"}],"author":[{"embeddable":true,"href":"https:\/\/verdadincomodadiario.ar\/index.php?rest_route=\/wp\/v2\/users\/2"}],"replies":[{"embeddable":true,"href":"https:\/\/verdadincomodadiario.ar\/index.php?rest_route=%2Fwp%2Fv2%2Fcomments&post=3195"}],"version-history":[{"count":0,"href":"https:\/\/verdadincomodadiario.ar\/index.php?rest_route=\/wp\/v2\/posts\/3195\/revisions"}],"wp:featuredmedia":[{"embeddable":true,"href":"https:\/\/verdadincomodadiario.ar\/index.php?rest_route=\/wp\/v2\/media\/3196"}],"wp:attachment":[{"href":"https:\/\/verdadincomodadiario.ar\/index.php?rest_route=%2Fwp%2Fv2%2Fmedia&parent=3195"}],"wp:term":[{"taxonomy":"category","embeddable":true,"href":"https:\/\/verdadincomodadiario.ar\/index.php?rest_route=%2Fwp%2Fv2%2Fcategories&post=3195"},{"taxonomy":"post_tag","embeddable":true,"href":"https:\/\/verdadincomodadiario.ar\/index.php?rest_route=%2Fwp%2Fv2%2Ftags&post=3195"}],"curies":[{"name":"wp","href":"https:\/\/api.w.org\/{rel}","templated":true}]}}