{"id":3135,"date":"2025-04-28T19:11:41","date_gmt":"2025-04-28T19:11:41","guid":{"rendered":"https:\/\/verdadincomodadiario.ar\/?p=3135"},"modified":"2025-04-28T19:11:41","modified_gmt":"2025-04-28T19:11:41","slug":"anses-cuando-cobro-quienes-reciben-pagos-este-lunes-28-de-abril","status":"publish","type":"post","link":"https:\/\/verdadincomodadiario.ar\/?p=3135","title":{"rendered":"ANSES cu\u00e1ndo cobro: qui\u00e9nes reciben pagos este lunes 28 de abril"},"content":{"rendered":"<p>La <a href=\"https:\/\/derechadiario.com.ar\/economia\/programa-hogar-anses-requisitos-y-montos-para-cobrar-mayo-2025\" title=\"Programa Hogar ANSES: requisitos y montos para cobrar en mayo 2025\"><strong>Administraci\u00f3n Nacional de la Seguridad Social (ANSES)<\/strong><\/a> confirm\u00f3 el cronograma de pagos para este lunes 28 de abril de 2025. Las prestaciones incluyen <strong>jubilaciones<\/strong>, <strong>pensiones<\/strong>, <a href=\"https:\/\/derechadiario.com.ar\/economia\/libreta-auh-2025-como-hacer-tramite-para-cobrar-20-retenido\" title=\"Libreta AUH 2025: c\u00f3mo hacer el tr\u00e1mite para cobrar el 20% retenido\"><strong>AUH<\/strong><\/a>, <strong>AUE<\/strong>, <strong>prestaciones SUAF<\/strong> y <strong>prestaci\u00f3n por desempleo<\/strong>.<\/p>\n<p>Conoc\u00e9 a continuaci\u00f3n qu\u00e9 grupos acceden al cobro hoy, seg\u00fan la terminaci\u00f3n del documento o el tipo de prestaci\u00f3n. Tambi\u00e9n te contamos hasta cu\u00e1ndo siguen vigentes algunos pagos especiales.<\/p>\n<div class=\"inter_image image_horizontal\">\n<picture><source class=\"img-responsive\" type=\"image\/webp\" data-srcset=\"\/filesedc\/uploads\/image\/post\/anses-1-jpg_300_200.webp 300w, \n\/filesedc\/uploads\/image\/post\/anses-1-jpg_630_420.webp 630w,\n                                \/filesedc\/uploads\/image\/post\/anses-1-jpg_760_507.webp 760w,\n                                \/filesedc\/uploads\/image\/post\/anses-1-jpg_1200_800.webp 1200w,\n                                \/filesedc\/uploads\/image\/post\/anses-1-jpg_1600_1067.webp 1600w\"><img decoding=\"async\" src=\"https:\/\/derechadiario.com.ar\/filesedc\/uploads\/image\/post\/anses-1-jpg_1200_800.webp\" class=\"img-responsive lazyload\" alt=\"Fachada de una oficina de ANSES con un cartel azul y un coraz\u00f3n naranja.\" title=\"Fachada de una oficina de ANSES con un cartel azul y un coraz\u00f3n naranja.\"><\/picture>\n<div>\n<span class=\"img_footer\">Qui\u00e9nes cobran hoy seg\u00fan la terminaci\u00f3n del DNI <\/span>| <span class=\"img_author\">La Derecha Diario<\/span>\n<\/div>\n<\/div>\n<h2><strong>\u00bfQui\u00e9nes cobran jubilaciones y pensiones este lunes 28?<\/strong><\/h2>\n<p>Hoy reciben su haber las <strong>jubilaciones y pensiones<\/strong> que superan los <strong>$285.820,63<\/strong>. El pago alcanza a titulares cuyos documentos finalizan en:<\/p>\n<aside class=\"whatsappChannelText\"><a href=\"https:\/\/whatsapp.com\/channel\/0029VagEjILGE56eKjedWF2U\" rel=\"nofollow\" title=\"WhatsApp Link\"><img alt=\"Logo de WhatsApp\" class=\"lazyload\" data-src=\"https:\/\/derechadiario.com.ar\/filesedc\/uploads\/other\/whatsapp_icon_mid_article.png\" width=\"32\" height=\"32\"><\/a> <a href=\"https:\/\/whatsapp.com\/channel\/0029VagEjILGE56eKjedWF2U\" rel=\"nofollow\" title=\"WhatsApp Link\"><strong>NO SE PIERDAN NINGUNA NOTICIA<\/strong>: Click aqu\u00ed para sumarte <strong>GRATIS<\/strong> al canal de noticias de <strong>La Derecha Diario en WhatsApp.<\/strong><\/a><\/aside>\n<ul>\n<li>Documentos terminados en <strong>4 y 5<\/strong>: lunes 28 de abril.<\/li>\n<\/ul>\n<figure><img decoding=\"async\" src=\"https:\/\/derechadiario.com.ar\/filesedc\/uploads\/image\/post\/jubilaciones-superan-el-haber-minimo-anses-abril_1200_800.webp\" class=\"img-responsive lazyload\" alt=\"Calendario de pagos para jubilaciones y pensiones que superan el haber m\u00ednimo en abril, con fechas del 24 al 30 de abril seg\u00fan la terminaci\u00f3n del documento.\" title=\"Calendario de pagos para jubilaciones y pensiones que superan el haber m\u00ednimo en abril, con fechas del 24 al 30 de abril seg\u00fan la terminaci\u00f3n del documento.\"><\/figure>\n<h2><strong>Asignaciones familiares de Pensiones No Contributivas:<\/strong><\/h2>\n<p>La <strong>ANSES<\/strong> tambi\u00e9n sigue abonando las <strong>asignaciones familiares<\/strong> de las <strong>Pensiones No Contributivas (PNC)<\/strong>. En este caso, el pago est\u00e1 disponible para:<\/p>\n<aside class=\"are-you-interested-container-photo\"><\/aside>\n<ul>\n<li>\n<strong>Todas las terminaciones de documentos<\/strong>: hasta el <strong>12 de mayo<\/strong>.<\/li>\n<\/ul>\n<figure><img decoding=\"async\" src=\"https:\/\/derechadiario.com.ar\/filesedc\/uploads\/image\/post\/asignaciones-familiares-pnc-anses_1200_800.webp\" class=\"img-responsive lazyload\" alt=\"Asignaciones Familiares de Pensiones No Contributivas para cobrar en abril, todas las terminaciones de DNI del 9 de abril al 12 de mayo.\" title=\"Asignaciones Familiares de Pensiones No Contributivas para cobrar en abril, todas las terminaciones de DNI del 9 de abril al 12 de mayo.\"><\/figure>\n<h2><strong>\u00bfQui\u00e9nes reciben hoy las asignaciones de pago \u00fanico?<\/strong><\/h2>\n<p>Las personas que tramitaron asignaciones por <strong>Matrimonio<\/strong>, <strong>Adopci\u00f3n<\/strong> o <strong>Nacimiento<\/strong> tambi\u00e9n cobran en esta etapa. El calendario marca:<\/p>\n<ul>\n<li>\n<strong>Todas las terminaciones de documentos<\/strong>: hasta el <strong>12 de mayo<\/strong>.<\/li>\n<\/ul>\n<figure><img decoding=\"async\" src=\"https:\/\/derechadiario.com.ar\/filesedc\/uploads\/image\/post\/asignaciones-pago-unico-abril-mayo-anses-2025_1200_800.webp\" class=\"img-responsive lazyload\" alt=\"Calendario de asignaciones de pago \u00fanico para matrimonio, adopci\u00f3n y nacimiento en abril, con fechas de cobro del 10\/4 al 12\/5 para la primera quincena y del 24\/4 al 12\/5 para la segunda quincena.\" title=\"Calendario de asignaciones de pago \u00fanico para matrimonio, adopci\u00f3n y nacimiento en abril, con fechas de cobro del 10\/4 al 12\/5 para la primera quincena y del 24\/4 al 12\/5 para la segunda quincena.\"><\/figure>\n<h2><strong>\u00bfQu\u00e9 documentos cobran la prestaci\u00f3n por desempleo hoy?<\/strong><\/h2>\n<p>Los titulares de la <strong>prestaci\u00f3n por desempleo<\/strong> tambi\u00e9n figuran en el cronograma de pagos. Hoy cobran los que tengan:<\/p>\n<ul>\n<li>Documentos terminados en <strong>6 y 7<\/strong>: lunes 28 de abril.<\/li>\n<\/ul>\n<figure><img decoding=\"async\" src=\"https:\/\/derechadiario.com.ar\/filesedc\/uploads\/image\/post\/desempleo-plan-1-anses-abril_1200_800.webp\" class=\"img-responsive lazyload\" alt=\"Calendario de pagos para el Plan de Desempleo 1 correspondiente al mes de abril, con fechas asignadas seg\u00fan la terminaci\u00f3n de documentos: 23 de abril para documentos terminados en 0 y 1, 24 de abril para 2 y 3, 25 de abril para 4 y 5, 28 de abril para 6 y 7, y 29 de abril para 8 y 9.\" title=\"Calendario de pagos para el Plan de Desempleo 1 correspondiente al mes de abril, con fechas asignadas seg\u00fan la terminaci\u00f3n de documentos: 23 de abril para documentos terminados en 0 y 1, 24 de abril para 2 y 3, 25 de abril para 4 y 5, 28 de abril para 6 y 7, y 29 de abril para 8 y 9.\"><\/figure>\n","protected":false},"excerpt":{"rendered":"<p>La Administraci\u00f3n Nacional de la Seguridad Social (ANSES) confirm\u00f3 el cronograma de pagos para este lunes 28 de abril de 2025. Las prestaciones incluyen jubilaciones, pensiones, AUH, AUE, prestaciones SUAF y prestaci\u00f3n por desempleo. Conoc\u00e9 a continuaci\u00f3n qu\u00e9 grupos acceden al cobro hoy, seg\u00fan la terminaci\u00f3n del documento o el tipo de prestaci\u00f3n. Tambi\u00e9n te [&hellip;]<\/p>\n","protected":false},"author":2,"featured_media":3136,"comment_status":"open","ping_status":"open","sticky":false,"template":"","format":"standard","meta":{"_et_pb_use_builder":"","_et_pb_old_content":"","_et_gb_content_width":"","footnotes":""},"categories":[80],"tags":[],"class_list":["post-3135","post","type-post","status-publish","format-standard","has-post-thumbnail","hentry","category-economia-2"],"_links":{"self":[{"href":"https:\/\/verdadincomodadiario.ar\/index.php?rest_route=\/wp\/v2\/posts\/3135","targetHints":{"allow":["GET"]}}],"collection":[{"href":"https:\/\/verdadincomodadiario.ar\/index.php?rest_route=\/wp\/v2\/posts"}],"about":[{"href":"https:\/\/verdadincomodadiario.ar\/index.php?rest_route=\/wp\/v2\/types\/post"}],"author":[{"embeddable":true,"href":"https:\/\/verdadincomodadiario.ar\/index.php?rest_route=\/wp\/v2\/users\/2"}],"replies":[{"embeddable":true,"href":"https:\/\/verdadincomodadiario.ar\/index.php?rest_route=%2Fwp%2Fv2%2Fcomments&post=3135"}],"version-history":[{"count":0,"href":"https:\/\/verdadincomodadiario.ar\/index.php?rest_route=\/wp\/v2\/posts\/3135\/revisions"}],"wp:featuredmedia":[{"embeddable":true,"href":"https:\/\/verdadincomodadiario.ar\/index.php?rest_route=\/wp\/v2\/media\/3136"}],"wp:attachment":[{"href":"https:\/\/verdadincomodadiario.ar\/index.php?rest_route=%2Fwp%2Fv2%2Fmedia&parent=3135"}],"wp:term":[{"taxonomy":"category","embeddable":true,"href":"https:\/\/verdadincomodadiario.ar\/index.php?rest_route=%2Fwp%2Fv2%2Fcategories&post=3135"},{"taxonomy":"post_tag","embeddable":true,"href":"https:\/\/verdadincomodadiario.ar\/index.php?rest_route=%2Fwp%2Fv2%2Ftags&post=3135"}],"curies":[{"name":"wp","href":"https:\/\/api.w.org\/{rel}","templated":true}]}}