{"id":3133,"date":"2025-04-28T19:11:42","date_gmt":"2025-04-28T19:11:42","guid":{"rendered":"https:\/\/verdadincomodadiario.ar\/?p=3133"},"modified":"2025-04-28T19:11:42","modified_gmt":"2025-04-28T19:11:42","slug":"anses-confirmo-de-cuanto-sera-el-aumento-en-jubilaciones-y-pensiones-para-mayo-2025","status":"publish","type":"post","link":"https:\/\/verdadincomodadiario.ar\/?p=3133","title":{"rendered":"ANSES confirm\u00f3 de cu\u00e1nto ser\u00e1 el aumento en jubilaciones y pensiones para mayo 2025"},"content":{"rendered":"<p>El Gobierno de <a href=\"https:\/\/derechadiario.com.ar\/politica\/tras-despedir-al-papa-francisco-milei-mantuvo-almuerzo-con-giorgia-meloni\" title=\"Tras despedir al papa Francisco, Milei mantuvo un almuerzo con Giorgia Meloni\"><strong>Javier Milei<\/strong><\/a> oficializ\u00f3 el <strong>aumento del 3,73%<\/strong> en las <strong>jubilaciones<\/strong>, <strong>pensiones<\/strong> y <strong>asignaciones familiares<\/strong> que regir\u00e1 a partir de mayo de 2025. La medida impacta en los nuevos montos m\u00ednimos y m\u00e1ximos de haberes y actualiza las principales prestaciones sociales.<\/p>\n<p>Los cambios fueron establecidos por la <a href=\"https:\/\/derechadiario.com.ar\/economia\/programa-hogar-anses-abril-por-que-podrias-quedar-excluido-y-como-solucionarlo\" title=\"Programa Hogar ANSES en abril: por qu\u00e9 podr\u00edas quedar excluido y c\u00f3mo solucionarlo\"><strong>ANSES<\/strong><\/a> a trav\u00e9s de resoluciones publicadas en el Bolet\u00edn Oficial. Adem\u00e1s, se ajustaron los topes de ingresos y los valores de las asignaciones universales.<\/p>\n<div class=\"inter_image image_horizontal\">\n<picture><source class=\"img-responsive\" type=\"image\/webp\" data-srcset=\"\/filesedc\/uploads\/image\/post\/milei-anses-x3xjpg-1052707091_300_200.webp 300w, \n\/filesedc\/uploads\/image\/post\/milei-anses-x3xjpg-1052707091_630_420.webp 630w,\n                                \/filesedc\/uploads\/image\/post\/milei-anses-x3xjpg-1052707091_760_507.webp 760w,\n                                \/filesedc\/uploads\/image\/post\/milei-anses-x3xjpg-1052707091_1200_800.webp 1200w,\n                                \/filesedc\/uploads\/image\/post\/milei-anses-x3xjpg-1052707091_1600_1067.webp 1600w\"><img decoding=\"async\" src=\"https:\/\/derechadiario.com.ar\/filesedc\/uploads\/image\/post\/milei-anses-x3xjpg-1052707091_1200_800.webp\" class=\"img-responsive lazyload\" alt=\"Un hombre con traje aparece en un c\u00edrculo superpuesto sobre un cartel de la ANSES.\" title=\"Un hombre con traje aparece en un c\u00edrculo superpuesto sobre un cartel de la ANSES.\"><\/picture>\n<div>\n<span class=\"img_footer\">El Gobierno oficializ\u00f3 el aumento del 3,73% <\/span>| <span class=\"img_author\">La Derecha Diario<\/span>\n<\/div>\n<\/div>\n<h2><strong>\u00bfC\u00f3mo quedan las jubilaciones m\u00ednimas y m\u00e1ximas desde mayo?<\/strong><\/h2>\n<p>Seg\u00fan la <strong>Resoluci\u00f3n 211\/2025<\/strong> de la ANSES, los nuevos valores de haberes para el Sistema Integrado Previsional Argentino (<strong>SIPA<\/strong>) son:<\/p>\n<ul>\n<li>\n<strong>Haber m\u00ednimo garantizado:<\/strong> $296.481,74.<\/li>\n<li>\n<strong>Haber m\u00e1ximo:<\/strong> $1.995.041,47.<\/li>\n<\/ul>\n<p>Adem\u00e1s, se actualizaron las bases imponibles para los aportes previsionales:<\/p>\n<aside class=\"are-you-interested-container-photo\"><\/aside>\n<ul>\n<li>\n<strong>Base m\u00ednima:<\/strong> $99.855.<\/li>\n<li>\n<strong>Base m\u00e1xima:<\/strong> $3.245.240,49.<\/li>\n<\/ul>\n<p>Tambi\u00e9n se fijaron nuevos valores para otras prestaciones:<\/p>\n<ul>\n<li>\n<strong>Prestaci\u00f3n B\u00e1sica Universal (PBU):<\/strong> $135.626,86.<\/li>\n<li>\n<strong>Pensi\u00f3n Universal para el Adulto Mayor (PUAM):<\/strong> $237.185,39.<\/li>\n<\/ul>\n<figure><img decoding=\"async\" src=\"https:\/\/derechadiario.com.ar\/filesedc\/uploads\/image\/post\/jubilados-anses-3jpg_1200_800.webp\" class=\"img-responsive lazyload\" alt=\"Un grupo de personas camina por una acera en un entorno urbano, con una mujer mayor en primer plano llevando un bolso claro.\" title=\"Un grupo de personas camina por una acera en un entorno urbano, con una mujer mayor en primer plano llevando un bolso claro.\"><\/figure>\n<h2><strong>\u00bfCu\u00e1nto suben las asignaciones familiares y universales?<\/strong><\/h2>\n<p>La <strong>Resoluci\u00f3n 212\/2025<\/strong> estableci\u00f3 el aumento del 3,73% en las <strong>asignaciones familiares<\/strong> previstas por la Ley 24.714. El ajuste alcanza a trabajadores en relaci\u00f3n de dependencia, monotributistas y beneficiarios de AUH y AUE.<\/p>\n<h3><strong>Montos de asignaciones para trabajadores registrados<\/strong><\/h3>\n<ul>\n<li>\n<strong>Asignaci\u00f3n por hijo:<\/strong> $53.271 para ingresos familiares de hasta $824.838.<\/li>\n<li>\n<strong>Asignaci\u00f3n por hijo:<\/strong> $11.211 para ingresos de hasta $4.367.942 anuales.<\/li>\n<\/ul>\n<p>Se mantienen los montos diferenciados por zona geogr\u00e1fica para contemplar los costos de vida regionales.<\/p>\n<figure><img decoding=\"async\" src=\"https:\/\/derechadiario.com.ar\/filesedc\/uploads\/image\/post\/billetes-de-10000_1200_800.webp\" class=\"img-responsive lazyload\" alt=\"Una mano sosteniendo varios billetes de 10,000 pesos argentinos.\" title=\"Una mano sosteniendo varios billetes de 10,000 pesos argentinos.\"><\/figure>\n<h3><strong>Asignaciones para monotributistas<\/strong><\/h3>\n<p>Para los <strong>monotributistas<\/strong>, los valores var\u00edan seg\u00fan la categor\u00eda:<\/p>\n<aside class=\"whatsappChannelText\"><a href=\"https:\/\/whatsapp.com\/channel\/0029VagEjILGE56eKjedWF2U\" rel=\"nofollow\" title=\"WhatsApp Link\"><img alt=\"Logo de WhatsApp\" class=\"lazyload\" data-src=\"https:\/\/derechadiario.com.ar\/filesedc\/uploads\/other\/whatsapp_icon_mid_article.png\" width=\"32\" height=\"32\"><\/a> <a href=\"https:\/\/whatsapp.com\/channel\/0029VagEjILGE56eKjedWF2U\" rel=\"nofollow\" title=\"WhatsApp Link\"><strong>NO SE PIERDAN NINGUNA NOTICIA<\/strong>: Click aqu\u00ed para sumarte <strong>GRATIS<\/strong> al canal de noticias de <strong>La Derecha Diario en WhatsApp.<\/strong><\/a><\/aside>\n<aside class=\"are-you-interested-container-photo\"><\/aside>\n<ul>\n<li>\n<strong>Categor\u00edas A, B y C:<\/strong> $53.271 por hijo.<\/li>\n<li>\n<strong>Categor\u00edas superiores:<\/strong> montos reducidos.<\/li>\n<\/ul>\n<p>Los trabajadores temporarios y permanentes discontinuos no podr\u00e1n percibir montos menores a los de la <strong>Asignaci\u00f3n Universal por Hijo<\/strong>.<\/p>\n<h3><strong>Otros valores de asignaciones<\/strong><\/h3>\n<ul>\n<li>\n<strong>Asignaci\u00f3n por embarazo:<\/strong> $53.271.<\/li>\n<li>\n<strong>Asignaci\u00f3n por nacimiento:<\/strong> $62.093.<\/li>\n<li>\n<strong>Asignaci\u00f3n por matrimonio:<\/strong> $62.093.<\/li>\n<li>\n<strong>Asignaci\u00f3n por adopci\u00f3n:<\/strong> $371.275.<\/li>\n<li>\n<strong>Ayuda escolar anual:<\/strong> $42.039 (sin tope de ingresos).<\/li>\n<\/ul>\n<figure><img decoding=\"async\" src=\"https:\/\/derechadiario.com.ar\/filesedc\/uploads\/image\/post\/anses-1-jpg_1200_800.webp\" class=\"img-responsive lazyload\" alt=\"Fachada de una oficina de ANSES con un cartel azul y un coraz\u00f3n naranja.\" title=\"Fachada de una oficina de ANSES con un cartel azul y un coraz\u00f3n naranja.\"><\/figure>\n<h2><strong>\u00bfQu\u00e9 pasa con los topes de ingresos familiares?<\/strong><\/h2>\n<p>Se estableci\u00f3 que si uno de los integrantes del grupo familiar percibe m\u00e1s de <strong>$2.183.971<\/strong> mensuales, el grupo quedar\u00e1 excluido del cobro de asignaciones, sin importar el ingreso total del hogar.<\/p>\n<h2><strong>\u00bfC\u00f3mo se calcula el nuevo aumento de ANSES?<\/strong><\/h2>\n<p>La movilidad que define el aumento se basa en el <strong>\u00cdndice de Precios al Consumidor (IPC)<\/strong> publicado por el INDEC. La actualizaci\u00f3n cumple con lo dispuesto en el <strong>Decreto 274\/2024<\/strong>.<\/p>\n","protected":false},"excerpt":{"rendered":"<p>El Gobierno de Javier Milei oficializ\u00f3 el aumento del 3,73% en las jubilaciones, pensiones y asignaciones familiares que regir\u00e1 a partir de mayo de 2025. La medida impacta en los nuevos montos m\u00ednimos y m\u00e1ximos de haberes y actualiza las principales prestaciones sociales. Los cambios fueron establecidos por la ANSES a trav\u00e9s de resoluciones publicadas [&hellip;]<\/p>\n","protected":false},"author":2,"featured_media":3134,"comment_status":"open","ping_status":"open","sticky":false,"template":"","format":"standard","meta":{"_et_pb_use_builder":"","_et_pb_old_content":"","_et_gb_content_width":"","footnotes":""},"categories":[80],"tags":[],"class_list":["post-3133","post","type-post","status-publish","format-standard","has-post-thumbnail","hentry","category-economia-2"],"_links":{"self":[{"href":"https:\/\/verdadincomodadiario.ar\/index.php?rest_route=\/wp\/v2\/posts\/3133","targetHints":{"allow":["GET"]}}],"collection":[{"href":"https:\/\/verdadincomodadiario.ar\/index.php?rest_route=\/wp\/v2\/posts"}],"about":[{"href":"https:\/\/verdadincomodadiario.ar\/index.php?rest_route=\/wp\/v2\/types\/post"}],"author":[{"embeddable":true,"href":"https:\/\/verdadincomodadiario.ar\/index.php?rest_route=\/wp\/v2\/users\/2"}],"replies":[{"embeddable":true,"href":"https:\/\/verdadincomodadiario.ar\/index.php?rest_route=%2Fwp%2Fv2%2Fcomments&post=3133"}],"version-history":[{"count":0,"href":"https:\/\/verdadincomodadiario.ar\/index.php?rest_route=\/wp\/v2\/posts\/3133\/revisions"}],"wp:featuredmedia":[{"embeddable":true,"href":"https:\/\/verdadincomodadiario.ar\/index.php?rest_route=\/wp\/v2\/media\/3134"}],"wp:attachment":[{"href":"https:\/\/verdadincomodadiario.ar\/index.php?rest_route=%2Fwp%2Fv2%2Fmedia&parent=3133"}],"wp:term":[{"taxonomy":"category","embeddable":true,"href":"https:\/\/verdadincomodadiario.ar\/index.php?rest_route=%2Fwp%2Fv2%2Fcategories&post=3133"},{"taxonomy":"post_tag","embeddable":true,"href":"https:\/\/verdadincomodadiario.ar\/index.php?rest_route=%2Fwp%2Fv2%2Ftags&post=3133"}],"curies":[{"name":"wp","href":"https:\/\/api.w.org\/{rel}","templated":true}]}}