{"id":3129,"date":"2025-04-28T19:11:44","date_gmt":"2025-04-28T19:11:44","guid":{"rendered":"https:\/\/verdadincomodadiario.ar\/?p=3129"},"modified":"2025-04-28T19:11:44","modified_gmt":"2025-04-28T19:11:44","slug":"una-prestigiosa-marca-estadounidense-de-zapatillas-abrio-su-primer-local-en-argentina","status":"publish","type":"post","link":"https:\/\/verdadincomodadiario.ar\/?p=3129","title":{"rendered":"Una prestigiosa marca estadounidense de zapatillas abri\u00f3 su primer local en Argentina"},"content":{"rendered":"<p>En un escenario de <strong>apertura de importaciones<\/strong>, varias marcas internacionales comenzaron a interesarse en el <a href=\"https:\/\/derechadiario.com.ar\/economia\/marca-suiza-zapatillas-abrira-sus-primeras-dos-tiendas-argentina\" target=\"_blank\" title=\"La marca suiza de zapatillas ON abrir\u00e1 sus primeras dos tiendas en Argentina\"><strong>mercado argentino<\/strong><\/a> para <strong>instalarse<\/strong> o <strong>ampliar su presencia<\/strong> en el corto plazo, impulsadas por la <a href=\"https:\/\/derechadiario.com.ar\/economia\/actividad-industrial-marzo-registro-crecimiento-del-7-forma-interanual\" target=\"_blank\" title=\"La actividad industrial en marzo registr\u00f3 un crecimiento del 7% en forma interanual\">recuperaci\u00f3n econ\u00f3mica<\/a> lograda por el Gobierno de <strong>Javier Milei<\/strong>. Una de ellas es la firma estadounidense Skechers, que recientemente <strong>inaugur\u00f3 su primera tienda en el pa\u00eds<\/strong>.<\/p>\n<p>Con sede en Manhattan Beach, California, <strong>Skechers<\/strong> se consolid\u00f3 como la <strong>tercera mayor marca de calzado deportivo en Estados Unidos<\/strong> en t\u00e9rminos de ingresos. Ahora <strong>desembarc\u00f3 en Argentina<\/strong> con un local en el segundo nivel del <strong>Unicenter<\/strong>, ubicado en la localidad de Mart\u00ednez. Adem\u00e1s, la marca ya opera con su propia tienda online.<\/p>\n<p>La estrategia de Skechers se bas\u00f3 en enfocarse en segmentos del mercado poco explotados por gigantes como Nike y Adidas. Esta t\u00e1ctica le permiti\u00f3 alcanzar ventas r\u00e9cord de aproximadamente <strong>$8.970 millones<\/strong> en 2024, con una proyecci\u00f3n de llegar a los <strong>$10.000 millones<\/strong> en 2026.<\/p>\n<div class=\"inter_image image_horizontal\">\n<picture><source class=\"img-responsive\" type=\"image\/webp\" data-srcset=\"\/filesedc\/uploads\/image\/post\/skechers-gran-plaza-1_300_200.webp 300w, \n\/filesedc\/uploads\/image\/post\/skechers-gran-plaza-1_630_420.webp 630w,\n                                \/filesedc\/uploads\/image\/post\/skechers-gran-plaza-1_760_507.webp 760w,\n                                \/filesedc\/uploads\/image\/post\/skechers-gran-plaza-1_1200_800.webp 1200w,\n                                \/filesedc\/uploads\/image\/post\/skechers-gran-plaza-1_1600_1067.webp 1600w\"><img decoding=\"async\" src=\"https:\/\/derechadiario.com.ar\/filesedc\/uploads\/image\/post\/skechers-gran-plaza-1_1200_800.webp\" class=\"img-responsive lazyload\" alt=\"Tienda de calzado Skechers en un centro comercial con clientes observando los productos en exhibici\u00f3n.\" title=\"Tienda de calzado Skechers en un centro comercial con clientes observando los productos en exhibici\u00f3n.\"><\/picture>\n<div>\n<span class=\"img_footer\">Local de Skechers. <\/span>| <span class=\"img_author\">La Derecha Diario<\/span>\n<\/div>\n<\/div>\n<p>El Grupo Blanco, que ya distribu\u00eda productos de Skechers a trav\u00e9s de plataformas digitales y cadenas como Dexter, Open Sports y Sportline, lider\u00f3 la llegada de la marca al pa\u00eds. De acuerdo al comportamiento de la demanda local y a la evoluci\u00f3n del mercado, se eval\u00faa la posibilidad de <strong>abrir nuevas sucursales en el futuro<\/strong>.<\/p>\n<aside class=\"are-you-interested-container-photo\"><\/aside>\n<p>Los precios de las zapatillas arrancan en los $55.999, con la posibilidad de pagarlas en hasta seis cuotas sin inter\u00e9s. La propuesta abarca calzado para running, entrenamiento, caminatas y uso diario, con opciones para hombres, mujeres y ni\u00f1os.<\/p>\n<p>El desembarco de Skechers se da en un contexto en el que el Gobierno de Milei promueve la <strong>apertura de importaciones<\/strong> de productos terminados, particularmente en el sector de indumentaria y calzado. Este marco favoreci\u00f3 el arribo de marcas que, hasta el momento, operaban en el pa\u00eds a trav\u00e9s de ventas indirectas o mediante distribuidores.<\/p>\n<h2>La competencia en el pa\u00eds<\/h2>\n<p>Dentro de la Argentina, la marca enfrentar\u00e1 la <strong>competencia de otras firmas internacionales<\/strong> del mismo segmento. Un caso es el de ON, la marca suiza especializada en zapatillas de running. El Grupo Bisa tiene previsto <strong>inaugurar dos locales en 2026<\/strong>: uno a la calle y otro dentro de un centro comercial.<\/p>\n<p>ON fue creada en 2010 en Z\u00farich por el exatleta Olivier Bernhard junto a David Allemann y Caspar Coppetti, y en 2019 se sum\u00f3 como inversor y colaborador el reconocido tenista suizo Roger Federer.<\/p>\n<figure><img decoding=\"async\" src=\"https:\/\/derechadiario.com.ar\/filesedc\/uploads\/image\/post\/67531d9ce9ff710175637a24_1200_800.webp\" class=\"img-responsive lazyload\" alt=\"Un hombre en traje oscuro est\u00e1 sentado frente a un micr\u00f3fono con una bandera argentina a su lado y un fondo azul con texto.\" title=\"Un hombre en traje oscuro est\u00e1 sentado frente a un micr\u00f3fono con una bandera argentina a su lado y un fondo azul con texto.\"><\/figure>\n<p>Por su parte, la cadena francesa Decathlon, enfocada en art\u00edculos deportivos, <strong>planea volver al mercado argentino<\/strong>. Su primera etapa en el pa\u00eds se dio entre 2000 y 2002, pero fue interrumpida por la crisis econ\u00f3mica. En esta nueva etapa, proyecta abrir sus primeras tiendas en la Ciudad de Buenos Aires y en la Zona Norte, con planes de expandirse posteriormente hacia otras regiones.<\/p>\n<p>El regreso de Decathlon al mercado argentino ocurre en un momento estrat\u00e9gico, gracias a una asociaci\u00f3n con el Grupo One, encabezado por <strong>Manuel Antelo<\/strong> y el matrimonio conformado por <strong>Sabine Mulliez<\/strong> y <strong>Pedro Aguirre Saravia<\/strong>.<\/p>\n<p>Por otro lado, dentro del rubro del calzado, la emblem\u00e1tica marca brit\u00e1nica Dr. Martens tambi\u00e9n <strong>retoma su presencia en el pa\u00eds<\/strong> con la inauguraci\u00f3n de una <strong>nueva tienda<\/strong> en la Ciudad de Buenos Aires. La firma hab\u00eda abandonado Argentina en 2022, como parte de su retiro de Latinoam\u00e9rica y debido a las restricciones a las importaciones impuestas por el gobierno kirchnerista de <strong>Alberto Fern\u00e1ndez<\/strong>.<\/p>\n<p>Con una inversi\u00f3n estimada en <strong>USD 400.000<\/strong>, el primer local estar\u00e1 ubicado en Palermo Soho, sobre la calle El Salvador, y ofrecer\u00e1 los modelos m\u00e1s ic\u00f3nicos como el 1460, Jadon, Sinclair y las cl\u00e1sicas Chelsea Boots, junto a algunas novedades. El lanzamiento est\u00e1 programado para el mes de julio.<\/p>\n<aside class=\"whatsappChannelText\"><a href=\"https:\/\/whatsapp.com\/channel\/0029VagEjILGE56eKjedWF2U\" rel=\"nofollow\" title=\"WhatsApp Link\"><img alt=\"Logo de WhatsApp\" class=\"lazyload\" data-src=\"https:\/\/derechadiario.com.ar\/filesedc\/uploads\/other\/whatsapp_icon_mid_article.png\" width=\"32\" height=\"32\"><\/a> <a href=\"https:\/\/whatsapp.com\/channel\/0029VagEjILGE56eKjedWF2U\" rel=\"nofollow\" title=\"WhatsApp Link\"><strong>NO SE PIERDAN NINGUNA NOTICIA<\/strong>: Click aqu\u00ed para sumarte <strong>GRATIS<\/strong> al canal de noticias de <strong>La Derecha Diario en WhatsApp.<\/strong><\/a><\/aside>\n<p>Otras marcas internacionales que ya concretaron su arribo al pa\u00eds son Bath &#038; Body Works y Victoria\u2019s Secret. Adem\u00e1s, se espera pr\u00f3ximamente la llegada de firmas como Gucci y JBL, entre otras.<\/p>\n<p>La llegada de estas compa\u00f1\u00edas extranjeras refleja un <strong>renovado inter\u00e9s por el mercado argentino<\/strong>, impulsado por un escenario de <strong>mayor apertura comercial<\/strong> y la expectativa de una <strong>recuperaci\u00f3n sostenida de la econom\u00eda<\/strong>.<\/p>\n","protected":false},"excerpt":{"rendered":"<p>En un escenario de apertura de importaciones, varias marcas internacionales comenzaron a interesarse en el mercado argentino para instalarse o ampliar su presencia en el corto plazo, impulsadas por la recuperaci\u00f3n econ\u00f3mica lograda por el Gobierno de Javier Milei. Una de ellas es la firma estadounidense Skechers, que recientemente inaugur\u00f3 su primera tienda en el [&hellip;]<\/p>\n","protected":false},"author":2,"featured_media":3130,"comment_status":"open","ping_status":"open","sticky":false,"template":"","format":"standard","meta":{"_et_pb_use_builder":"","_et_pb_old_content":"","_et_gb_content_width":"","footnotes":""},"categories":[80],"tags":[],"class_list":["post-3129","post","type-post","status-publish","format-standard","has-post-thumbnail","hentry","category-economia-2"],"_links":{"self":[{"href":"https:\/\/verdadincomodadiario.ar\/index.php?rest_route=\/wp\/v2\/posts\/3129","targetHints":{"allow":["GET"]}}],"collection":[{"href":"https:\/\/verdadincomodadiario.ar\/index.php?rest_route=\/wp\/v2\/posts"}],"about":[{"href":"https:\/\/verdadincomodadiario.ar\/index.php?rest_route=\/wp\/v2\/types\/post"}],"author":[{"embeddable":true,"href":"https:\/\/verdadincomodadiario.ar\/index.php?rest_route=\/wp\/v2\/users\/2"}],"replies":[{"embeddable":true,"href":"https:\/\/verdadincomodadiario.ar\/index.php?rest_route=%2Fwp%2Fv2%2Fcomments&post=3129"}],"version-history":[{"count":0,"href":"https:\/\/verdadincomodadiario.ar\/index.php?rest_route=\/wp\/v2\/posts\/3129\/revisions"}],"wp:featuredmedia":[{"embeddable":true,"href":"https:\/\/verdadincomodadiario.ar\/index.php?rest_route=\/wp\/v2\/media\/3130"}],"wp:attachment":[{"href":"https:\/\/verdadincomodadiario.ar\/index.php?rest_route=%2Fwp%2Fv2%2Fmedia&parent=3129"}],"wp:term":[{"taxonomy":"category","embeddable":true,"href":"https:\/\/verdadincomodadiario.ar\/index.php?rest_route=%2Fwp%2Fv2%2Fcategories&post=3129"},{"taxonomy":"post_tag","embeddable":true,"href":"https:\/\/verdadincomodadiario.ar\/index.php?rest_route=%2Fwp%2Fv2%2Ftags&post=3129"}],"curies":[{"name":"wp","href":"https:\/\/api.w.org\/{rel}","templated":true}]}}