{"id":3095,"date":"2025-04-28T03:23:33","date_gmt":"2025-04-28T03:23:33","guid":{"rendered":"https:\/\/verdadincomodadiario.ar\/?p=3095"},"modified":"2025-04-28T03:23:33","modified_gmt":"2025-04-28T03:23:33","slug":"la-historica-marca-pampero-preve-la-apertura-de-30-nuevos-locales-en-la-argentina","status":"publish","type":"post","link":"https:\/\/verdadincomodadiario.ar\/?p=3095","title":{"rendered":"La hist\u00f3rica marca Pampero prev\u00e9 la apertura de 30 nuevos locales en la Argentina"},"content":{"rendered":"<p>En un <a href=\"https:\/\/derechadiario.com.ar\/economia\/actividad-industrial-marzo-registro-crecimiento-del-7-forma-interanual\" title=\"La actividad industrial en marzo registr\u00f3 un crecimiento del 7% en forma interanual\">escenario econ\u00f3mico<\/a> que, tras a\u00f1os de estancamiento, comienza a transformarse bajo el <strong>exitoso<\/strong>\u00a0 liderazgo de <a href=\"https:\/\/derechadiario.com.ar\/politica\/tras-despedir-al-papa-francisco-milei-mantuvo-almuerzo-con-giorgia-meloni\" title=\"Tras despedir al papa Francisco, Milei mantuvo un almuerzo con Giorgia Meloni\">Javier Milei<\/a>, la hist\u00f3rica marca argentina <strong>Pampero<\/strong>\u00a0 apuesta decididamente por el <strong>crecimiento<\/strong>\u00a0 y la expansi\u00f3n regional.<\/p>\n<p>\u00a0Bajo la conducci\u00f3n de \u00a0<strong>Gabriel &#8220;Gabo&#8221; Nazar<\/strong>, empresario de s\u00f3lida trayectoria y fundador de Card\u00f3n, <strong>Pampero proyecta abrir 30 nuevas tiendas en 2025, alcanzando 200 locales en todo el pa\u00eds para fines de 2026<\/strong>, fortaleciendo as\u00ed su presencia no solo en el mercado interno sino tambi\u00e9n en el exterior.<\/p>\n<h2>De los tiempos dif\u00edciles al renacer productivo<\/h2>\n<p>Fundada en <strong>1914<\/strong>, Pampero supo ser sin\u00f3nimo de tradici\u00f3n criolla y calidad en indumentaria de trabajo. Sin embargo, el ocaso de <strong>d\u00e9cadas de malas gestiones y regulaciones asfixiantes<\/strong>\u00a0 la llev\u00f3 a un per\u00edodo cr\u00edtico. La venta de Alpargatas al grupo brasile\u00f1o Camargo Correa a fines del siglo pasado marc\u00f3 una etapa de abandono. Fue reci\u00e9n en <strong>2012<\/strong>, cuando <strong>Nazar<\/strong>\u00a0 adquiri\u00f3 Pampero por <strong>30 millones de pesos<\/strong> tras un extenso proceso regulatorio, que la marca encontr\u00f3 un renovado impulso.<\/p>\n<p>Hoy, en un entorno econ\u00f3mico cada vez m\u00e1s favorable para el sector privado, Pampero acelera su reconversi\u00f3n y expansi\u00f3n: ya cuenta con <strong>120 locales activos, a los que sumar\u00e1 30 nuevos este a\u00f1o<\/strong> (con aperturas inminentes en Azul, Pergamino y Jun\u00edn) <strong>y otros 50 en 2026.<\/strong><\/p>\n<aside class=\"are-you-interested-container-photo\"><\/aside>\n<p><strong>&#8220;A pesar de las enormes dificultades de la econom\u00eda argentina, pudimos armar un andamiaje fuerte para encarar un plan de expansi\u00f3n de esta magnitud&#8221;<\/strong>, destac\u00f3 Nazar, dejando claro c\u00f3mo el nuevo clima econ\u00f3mico posibilita a los emprendedores de visi\u00f3n sostener proyectos de largo plazo.<\/p>\n<div class=\"inter_image image_vertical\">\n<picture><source class=\"img-responsive\" type=\"image\/webp\" data-srcset=\"\/filesedc\/uploads\/image\/post\/sin-titulo-5xx-70-d275d51001d57563a917201070048728-1024-1024_300_400.webp 300w, \n\/filesedc\/uploads\/image\/post\/sin-titulo-5xx-70-d275d51001d57563a917201070048728-1024-1024_630_840.webp 630w,\n                                \/filesedc\/uploads\/image\/post\/sin-titulo-5xx-70-d275d51001d57563a917201070048728-1024-1024_760_1013.webp 760w,\n                                \/filesedc\/uploads\/image\/post\/sin-titulo-5xx-70-d275d51001d57563a917201070048728-1024-1024_1200_1600.webp 1200w,\n                                \/filesedc\/uploads\/image\/post\/sin-titulo-5xx-70-d275d51001d57563a917201070048728-1024-1024_1600_2133.webp 1600w\"><img decoding=\"async\" src=\"https:\/\/derechadiario.com.ar\/filesedc\/uploads\/image\/post\/sin-titulo-5xx-70-d275d51001d57563a917201070048728-1024-1024_1200_1600.webp\" class=\"img-responsive lazyload\" alt=\"Un trabajador con casco y faja de seguridad est\u00e1 de espaldas, organizando materiales en un entorno industrial.\" title=\"Un trabajador con casco y faja de seguridad est\u00e1 de espaldas, organizando materiales en un entorno industrial.\"><\/picture>\n<div>\n<span class=\"img_footer\">Con viento a favor, Pampero lidera la recuperaci\u00f3n textil. <\/span>| <span class=\"img_author\">La Derecha Diario<\/span>\n<\/div>\n<\/div>\n<p>El coraz\u00f3n de esta ambiciosa expansi\u00f3n es el modelo de franquicias, esquema que Nazar aplic\u00f3 con \u00e9xito en Card\u00f3n y en la cadena de empanadas El Noble (vendida en 2016). \u00a0<strong>Cada nuevo local requiere una inversi\u00f3n m\u00ednima de 100.000 d\u00f3lares<\/strong>, cifra que se justifica por el poder de una marca &#8220;multitarget&#8221; que apunta a todos los segmentos del mercado. \u00a0<strong>&#8220;En una ciudad chica, Pampero podr\u00eda tener dos locales; en una mediana, entre cuatro y cinco; y en una grande, m\u00e1s&#8221;<\/strong>, explic\u00f3 el empresario.<\/p>\n<p>Pampero produce actualmente \u00a0<strong>400.000 unidades de calzado y 5 millones de prendas de indumentaria al a\u00f1o<\/strong>, en asociaci\u00f3n con <strong>47 licenciatarios y 40 plantas industriales<\/strong> distribuidas estrat\u00e9gicamente en provincias como <strong>La Rioja, Catamarca y Chaco.<\/strong> Una muestra clara del federalismo productivo que hoy el pa\u00eds impulsa con fuerza.<\/p>\n<p>La marca tambi\u00e9n supo leer los cambios de \u00e9poca. Desde 2024, Pampero inici\u00f3 una reconversi\u00f3n que ampli\u00f3 su propuesta: ahora ofrece <strong>cinco l\u00edneas<\/strong> diferenciadas \u2014<strong>Industrial, Rural, Aventura, Urbana e Infantil<\/strong>\u2014 adem\u00e1s de productos tradicionales de la cultura criolla como \u00a0<strong>mates, termos, bombillas, yerbas<\/strong> (lanzadas en 2021) y <strong>art\u00edculos de decoraci\u00f3n para el hogar<\/strong>. Hoy su cat\u00e1logo suma m\u00e1s de <strong>5.000 productos.<\/strong><\/p>\n<figure><img decoding=\"async\" src=\"https:\/\/derechadiario.com.ar\/filesedc\/uploads\/image\/post\/javier-mileijpg-1735924188478_1200_800.webp\" class=\"img-responsive lazyload\" alt=\"Hombre con traje oscuro levantando el pu\u00f1o y sonriendo.\" title=\"Hombre con traje oscuro levantando el pu\u00f1o y sonriendo.\"><\/figure>\n<p>En paralelo, el nuevo contexto de apertura comercial permiti\u00f3 a Pampero importar desde China productos descartables, como guantes y protectores oculares, que no se fabrican a gran escala en Argentina, sin resignar su compromiso central: \u00a0<strong>&#8220;La producci\u00f3n de indumentaria y calzado de seguridad seguir\u00e1 siendo local, pero la apertura de importaciones es una oportunidad y un desaf\u00edo para integrarnos al mundo&#8221;,<\/strong> afirm\u00f3 Nazar, celebrando un escenario que apuesta a la competitividad real.<\/p>\n<p>Pampero ya cuenta con \u00a0<strong>nueve sucursales en Uruguay<\/strong>\u00a0 y una s\u00f3lida operaci\u00f3n en <strong>Paraguay<\/strong>, donde adem\u00e1s instal\u00f3 una planta de producci\u00f3n propia. Ahora prepara su desembarco en \u00a0<strong>Brasil, Bolivia y Chile<\/strong>, consolidando una estrategia de crecimiento regional sostenida en la calidad argentina.<\/p>\n<p><strong>&#8220;Montamos una planta en Paraguay para desacoplar el crecimiento externo de los vaivenes internos&#8221;<\/strong>, explic\u00f3 Nazar, en referencia a una Argentina que, bajo Milei, trabaja para terminar definitivamente con los ciclos de inestabilidad. En <strong>C\u00f3rdoba<\/strong>\u00a0 \u2014centro neur\u00e1lgico del sector textil\u2014 la marca afianza su crecimiento de la mano de <strong>Productos Nacionales SA<\/strong>, de la familia <strong>Sahade<\/strong>, como distribuidor y licenciatario para <strong>C\u00f3rdoba y La Rioja.<\/strong><\/p>\n<p>A pesar de una ca\u00edda en el consumo textil en el primer trimestre de 2024 respecto al mismo per\u00edodo de 2023, Pampero no solo resisti\u00f3 sino que capitaliz\u00f3 las oportunidades: <strong>recientemente abri\u00f3 un local de 400 m\u00b2 en Santa Fe y Callao, y otro en las prestigiosas Galer\u00edas Pac\u00edfico de Buenos Aires<\/strong>, ocupando espacios dejados por marcas internacionales que abandonaron el pa\u00eds en los a\u00f1os de crisis.<\/p>\n<aside class=\"whatsappChannelText\"><a href=\"https:\/\/whatsapp.com\/channel\/0029VagEjILGE56eKjedWF2U\" rel=\"nofollow\" title=\"WhatsApp Link\"><img alt=\"Logo de WhatsApp\" class=\"lazyload\" data-src=\"https:\/\/derechadiario.com.ar\/filesedc\/uploads\/other\/whatsapp_icon_mid_article.png\" width=\"32\" height=\"32\"><\/a> <a href=\"https:\/\/whatsapp.com\/channel\/0029VagEjILGE56eKjedWF2U\" rel=\"nofollow\" title=\"WhatsApp Link\"><strong>NO SE PIERDAN NINGUNA NOTICIA<\/strong>: Click aqu\u00ed para sumarte <strong>GRATIS<\/strong> al canal de noticias de <strong>La Derecha Diario en WhatsApp.<\/strong><\/a><\/aside>\n<p>La proyecci\u00f3n es contundente: \u00a0<strong>triplicar la facturaci\u00f3n de 200 millones de pesos de 2013<\/strong>, consolidando a Pampero como referente de la nueva industria nacional.<\/p>\n<p>&#8220;Argentina va a ser de los que se queden&#8221;, sentenci\u00f3 Nazar, sintetizando el esp\u00edritu de una \u00e9poca que, finalmente, empieza a dejar atr\u00e1s las sombras para abrirse a un futuro de crecimiento genuino.<\/p>\n","protected":false},"excerpt":{"rendered":"<p>En un escenario econ\u00f3mico que, tras a\u00f1os de estancamiento, comienza a transformarse bajo el exitoso\u00a0 liderazgo de Javier Milei, la hist\u00f3rica marca argentina Pampero\u00a0 apuesta decididamente por el crecimiento\u00a0 y la expansi\u00f3n regional. \u00a0Bajo la conducci\u00f3n de \u00a0Gabriel &#8220;Gabo&#8221; Nazar, empresario de s\u00f3lida trayectoria y fundador de Card\u00f3n, Pampero proyecta abrir 30 nuevas tiendas en [&hellip;]<\/p>\n","protected":false},"author":2,"featured_media":3096,"comment_status":"open","ping_status":"open","sticky":false,"template":"","format":"standard","meta":{"_et_pb_use_builder":"","_et_pb_old_content":"","_et_gb_content_width":"","footnotes":""},"categories":[80],"tags":[],"class_list":["post-3095","post","type-post","status-publish","format-standard","has-post-thumbnail","hentry","category-economia-2"],"_links":{"self":[{"href":"https:\/\/verdadincomodadiario.ar\/index.php?rest_route=\/wp\/v2\/posts\/3095","targetHints":{"allow":["GET"]}}],"collection":[{"href":"https:\/\/verdadincomodadiario.ar\/index.php?rest_route=\/wp\/v2\/posts"}],"about":[{"href":"https:\/\/verdadincomodadiario.ar\/index.php?rest_route=\/wp\/v2\/types\/post"}],"author":[{"embeddable":true,"href":"https:\/\/verdadincomodadiario.ar\/index.php?rest_route=\/wp\/v2\/users\/2"}],"replies":[{"embeddable":true,"href":"https:\/\/verdadincomodadiario.ar\/index.php?rest_route=%2Fwp%2Fv2%2Fcomments&post=3095"}],"version-history":[{"count":0,"href":"https:\/\/verdadincomodadiario.ar\/index.php?rest_route=\/wp\/v2\/posts\/3095\/revisions"}],"wp:featuredmedia":[{"embeddable":true,"href":"https:\/\/verdadincomodadiario.ar\/index.php?rest_route=\/wp\/v2\/media\/3096"}],"wp:attachment":[{"href":"https:\/\/verdadincomodadiario.ar\/index.php?rest_route=%2Fwp%2Fv2%2Fmedia&parent=3095"}],"wp:term":[{"taxonomy":"category","embeddable":true,"href":"https:\/\/verdadincomodadiario.ar\/index.php?rest_route=%2Fwp%2Fv2%2Fcategories&post=3095"},{"taxonomy":"post_tag","embeddable":true,"href":"https:\/\/verdadincomodadiario.ar\/index.php?rest_route=%2Fwp%2Fv2%2Ftags&post=3095"}],"curies":[{"name":"wp","href":"https:\/\/api.w.org\/{rel}","templated":true}]}}