{"id":3057,"date":"2025-04-27T01:42:19","date_gmt":"2025-04-27T01:42:19","guid":{"rendered":"https:\/\/verdadincomodadiario.ar\/?p=3057"},"modified":"2025-04-27T01:42:19","modified_gmt":"2025-04-27T01:42:19","slug":"el-fmi-castigo-a-colombia-suspendio-la-linea-de-credito-flexible","status":"publish","type":"post","link":"https:\/\/verdadincomodadiario.ar\/?p=3057","title":{"rendered":"El FMI castig\u00f3 a Colombia: suspendi\u00f3 la L\u00ednea de Cr\u00e9dito Flexible"},"content":{"rendered":"<p>El pasado s\u00e1bado, el <strong>FMI<\/strong>\u00a0 anunci\u00f3 la <strong>suspensi\u00f3n temporal de la L\u00ednea de Cr\u00e9dito Flexible<\/strong> (LCF) que manten\u00eda con <strong>Colombia<\/strong>, una herramienta que el pa\u00eds sudamericano hab\u00eda obtenido en <strong>2009<\/strong>\u00a0 gracias a su entonces s\u00f3lida <a href=\"https:\/\/derechadiario.com.ar\/economia\/actividad-industrial-marzo-registro-crecimiento-del-7-forma-interanual\" title=\"La actividad industrial en marzo registr\u00f3 un crecimiento del 7% en forma interanual\">pol\u00edtica econ\u00f3mica<\/a>. El organismo comunic\u00f3 que la permanencia de Colombia en la LCF est\u00e1 ahora sujeta a la finalizaci\u00f3n de la consulta del Art\u00edculo IV y a una posterior revisi\u00f3n intermedia. Aunque la suspensi\u00f3n no implica un retiro definitivo del respaldo, s\u00ed refleja una creciente preocupaci\u00f3n por la <a href=\"https:\/\/derechadiario.com.ar\/economia\/vieron-bank-of-america-llamo-comprar-pesos-tras-salida-del-cepo\" title=\"La vieron: Bank of America llam\u00f3 a 'comprar pesos' tras la salida del cepo\">estabilidad macroecon\u00f3mica<\/a> colombiana.<\/p>\n<p>El FMI advirti\u00f3 que \u00a0<strong>\u201clas restricciones de liquidez contribuyeron a una acumulaci\u00f3n de grandes rezagos presupuestales (2,8% del PIB)\u201d<\/strong>, lo que equivale a unos <strong>48 billones de pesos<\/strong> considerando un PIB colombiano de 1.700 billones de pesos en 2023. Adicionalmente, el informe revel\u00f3 que \u00a0<strong>\u201clos d\u00e9ficits y la deuda p\u00fablica han aumentado m\u00e1s de lo previsto\u201d<\/strong>, se\u00f1alando que el d\u00e9ficit fiscal global del gobierno central alcanz\u00f3 el \u00a0<strong>6,7% del PIB en 2024, frente al 4,2% del PIB en 2023 y 1,1 puntos porcentuales por encima<\/strong> de la meta oficial establecida en el marco fiscal de mediano plazo. Todo esto a pesar de esfuerzos de ajuste fiscal hacia finales del a\u00f1o pasado.<\/p>\n<p>Hasta el momento, el <strong>Ministerio de Hacienda<\/strong>\u00a0 de Colombia no ha emitido un pronunciamiento oficial sobre los pasos a seguir. Se esperan reuniones t\u00e9cnicas entre las autoridades colombianas y el FMI para definir el futuro de la relaci\u00f3n financiera.<\/p>\n<div class=\"inter_image image_horizontal\">\n<picture><source class=\"img-responsive\" type=\"image\/webp\" data-srcset=\"\/filesedc\/uploads\/image\/post\/captura-de-pantalla-2025-04-26-212741_300_200.webp 300w, \n\/filesedc\/uploads\/image\/post\/captura-de-pantalla-2025-04-26-212741_630_420.webp 630w,\n                                \/filesedc\/uploads\/image\/post\/captura-de-pantalla-2025-04-26-212741_760_507.webp 760w,\n                                \/filesedc\/uploads\/image\/post\/captura-de-pantalla-2025-04-26-212741_1200_800.webp 1200w,\n                                \/filesedc\/uploads\/image\/post\/captura-de-pantalla-2025-04-26-212741_1600_1067.webp 1600w\"><img decoding=\"async\" src=\"https:\/\/derechadiario.com.ar\/filesedc\/uploads\/image\/post\/captura-de-pantalla-2025-04-26-212741_1200_800.webp\" class=\"img-responsive lazyload\" alt=\"Una persona sonriendo con las manos juntas frente a un fondo desenfocado.\" title=\"Una persona sonriendo con las manos juntas frente a un fondo desenfocado.\"><\/picture>\n<div>\n<span class=\"img_footer\">Kristalina Georgieva elogi\u00f3 la gesti\u00f3n de Milei en Argentina.  <\/span>| <span class=\"img_author\">La Derecha Diario<\/span>\n<\/div>\n<\/div>\n<h2>FMI: un panorama distinto para la Argentina.<\/h2>\n<p>En su \u00faltimo Informe de \u00a0<strong>Perspectivas Econ\u00f3micas Globales<\/strong> (WEO), el organismo descart\u00f3 cualquier impacto negativo para el crecimiento argentino a pesar de las recientes barreras arancelarias impuestas por Estados Unidos. De hecho, <strong>el FMI reafirm\u00f3 una proyecci\u00f3n de crecimiento del 5,5% del PBI argentino para 2025 y estim\u00f3 una inflaci\u00f3n controlada<\/strong> entre el 18% y el 23% anual, cifras <strong>impensadas<\/strong>\u00a0 hace apenas un a\u00f1o.<\/p>\n<aside class=\"are-you-interested-container-photo\"><\/aside>\n<p>Seg\u00fan \u00a0<strong>Petya Koeva-Brooks<\/strong>, directora del Departamento de Investigaci\u00f3n del FMI, <strong>&#8220;todav\u00eda mantenemos la mejora del 5,5% para Argentina. Y esto est\u00e1 relacionado con las sorpresas positivas que hemos visto a pesar de un ajuste fiscal muy fuerte. Creo que la recuperaci\u00f3n de la confianza ha influido en gran medida en este pron\u00f3stico&#8221;<\/strong>, en una clara alusi\u00f3n a los s\u00f3lidos fundamentos del plan econ\u00f3mico impulsado por el presidente Javier Milei.<\/p>\n<figure><img decoding=\"async\" src=\"https:\/\/derechadiario.com.ar\/filesedc\/uploads\/image\/post\/javier-milei-y-kristalina-georgievajpg_1200_800.webp\" class=\"img-responsive lazyload\" alt=\"Dos personas sonr\u00eden mientras posan juntas en un evento formal.\" title=\"Dos personas sonr\u00eden mientras posan juntas en un evento formal.\"><\/figure>\n<aside class=\"whatsappChannelText\"><a href=\"https:\/\/whatsapp.com\/channel\/0029VagEjILGE56eKjedWF2U\" rel=\"nofollow\" title=\"WhatsApp Link\"><img alt=\"Logo de WhatsApp\" class=\"lazyload\" data-src=\"https:\/\/derechadiario.com.ar\/filesedc\/uploads\/other\/whatsapp_icon_mid_article.png\" width=\"32\" height=\"32\"><\/a> <a href=\"https:\/\/whatsapp.com\/channel\/0029VagEjILGE56eKjedWF2U\" rel=\"nofollow\" title=\"WhatsApp Link\"><strong>NO SE PIERDAN NINGUNA NOTICIA<\/strong>: Click aqu\u00ed para sumarte <strong>GRATIS<\/strong> al canal de noticias de <strong>La Derecha Diario en WhatsApp.<\/strong><\/a><\/aside>\n<p>La econom\u00eda global, en cambio, atraviesa tiempos dif\u00edciles. \u00a0<strong>El FMI proyect\u00f3 que el crecimiento mundial ser\u00e1 de apenas 2,8% en 2025<\/strong>, por debajo del 3,3% previsto anteriormente, afectado por el auge del proteccionismo comercial \u2014especialmente tras la bater\u00eda de aranceles aplicada por <strong>Washington<\/strong>\u00a0 en abril de 2025, que llev\u00f3 <strong>las tarifas a su nivel m\u00e1s alto en m\u00e1s de un siglo<\/strong>\u2014.<\/p>\n<p>Pese a reconocer riesgos globales importantes \u2014como volatilidad comercial, tensiones geopol\u00edticas y flujos de capital inciertos\u2014, <strong>el FMI resalta que aquellos pa\u00edses que restauren su espacio fiscal<\/strong>, implementen reformas profundas y mantengan pol\u00edticas monetarias prudentes <strong>podr\u00e1n sortear el temporal.<\/strong><\/p>\n","protected":false},"excerpt":{"rendered":"<p>El pasado s\u00e1bado, el FMI\u00a0 anunci\u00f3 la suspensi\u00f3n temporal de la L\u00ednea de Cr\u00e9dito Flexible (LCF) que manten\u00eda con Colombia, una herramienta que el pa\u00eds sudamericano hab\u00eda obtenido en 2009\u00a0 gracias a su entonces s\u00f3lida pol\u00edtica econ\u00f3mica. El organismo comunic\u00f3 que la permanencia de Colombia en la LCF est\u00e1 ahora sujeta a la finalizaci\u00f3n de [&hellip;]<\/p>\n","protected":false},"author":2,"featured_media":3058,"comment_status":"open","ping_status":"open","sticky":false,"template":"","format":"standard","meta":{"_et_pb_use_builder":"","_et_pb_old_content":"","_et_gb_content_width":"","footnotes":""},"categories":[80],"tags":[],"class_list":["post-3057","post","type-post","status-publish","format-standard","has-post-thumbnail","hentry","category-economia-2"],"_links":{"self":[{"href":"https:\/\/verdadincomodadiario.ar\/index.php?rest_route=\/wp\/v2\/posts\/3057","targetHints":{"allow":["GET"]}}],"collection":[{"href":"https:\/\/verdadincomodadiario.ar\/index.php?rest_route=\/wp\/v2\/posts"}],"about":[{"href":"https:\/\/verdadincomodadiario.ar\/index.php?rest_route=\/wp\/v2\/types\/post"}],"author":[{"embeddable":true,"href":"https:\/\/verdadincomodadiario.ar\/index.php?rest_route=\/wp\/v2\/users\/2"}],"replies":[{"embeddable":true,"href":"https:\/\/verdadincomodadiario.ar\/index.php?rest_route=%2Fwp%2Fv2%2Fcomments&post=3057"}],"version-history":[{"count":0,"href":"https:\/\/verdadincomodadiario.ar\/index.php?rest_route=\/wp\/v2\/posts\/3057\/revisions"}],"wp:featuredmedia":[{"embeddable":true,"href":"https:\/\/verdadincomodadiario.ar\/index.php?rest_route=\/wp\/v2\/media\/3058"}],"wp:attachment":[{"href":"https:\/\/verdadincomodadiario.ar\/index.php?rest_route=%2Fwp%2Fv2%2Fmedia&parent=3057"}],"wp:term":[{"taxonomy":"category","embeddable":true,"href":"https:\/\/verdadincomodadiario.ar\/index.php?rest_route=%2Fwp%2Fv2%2Fcategories&post=3057"},{"taxonomy":"post_tag","embeddable":true,"href":"https:\/\/verdadincomodadiario.ar\/index.php?rest_route=%2Fwp%2Fv2%2Ftags&post=3057"}],"curies":[{"name":"wp","href":"https:\/\/api.w.org\/{rel}","templated":true}]}}