{"id":2959,"date":"2025-04-25T19:51:18","date_gmt":"2025-04-25T19:51:18","guid":{"rendered":"https:\/\/verdadincomodadiario.ar\/?p=2959"},"modified":"2025-04-25T19:51:18","modified_gmt":"2025-04-25T19:51:18","slug":"ceo-de-nissan-no-creimos-que-el-gobierno-iba-a-mejorar-las-condiciones-tan-rapido","status":"publish","type":"post","link":"https:\/\/verdadincomodadiario.ar\/?p=2959","title":{"rendered":"CEO de Nissan: &#8216;No cre\u00edmos que el Gobierno iba a mejorar las condiciones tan r\u00e1pido&#8217;"},"content":{"rendered":"<p><strong>Ricardo Flammini<\/strong>, CEO de <a href=\"https:\/\/derechadiario.com.ar\/negocios-finanzas\/nissan-y-honda-dieron-marcha-atras-con-su-fusion-los-motivos-ruptura\" title=\"Nissan y Honda dieron marcha atr\u00e1s con su fusi\u00f3n: los motivos de la ruptura\">Nissan<\/a> Argentina, \u00a0<strong>sorprendi\u00f3 al admitir que no esperaban una mejora tan r\u00e1pida en las condiciones macroecon\u00f3micas del pa\u00eds<\/strong>. En su primera aparici\u00f3n p\u00fablica tras el anuncio del cese de producci\u00f3n local, explic\u00f3 los motivos detr\u00e1s de la decisi\u00f3n y adelant\u00f3 los planes de la compa\u00f1\u00eda para 2025.<\/p>\n<p>El 28 de marzo, <strong>Nissan comunic\u00f3 que dejar\u00e1 de fabricar la pick-up Frontier\/Navara en C\u00f3rdoba a fines de este a\u00f1o.<\/strong> La producci\u00f3n se trasladar\u00e1 a M\u00e9xico, desde donde se abastecer\u00e1 a toda la regi\u00f3n. Esta decisi\u00f3n gener\u00f3 un fuerte impacto en la industria automotriz local.<\/p>\n<p><strong>\u201cLa decisi\u00f3n no tuvo nada que ver con la marcha de la econom\u00eda o la pol\u00edtica del pa\u00eds, es una decisi\u00f3n de Nissan\u201d<\/strong>, aclar\u00f3 Flammini ante la prensa.<\/p>\n<h2><strong>Producci\u00f3n en retirada, pero con foco en el crecimiento<\/strong><\/h2>\n<p>Pese al cierre de su operaci\u00f3n industrial, <strong>Nissan continuar\u00e1 comercializando la pick-up en Argentina, ahora como unidad <a href=\"https:\/\/derechadiario.com.ar\/economia\/estos-son-los-modelos-autos-hibridos-y-electricos-que-llegaran-sin-arancel-2025\" title=\"Estos son los modelos de autos h\u00edbridos y el\u00e9ctricos que llegar\u00e1n sin arancel en 2025\">importada<\/a><\/strong>. El ejecutivo se\u00f1al\u00f3 que el plan de crecimiento de la marca est\u00e1 vigente y que el contexto actual incluso podr\u00eda favorecerlo.<\/p>\n<aside class=\"are-you-interested-container-photo\"><\/aside>\n<div class=\"inter_image image_horizontal\">\n<picture><source class=\"img-responsive\" type=\"image\/webp\" data-srcset=\"\/filesedc\/uploads\/image\/post\/screenshot-2025-04-25-120851_300_200.webp 300w, \n\/filesedc\/uploads\/image\/post\/screenshot-2025-04-25-120851_630_420.webp 630w,\n                                \/filesedc\/uploads\/image\/post\/screenshot-2025-04-25-120851_760_507.webp 760w,\n                                \/filesedc\/uploads\/image\/post\/screenshot-2025-04-25-120851_1200_800.webp 1200w,\n                                \/filesedc\/uploads\/image\/post\/screenshot-2025-04-25-120851_1600_1067.webp 1600w\"><img decoding=\"async\" src=\"https:\/\/derechadiario.com.ar\/filesedc\/uploads\/image\/post\/screenshot-2025-04-25-120851_1200_800.webp\" class=\"img-responsive lazyload\" alt=\"Un hombre de traje azul posa junto a un autom\u00f3vil Nissan Kicks en un evento de presentaci\u00f3n con el logotipo de Nissan iluminado en el fondo.\" title=\"Un hombre de traje azul posa junto a un autom\u00f3vil Nissan Kicks en un evento de presentaci\u00f3n con el logotipo de Nissan iluminado en el fondo.\"><\/picture>\n<div>\n<span class=\"img_footer\">CEO de Nissan: &#8216;No cre\u00edmos que el Gobierno iba a mejorar las condiciones tan r\u00e1pido&#8217; <\/span>| <span class=\"img_author\">La Derecha Diario<\/span>\n<\/div>\n<\/div>\n<p><strong>\u201cSi la macroeconom\u00eda sigue este rumbo, vamos a poder ampliar el portafolio<\/strong>\u201d, afirm\u00f3 Flammini. La novedad m\u00e1s destacada ser\u00e1 el lanzamiento del nuevo <strong>Nissan Kicks en el \u00faltimo trimestre del a\u00f1o.<\/strong> Fabricado en Brasil, se trata de un C-SUV con mejoras en motorizaci\u00f3n, equipamiento y posicionamiento en el mercado.<\/p>\n<h2><strong>Ca\u00edda de participaci\u00f3n y reducci\u00f3n de riesgo<\/strong><\/h2>\n<p>Flammini reconoci\u00f3 que en 2023 la participaci\u00f3n de Nissan cay\u00f3 del 4,6% al 3%, lo que implic\u00f3 una baja del octavo al d\u00e9cimo puesto en el ranking de marcas. La raz\u00f3n principal fue una decisi\u00f3n corporativa de reducir la exposici\u00f3n financiera ante posibles disrupciones econ\u00f3micas.<\/p>\n<p><strong>\u201cNosotros fuimos de las marcas que m\u00e1s tiempo esperaron antes de aprovechar los cambios del nuevo gobierno\u201d<\/strong>, explic\u00f3 el CEO.<\/p>\n<p>La reducci\u00f3n de las trabas a la importaci\u00f3n no solo impact\u00f3 en los veh\u00edculos terminados, sino tambi\u00e9n en la disponibilidad de autopartes. <strong>Esto afect\u00f3 la producci\u00f3n nacional y motiv\u00f3 un repliegue preventivo.<\/strong><\/p>\n<h2><strong>Una mejora inesperada<\/strong><\/h2>\n<p>Una de las confesiones m\u00e1s llamativas de Flammini fue su sorpresa ante la velocidad de los cambios implementados por la gesti\u00f3n de Javier Milei.<\/p>\n<figure><img decoding=\"async\" src=\"https:\/\/derechadiario.com.ar\/filesedc\/uploads\/image\/post\/screenshot-2025-04-25-120858_1200_800.webp\" class=\"img-responsive lazyload\" alt=\"Una camioneta Nissan gris en una l\u00ednea de producci\u00f3n dentro de una f\u00e1brica.\" title=\"Una camioneta Nissan gris en una l\u00ednea de producci\u00f3n dentro de una f\u00e1brica.\"><\/figure>\n<aside class=\"whatsappChannelText\"><a href=\"https:\/\/whatsapp.com\/channel\/0029VagEjILGE56eKjedWF2U\" rel=\"nofollow\" title=\"WhatsApp Link\"><img alt=\"Logo de WhatsApp\" class=\"lazyload\" data-src=\"https:\/\/derechadiario.com.ar\/filesedc\/uploads\/other\/whatsapp_icon_mid_article.png\" width=\"32\" height=\"32\"><\/a> <a href=\"https:\/\/whatsapp.com\/channel\/0029VagEjILGE56eKjedWF2U\" rel=\"nofollow\" title=\"WhatsApp Link\"><strong>NO SE PIERDAN NINGUNA NOTICIA<\/strong>: Click aqu\u00ed para sumarte <strong>GRATIS<\/strong> al canal de noticias de <strong>La Derecha Diario en WhatsApp.<\/strong><\/a><\/aside>\n<ul>\n<li>\u201cNos sorprendi\u00f3 positivamente. No cre\u00edmos que el Gobierno iba a mejorar las condiciones tan r\u00e1pidamente\u201d, admiti\u00f3.<\/li>\n<li><strong>\u201cNi el m\u00e1s optimista hubiera pensado que para abril de 2025 el plazo de pago fuera cero d\u00edas\u201d.<\/strong><\/li>\n<\/ul>\n<p>El ejecutivo destac\u00f3 la eliminaci\u00f3n de la primera banda del impuesto al lujo y la predisposici\u00f3n al di\u00e1logo por parte del Gobierno. Seg\u00fan dijo, las medidas esperadas llegaron antes de lo previsto.<\/p>\n<h2><strong>Metas y fidelizaci\u00f3n de clientes<\/strong><\/h2>\n<p>De cara al futuro, <strong>el objetivo de Nissan es recuperar terreno y crecer un 50% en ventas durante 2025<\/strong>. Sin embargo, Flammini advirti\u00f3 que el mercado se encuentra saturado: \u00a0<strong>\u201cHay sobreoferta de autos, de marcas y de modelos. Tenemos que encontrar la forma de diferenciarnos\u201d.<\/strong><\/p>\n<p>Una parte clave de esa estrategia ser\u00e1 cuidar el v\u00ednculo con los usuarios, sobre todo tras la salida de la producci\u00f3n local.<\/p>\n<p>\u201cDecir que fabricamos tiene un valor. Ser\u00eda falso decir que eso no afecta. <strong>Tenemos que tratar a nuestros clientes con algodones para no perderlos\u201d<\/strong>, concluy\u00f3.<\/p>\n","protected":false},"excerpt":{"rendered":"<p>Ricardo Flammini, CEO de Nissan Argentina, \u00a0sorprendi\u00f3 al admitir que no esperaban una mejora tan r\u00e1pida en las condiciones macroecon\u00f3micas del pa\u00eds. En su primera aparici\u00f3n p\u00fablica tras el anuncio del cese de producci\u00f3n local, explic\u00f3 los motivos detr\u00e1s de la decisi\u00f3n y adelant\u00f3 los planes de la compa\u00f1\u00eda para 2025. El 28 de marzo, [&hellip;]<\/p>\n","protected":false},"author":2,"featured_media":2960,"comment_status":"open","ping_status":"open","sticky":false,"template":"","format":"standard","meta":{"_et_pb_use_builder":"","_et_pb_old_content":"","_et_gb_content_width":"","footnotes":""},"categories":[80],"tags":[],"class_list":["post-2959","post","type-post","status-publish","format-standard","has-post-thumbnail","hentry","category-economia-2"],"_links":{"self":[{"href":"https:\/\/verdadincomodadiario.ar\/index.php?rest_route=\/wp\/v2\/posts\/2959","targetHints":{"allow":["GET"]}}],"collection":[{"href":"https:\/\/verdadincomodadiario.ar\/index.php?rest_route=\/wp\/v2\/posts"}],"about":[{"href":"https:\/\/verdadincomodadiario.ar\/index.php?rest_route=\/wp\/v2\/types\/post"}],"author":[{"embeddable":true,"href":"https:\/\/verdadincomodadiario.ar\/index.php?rest_route=\/wp\/v2\/users\/2"}],"replies":[{"embeddable":true,"href":"https:\/\/verdadincomodadiario.ar\/index.php?rest_route=%2Fwp%2Fv2%2Fcomments&post=2959"}],"version-history":[{"count":0,"href":"https:\/\/verdadincomodadiario.ar\/index.php?rest_route=\/wp\/v2\/posts\/2959\/revisions"}],"wp:featuredmedia":[{"embeddable":true,"href":"https:\/\/verdadincomodadiario.ar\/index.php?rest_route=\/wp\/v2\/media\/2960"}],"wp:attachment":[{"href":"https:\/\/verdadincomodadiario.ar\/index.php?rest_route=%2Fwp%2Fv2%2Fmedia&parent=2959"}],"wp:term":[{"taxonomy":"category","embeddable":true,"href":"https:\/\/verdadincomodadiario.ar\/index.php?rest_route=%2Fwp%2Fv2%2Fcategories&post=2959"},{"taxonomy":"post_tag","embeddable":true,"href":"https:\/\/verdadincomodadiario.ar\/index.php?rest_route=%2Fwp%2Fv2%2Ftags&post=2959"}],"curies":[{"name":"wp","href":"https:\/\/api.w.org\/{rel}","templated":true}]}}