{"id":2957,"date":"2025-04-25T19:51:19","date_gmt":"2025-04-25T19:51:19","guid":{"rendered":"https:\/\/verdadincomodadiario.ar\/?p=2957"},"modified":"2025-04-25T19:51:19","modified_gmt":"2025-04-25T19:51:19","slug":"recuperacion-economica-el-consumo-en-los-hogares-crecio-un-42-interanual-en-marzo","status":"publish","type":"post","link":"https:\/\/verdadincomodadiario.ar\/?p=2957","title":{"rendered":"Recuperaci\u00f3n econ\u00f3mica: El consumo en los hogares creci\u00f3 un 4,2% interanual en marzo"},"content":{"rendered":"<p>Durante el primer trimestre de 2025, el <strong>consumo de los hogares<\/strong> registr\u00f3 un <strong>notable\u00a0incremento del 3,6%<\/strong> en comparaci\u00f3n con el mismo per\u00edodo del a\u00f1o anterior, seg\u00fan <a href=\"https:\/\/derechadiario.com.ar\/economia\/salida-del-cepo-cambiario-no-tuvo-impacto-significativo-inflacion\" target=\"_blank\" title=\"La salida del cepo cambiario no tuvo un impacto significativo en la inflaci\u00f3n\">datos<\/a> del Indicador de Consumo elaborado por la C\u00e1mara Argentina de Comercio y Servicios (CAC).\u00a0<\/p>\n<p>Adem\u00e1s, en marzo de 2025, el Indicador de Consumo (IC) de la CAC mostr\u00f3 una <strong>suba interanual del 4,2%<\/strong>, consolidando as\u00ed una <strong>tendencia positiva<\/strong> en los primeros meses del a\u00f1o. El resultado trimestral tambi\u00e9n fue favorable, con un <strong>aumento acumulado del 3,6%<\/strong> frente al mismo per\u00edodo de 2024.\u00a0<\/p>\n<div class=\"inter_image image_horizontal\">\n<picture><source class=\"img-responsive\" type=\"image\/webp\" data-srcset=\"\/filesedc\/uploads\/image\/post\/supermercados-telamjpg_300_200.webp 300w, \n\/filesedc\/uploads\/image\/post\/supermercados-telamjpg_630_420.webp 630w,\n                                \/filesedc\/uploads\/image\/post\/supermercados-telamjpg_760_507.webp 760w,\n                                \/filesedc\/uploads\/image\/post\/supermercados-telamjpg_1200_800.webp 1200w,\n                                \/filesedc\/uploads\/image\/post\/supermercados-telamjpg_1600_1067.webp 1600w\"><img decoding=\"async\" src=\"https:\/\/derechadiario.com.ar\/filesedc\/uploads\/image\/post\/supermercados-telamjpg_1200_800.webp\" class=\"img-responsive lazyload\" alt=\"Una persona elige productos en un pasillo de supermercado mientras empuja un carrito de compras.\" title=\"Una persona elige productos en un pasillo de supermercado mientras empuja un carrito de compras.\"><\/picture>\n<div>\n<span class=\"img_footer\">Se recupera el consumo. <\/span>| <span class=\"img_author\">La Derecha Diario<\/span>\n<\/div>\n<\/div>\n<p>El dato de crecimiento interanual representa el <strong>nivel m\u00e1s alto desde noviembre de 2023<\/strong>, lo que refleja el positivo impacto de la fuerte recuperaci\u00f3n econ\u00f3mica lograda por el Gobierno de <a href=\"https:\/\/derechadiario.com.ar\/economia\/gracias-al-gobierno-milei-patrimonio-neto-del-bcra-aumento-484-2024\" target=\"_blank\" title=\"Gracias al Gobierno de Milei, el patrimonio neto del BCRA aument\u00f3 un 484% en 2024\"><strong>Javier Milei<\/strong><\/a>, luego de una sostenida ca\u00edda del consumo <strong>iniciada durante el ultimo gobierno kirchnerista<\/strong>\u00a0de <strong>Alberto Fern\u00e1ndez<\/strong>.<\/p>\n<p>Este \u00edndice, desarrollado por la CAC, busca reflejar mensualmente la din\u00e1mica del <strong>consumo de los hogares<\/strong> en <strong>bienes y servicios<\/strong> finales, aportando mayor profundidad al monitoreo del comercio y de la actividad econ\u00f3mica general.<\/p>\n<aside class=\"are-you-interested-container-photo\"><\/aside>\n<p>El crecimiento interanual registrado en marzo refuerza la <strong>recuperaci\u00f3n del consumo<\/strong>, siendo ese mes el de <strong>mejor desempe\u00f1o desde noviembre de 2023<\/strong>. Todos los meses de 2025 muestran, hasta el momento, <strong>aumentos en la comparaci\u00f3n interanual<\/strong>.<\/p>\n<figure><img decoding=\"async\" src=\"https:\/\/derechadiario.com.ar\/filesedc\/uploads\/image\/post\/gpye7zlwaaeqxp-_1200_800.webp\" class=\"img-responsive lazyload\" alt=\"Gr\u00e1fico de l\u00edneas que muestra las variaciones interanuales del indicador de consumo desde 2018 hasta 2025, con una ca\u00edda pronunciada en 2020 y fluctuaciones posteriores; las franjas grises representan restricciones por COVID y las l\u00edneas celestes indican un intervalo de confianza del 75% para datos estimados.\" title=\"Gr\u00e1fico de l\u00edneas que muestra las variaciones interanuales del indicador de consumo desde 2018 hasta 2025, con una ca\u00edda pronunciada en 2020 y fluctuaciones posteriores; las franjas grises representan restricciones por COVID y las l\u00edneas celestes indican un intervalo de confianza del 75% para datos estimados.\"><\/figure>\n<p>Al observar el comportamiento de ciertos sectores espec\u00edficos, se destaca un <strong>crecimiento interanual generalizado en comparaci\u00f3n con marzo de 2024<\/strong>.<\/p>\n<aside class=\"whatsappChannelText\"><a href=\"https:\/\/whatsapp.com\/channel\/0029VagEjILGE56eKjedWF2U\" rel=\"nofollow\" title=\"WhatsApp Link\"><img alt=\"Logo de WhatsApp\" class=\"lazyload\" data-src=\"https:\/\/derechadiario.com.ar\/filesedc\/uploads\/other\/whatsapp_icon_mid_article.png\" width=\"32\" height=\"32\"><\/a> <a href=\"https:\/\/whatsapp.com\/channel\/0029VagEjILGE56eKjedWF2U\" rel=\"nofollow\" title=\"WhatsApp Link\"><strong>NO SE PIERDAN NINGUNA NOTICIA<\/strong>: Click aqu\u00ed para sumarte <strong>GRATIS<\/strong> al canal de noticias de <strong>La Derecha Diario en WhatsApp.<\/strong><\/a><\/aside>\n<p>El segmento de indumentaria y calzado lider\u00f3 las subas, con un incremento del 14,4% respecto al mismo mes del a\u00f1o pasado. Por su parte, el rubro de transporte y veh\u00edculos experiment\u00f3 una mejora del 5,1% interanual, mientras que recreaci\u00f3n y cultura avanz\u00f3 un 3,5%. En tanto, el sector de vivienda, alquileres y servicios p\u00fablicos registr\u00f3 una suba m\u00e1s moderada del 0,6%.<\/p>\n","protected":false},"excerpt":{"rendered":"<p>Durante el primer trimestre de 2025, el consumo de los hogares registr\u00f3 un notable\u00a0incremento del 3,6% en comparaci\u00f3n con el mismo per\u00edodo del a\u00f1o anterior, seg\u00fan datos del Indicador de Consumo elaborado por la C\u00e1mara Argentina de Comercio y Servicios (CAC).\u00a0 Adem\u00e1s, en marzo de 2025, el Indicador de Consumo (IC) de la CAC mostr\u00f3 [&hellip;]<\/p>\n","protected":false},"author":2,"featured_media":2958,"comment_status":"open","ping_status":"open","sticky":false,"template":"","format":"standard","meta":{"_et_pb_use_builder":"","_et_pb_old_content":"","_et_gb_content_width":"","footnotes":""},"categories":[80],"tags":[],"class_list":["post-2957","post","type-post","status-publish","format-standard","has-post-thumbnail","hentry","category-economia-2"],"_links":{"self":[{"href":"https:\/\/verdadincomodadiario.ar\/index.php?rest_route=\/wp\/v2\/posts\/2957","targetHints":{"allow":["GET"]}}],"collection":[{"href":"https:\/\/verdadincomodadiario.ar\/index.php?rest_route=\/wp\/v2\/posts"}],"about":[{"href":"https:\/\/verdadincomodadiario.ar\/index.php?rest_route=\/wp\/v2\/types\/post"}],"author":[{"embeddable":true,"href":"https:\/\/verdadincomodadiario.ar\/index.php?rest_route=\/wp\/v2\/users\/2"}],"replies":[{"embeddable":true,"href":"https:\/\/verdadincomodadiario.ar\/index.php?rest_route=%2Fwp%2Fv2%2Fcomments&post=2957"}],"version-history":[{"count":0,"href":"https:\/\/verdadincomodadiario.ar\/index.php?rest_route=\/wp\/v2\/posts\/2957\/revisions"}],"wp:featuredmedia":[{"embeddable":true,"href":"https:\/\/verdadincomodadiario.ar\/index.php?rest_route=\/wp\/v2\/media\/2958"}],"wp:attachment":[{"href":"https:\/\/verdadincomodadiario.ar\/index.php?rest_route=%2Fwp%2Fv2%2Fmedia&parent=2957"}],"wp:term":[{"taxonomy":"category","embeddable":true,"href":"https:\/\/verdadincomodadiario.ar\/index.php?rest_route=%2Fwp%2Fv2%2Fcategories&post=2957"},{"taxonomy":"post_tag","embeddable":true,"href":"https:\/\/verdadincomodadiario.ar\/index.php?rest_route=%2Fwp%2Fv2%2Ftags&post=2957"}],"curies":[{"name":"wp","href":"https:\/\/api.w.org\/{rel}","templated":true}]}}