{"id":2955,"date":"2025-04-25T19:51:20","date_gmt":"2025-04-25T19:51:20","guid":{"rendered":"https:\/\/verdadincomodadiario.ar\/?p=2955"},"modified":"2025-04-25T19:51:20","modified_gmt":"2025-04-25T19:51:20","slug":"mas-motosierra-aerolineas-argentinas-cierra-oficinas-para-mantener-el-superavit","status":"publish","type":"post","link":"https:\/\/verdadincomodadiario.ar\/?p=2955","title":{"rendered":"M\u00e1s motosierra: Aerol\u00edneas Argentinas cierra oficinas para mantener el super\u00e1vit"},"content":{"rendered":"<p><strong>La <a href=\"https:\/\/derechadiario.com.ar\/economia\/aerolineas-argentinas-logro-ganar-dinero-por-primera-vez-desde-estatizacion-2008\" title=\"Aerol\u00edneas Argentinas logr\u00f3 ganar dinero por primera vez desde la estatizaci\u00f3n de 2008\">aerol\u00ednea<\/a> de bandera cerrar\u00e1 17 de sus 21 oficinas comerciales en distintas ciudades del pa\u00eds como parte de una estrategia de reducci\u00f3n de costos y reorganizaci\u00f3n interna.<\/strong>\u00a0 La medida se toma luego de que la empresa registrara <strong>su primer resultado econ\u00f3mico positivo desde su estatizaci\u00f3n.<\/strong><\/p>\n<p>Seg\u00fan confirmaron fuentes de <a href=\"https:\/\/derechadiario.com.ar\/economia\/aerolineas-argentinas-lanza-nuevo-servicio-courier-para-compras-exterior\" title=\"Aerol\u00edneas Argentinas lanza un nuevo servicio de courier para compras en el exterior\">Aerol\u00edneas Argentinas<\/a> a <em>Perfil<\/em>, <strong>algunas de estas oficinas ya cesaron sus actividades y otras lo har\u00e1n durante esta semana.<\/strong>\u00a0 Las sucursales de Tucum\u00e1n y Mar del Plata dejar\u00e1n de operar el pr\u00f3ximo 30 de mayo.<\/p>\n<h2><strong>Cambios estructurales en el modelo de atenci\u00f3n<\/strong><\/h2>\n<p><strong>El cierre de oficinas f\u00edsicas responde a nuevos h\u00e1bitos de consumo<\/strong>, donde el canal digital se volvi\u00f3 dominante.<\/p>\n<p>\u201cLa venta presencial representa apenas el 1% del total de los tickets emitidos\u201d, se\u00f1alaron desde la empresa.<\/p>\n<aside class=\"are-you-interested-container-photo\"><\/aside>\n<p><strong>Las oficinas que cerrar\u00e1n sus puertas antes de fin de abril<\/strong> est\u00e1n ubicadas en Ushuaia, El Calafate, San Juan, Jujuy, Rosario, Comodoro Rivadavia, Posadas, Salta, Neuqu\u00e9n, Bah\u00eda Blanca, Bariloche, Trelew, Formosa, Santa Fe, R\u00edo Gallegos, R\u00edo Grande y Corrientes.<\/p>\n<div class=\"inter_image image_horizontal\">\n<picture><source class=\"img-responsive\" type=\"image\/webp\" data-srcset=\"\/filesedc\/uploads\/image\/post\/screenshot-2025-04-25-143727_300_200.webp 300w, \n\/filesedc\/uploads\/image\/post\/screenshot-2025-04-25-143727_630_420.webp 630w,\n                                \/filesedc\/uploads\/image\/post\/screenshot-2025-04-25-143727_760_507.webp 760w,\n                                \/filesedc\/uploads\/image\/post\/screenshot-2025-04-25-143727_1200_800.webp 1200w,\n                                \/filesedc\/uploads\/image\/post\/screenshot-2025-04-25-143727_1600_1067.webp 1600w\"><img decoding=\"async\" src=\"https:\/\/derechadiario.com.ar\/filesedc\/uploads\/image\/post\/screenshot-2025-04-25-143727_1200_800.webp\" class=\"img-responsive lazyload\" alt=\"Un avi\u00f3n de Aerol\u00edneas Argentinas estacionado en un aeropuerto con monta\u00f1as nevadas al fondo.\" title=\"Un avi\u00f3n de Aerol\u00edneas Argentinas estacionado en un aeropuerto con monta\u00f1as nevadas al fondo.\"><\/picture>\n<div>\n<span class=\"img_footer\">M\u00e1s motosierra: Aerol\u00edneas Argentinas cierra oficinas para mantener el super\u00e1vit <\/span>| <span class=\"img_author\">La Derecha Diario<\/span>\n<\/div>\n<\/div>\n<p><strong>Durante la pandemia ya se hab\u00eda cerrado la oficina de Puerto Iguaz\u00fa<\/strong>, que nunca reanud\u00f3 su operaci\u00f3n. Con esta nueva medida, solo quedar\u00e1n operativas las oficinas comerciales de C\u00f3rdoba y Mendoza.<\/p>\n<h2><strong>Reducci\u00f3n de personal y mejoras operativas<\/strong><\/h2>\n<p><strong>Esta decisi\u00f3n se enmarca en una pol\u00edtica m\u00e1s amplia de optimizaci\u00f3n de recursos<\/strong>. Aerol\u00edneas Argentinas redujo su planta en un 15%, alcanzando as\u00ed el nivel m\u00e1s bajo de personal en 14 a\u00f1os y la menor relaci\u00f3n empleados\/avi\u00f3n desde su fundaci\u00f3n.<\/p>\n<p><strong>\u201cEl personal de las oficinas cerradas ser\u00e1 reasignado a los aeropuertos locales<\/strong> para reforzar los puestos operativos\u201d, explicaron desde la compa\u00f1\u00eda.<\/p>\n<h2><strong>Super\u00e1vit financiero por primera vez desde la estatizaci\u00f3n<\/strong><\/h2>\n<figure><img decoding=\"async\" src=\"https:\/\/derechadiario.com.ar\/filesedc\/uploads\/image\/post\/screenshot-2025-04-25-143718_1200_800.webp\" class=\"img-responsive lazyload\" alt=\"Un avi\u00f3n de Aerol\u00edneas Argentinas en pleno vuelo con monta\u00f1as de fondo.\" title=\"Un avi\u00f3n de Aerol\u00edneas Argentinas en pleno vuelo con monta\u00f1as de fondo.\"><\/figure>\n<p><strong>Aerol\u00edneas Argentinas cerr\u00f3 el ejercicio 2024 con un super\u00e1vit de $156.323,9 millones<\/strong>, de acuerdo a datos de la Oficina Nacional de Presupuesto. Es el primer balance positivo desde que la empresa volvi\u00f3 al control estatal.<\/p>\n<p><strong>Tambi\u00e9n se registr\u00f3 una ganancia operativa (EBIT) de 20,7 millones de d\u00f3lares<\/strong>, un indicador clave para evaluar el rendimiento real en el sector aeron\u00e1utico.<\/p>\n<p>En cuanto al desempe\u00f1o econ\u00f3mico general, los recursos de capital ascendieron a <strong>$237.460,3 millones<\/strong>, con un aumento nominal interanual del 746,8%. Por otro lado, los gastos de capital fueron de $104.665,4 millones, generando un saldo financiero neto positivo del mismo valor.<\/p>\n<h2><strong>M\u00e1s de 18 millones de pasajes vendidos en 2024<\/strong><\/h2>\n<p>El buen resultado financiero estuvo acompa\u00f1ado de un r\u00e9cord en ventas: 18.391.301 pasajes emitidos. De ese total, 10.161.301 correspondieron a vuelos de cabotaje. Adem\u00e1s, se registraron:<\/p>\n<aside class=\"whatsappChannelText\"><a href=\"https:\/\/whatsapp.com\/channel\/0029VagEjILGE56eKjedWF2U\" rel=\"nofollow\" title=\"WhatsApp Link\"><img alt=\"Logo de WhatsApp\" class=\"lazyload\" data-src=\"https:\/\/derechadiario.com.ar\/filesedc\/uploads\/other\/whatsapp_icon_mid_article.png\" width=\"32\" height=\"32\"><\/a> <a href=\"https:\/\/whatsapp.com\/channel\/0029VagEjILGE56eKjedWF2U\" rel=\"nofollow\" title=\"WhatsApp Link\"><strong>NO SE PIERDAN NINGUNA NOTICIA<\/strong>: Click aqu\u00ed para sumarte <strong>GRATIS<\/strong> al canal de noticias de <strong>La Derecha Diario en WhatsApp.<\/strong><\/a><\/aside>\n<ul>\n<li>1.770.029 pasajeros en vuelos regionales<\/li>\n<li>392.809 con destino a Europa<\/li>\n<li>388.021 a destinos de Interam\u00e9rica<\/li>\n<li>325.200 a Estados Unidos<\/li>\n<li>58.387 no asignados<\/li>\n<li>5.295.554 correspondientes al transporte de carga<\/li>\n<\/ul>\n<p><strong>La compa\u00f1\u00eda asegur\u00f3 que continuar\u00e1 priorizando la atenci\u00f3n digital a trav\u00e9s de su sitio web<\/strong>, que actualmente constituye su principal canal de venta directa.<\/p>\n","protected":false},"excerpt":{"rendered":"<p>La aerol\u00ednea de bandera cerrar\u00e1 17 de sus 21 oficinas comerciales en distintas ciudades del pa\u00eds como parte de una estrategia de reducci\u00f3n de costos y reorganizaci\u00f3n interna.\u00a0 La medida se toma luego de que la empresa registrara su primer resultado econ\u00f3mico positivo desde su estatizaci\u00f3n. Seg\u00fan confirmaron fuentes de Aerol\u00edneas Argentinas a Perfil, algunas [&hellip;]<\/p>\n","protected":false},"author":2,"featured_media":2956,"comment_status":"open","ping_status":"open","sticky":false,"template":"","format":"standard","meta":{"_et_pb_use_builder":"","_et_pb_old_content":"","_et_gb_content_width":"","footnotes":""},"categories":[80],"tags":[],"class_list":["post-2955","post","type-post","status-publish","format-standard","has-post-thumbnail","hentry","category-economia-2"],"_links":{"self":[{"href":"https:\/\/verdadincomodadiario.ar\/index.php?rest_route=\/wp\/v2\/posts\/2955","targetHints":{"allow":["GET"]}}],"collection":[{"href":"https:\/\/verdadincomodadiario.ar\/index.php?rest_route=\/wp\/v2\/posts"}],"about":[{"href":"https:\/\/verdadincomodadiario.ar\/index.php?rest_route=\/wp\/v2\/types\/post"}],"author":[{"embeddable":true,"href":"https:\/\/verdadincomodadiario.ar\/index.php?rest_route=\/wp\/v2\/users\/2"}],"replies":[{"embeddable":true,"href":"https:\/\/verdadincomodadiario.ar\/index.php?rest_route=%2Fwp%2Fv2%2Fcomments&post=2955"}],"version-history":[{"count":0,"href":"https:\/\/verdadincomodadiario.ar\/index.php?rest_route=\/wp\/v2\/posts\/2955\/revisions"}],"wp:featuredmedia":[{"embeddable":true,"href":"https:\/\/verdadincomodadiario.ar\/index.php?rest_route=\/wp\/v2\/media\/2956"}],"wp:attachment":[{"href":"https:\/\/verdadincomodadiario.ar\/index.php?rest_route=%2Fwp%2Fv2%2Fmedia&parent=2955"}],"wp:term":[{"taxonomy":"category","embeddable":true,"href":"https:\/\/verdadincomodadiario.ar\/index.php?rest_route=%2Fwp%2Fv2%2Fcategories&post=2955"},{"taxonomy":"post_tag","embeddable":true,"href":"https:\/\/verdadincomodadiario.ar\/index.php?rest_route=%2Fwp%2Fv2%2Ftags&post=2955"}],"curies":[{"name":"wp","href":"https:\/\/api.w.org\/{rel}","templated":true}]}}