{"id":2921,"date":"2025-04-25T03:24:40","date_gmt":"2025-04-25T03:24:40","guid":{"rendered":"https:\/\/verdadincomodadiario.ar\/?p=2921"},"modified":"2025-04-25T03:24:40","modified_gmt":"2025-04-25T03:24:40","slug":"boom-inmobiliario-se-reactivo-el-mercado-con-un-fuerte-40-interanual-en-marzo","status":"publish","type":"post","link":"https:\/\/verdadincomodadiario.ar\/?p=2921","title":{"rendered":"Boom inmobiliario: se reactiv\u00f3 el mercado con un fuerte 40% interanual en marzo"},"content":{"rendered":"<p>El clima de confianza y previsibilidad que logr\u00f3 instalar el <a href=\"https:\/\/derechadiario.com.ar\/politica\/kristalina-georgieva-destaco-javier-milei-vez-diferente\" title=\"Kristalina Georgieva destac\u00f3 a Javier Milei: 'Esta vez es diferente'\">Gobierno <\/a>del presidente <a href=\"https:\/\/derechadiario.com.ar\/politica\/javier-milei-entrego-doctorado-honoris-causa-al-profesor-huerta-soto\" title=\"Javier Milei entreg\u00f3 el doctorado 'Honoris Causa' al profesor Huerta de Soto\">Javier Milei<\/a> comienza a reflejarse con claridad en sectores clave de la econom\u00eda. Uno de los m\u00e1s elocuentes es el mercado inmobiliario de la <strong>Ciudad Aut\u00f3noma de Buenos Aires<\/strong>, que en marzo de 2025 registr\u00f3 un repunte contundente: <strong>la cantidad de escrituras de compraventa aument\u00f3 un 39,7% interanual<\/strong>, con un total de <strong>4.747<\/strong>\u00a0 operaciones seg\u00fan datos del <strong>Colegio de Escribanos porte\u00f1o.<\/strong><\/p>\n<p>El monto total de estas transacciones alcanz\u00f3 los \u00a0<strong>$618.541 millones<\/strong>, lo que implica una <strong>suba del 105,8%<\/strong> en comparaci\u00f3n con el mismo mes del a\u00f1o pasado. Adem\u00e1s, el valor promedio por escritura fue de $130.301.460, equivalente a USD 118.645 al tipo de cambio oficial promedio, reflejando un aumento del 47,3% en pesos y del 20,1% en d\u00f3lares.<\/p>\n<div class=\"inter_image image_horizontal\">\n<picture><source class=\"img-responsive\" type=\"image\/webp\" data-srcset=\"\/filesedc\/uploads\/image\/post\/captura-de-pantalla-2025-04-24-230832_300_200.webp 300w, \n\/filesedc\/uploads\/image\/post\/captura-de-pantalla-2025-04-24-230832_630_420.webp 630w,\n                                \/filesedc\/uploads\/image\/post\/captura-de-pantalla-2025-04-24-230832_760_507.webp 760w,\n                                \/filesedc\/uploads\/image\/post\/captura-de-pantalla-2025-04-24-230832_1200_800.webp 1200w,\n                                \/filesedc\/uploads\/image\/post\/captura-de-pantalla-2025-04-24-230832_1600_1067.webp 1600w\"><img decoding=\"async\" src=\"https:\/\/derechadiario.com.ar\/filesedc\/uploads\/image\/post\/captura-de-pantalla-2025-04-24-230832_1200_800.webp\" class=\"img-responsive lazyload\" alt=\"Gr\u00e1fico de barras que muestra el n\u00famero de escrituras con hipotecas por trimestre entre 2009 y 2025, destacando un pico significativo en 2018.\" title=\"Gr\u00e1fico de barras que muestra el n\u00famero de escrituras con hipotecas por trimestre entre 2009 y 2025, destacando un pico significativo en 2018.\"><\/picture>\n<div>\n<span class=\"img_footer\">Jorge De B\u00e1rtolo: &#8221;Las \u00e9pocas de restricciones cambiarias han generado menos est\u00edmulos para la actividad&#8221; <\/span>| <span class=\"img_author\">La Derecha Diario<\/span>\n<\/div>\n<\/div>\n<p>Uno de los factores determinantes detr\u00e1s de esta reactivaci\u00f3n es el regreso del <strong>cr\u00e9dito hipotecario<\/strong>, un instrumento clave para dinamizar la demanda. En marzo se concretaron \u00a0<strong>992 escrituras con hipoteca<\/strong>, lo que representa un asombroso aumento del 1.042% respecto al mismo per\u00edodo de 2024. En el primer trimestre del a\u00f1o ya se acumulan 2.902 hipotecas, confirmando una tendencia sostenida.<\/p>\n<p><strong>&#8220;Por sexto mes consecutivo estamos alrededor de las mil hipotecas mensuales. Esto ha incidido notablemente en el crecimiento del mercado y convirti\u00f3 a los meses de verano en los mejores de los \u00faltimos tiempos&#8221;<\/strong>, se\u00f1al\u00f3 Jorge De B\u00e1rtolo,\u00a0Colegio de Escribanos. <strong>&#8220;Entramos ahora a una nueva etapa, con un d\u00f3lar sin cepo, y todo esto deber\u00eda facilitar los mecanismos previos a las operaciones&#8221;,<\/strong> agreg\u00f3, en clara alusi\u00f3n a los beneficios de la liberalizaci\u00f3n cambiaria impulsada por el Ejecutivo.<\/p>\n<aside class=\"whatsappChannelText\"><a href=\"https:\/\/whatsapp.com\/channel\/0029VagEjILGE56eKjedWF2U\" rel=\"nofollow\" title=\"WhatsApp Link\"><img alt=\"Logo de WhatsApp\" class=\"lazyload\" data-src=\"https:\/\/derechadiario.com.ar\/filesedc\/uploads\/other\/whatsapp_icon_mid_article.png\" width=\"32\" height=\"32\"><\/a> <a href=\"https:\/\/whatsapp.com\/channel\/0029VagEjILGE56eKjedWF2U\" rel=\"nofollow\" title=\"WhatsApp Link\"><strong>NO SE PIERDAN NINGUNA NOTICIA<\/strong>: Click aqu\u00ed para sumarte <strong>GRATIS<\/strong> al canal de noticias de <strong>La Derecha Diario en WhatsApp.<\/strong><\/a><\/aside>\n<aside class=\"are-you-interested-container-photo\"><\/aside>\n<figure><img decoding=\"async\" src=\"https:\/\/derechadiario.com.ar\/filesedc\/uploads\/image\/post\/premium-photo-1682617326998-776d7443f02c_1200_800.webp\" class=\"img-responsive lazyload\" alt=\"Dos trabajadores de la construcci\u00f3n con cascos y chalecos de seguridad est\u00e1n de pie sobre un andamio frente a un edificio en construcci\u00f3n.\" title=\"Dos trabajadores de la construcci\u00f3n con cascos y chalecos de seguridad est\u00e1n de pie sobre un andamio frente a un edificio en construcci\u00f3n.\"><\/figure>\n<p>Este repunte inmobiliario no se da en aislamiento. La actividad de la construcci\u00f3n, \u00edntimamente ligada al sector, tambi\u00e9n mostr\u00f3 signos alentadores. Seg\u00fan el <strong>INDEC<\/strong>, en febrero \u00a0<strong>la construcci\u00f3n creci\u00f3 un 3,7%<\/strong> interanual a nivel nacional, y un <strong>2% mensual,<\/strong> lo cual anticipa una mayor oferta futura de inmuebles.<\/p>\n<p>Los empresarios del sector tambi\u00e9n son optimistas. El 67,9% de las <strong>constructoras privadas<\/strong> prev\u00e9 que el nivel de actividad se mantendr\u00e1 en los pr\u00f3ximos tres meses, mientras que el 21,1% espera que aumente, y solo el 11% anticipa una ca\u00edda. Las razones principales para este <strong>optimismo<\/strong>\u00a0 son el crecimiento de la actividad econ\u00f3mica (30,4%) y la estabilidad de precios (25,4%), ambos logros atribuidos al nuevo orden econ\u00f3mico instaurado desde diciembre.<\/p>\n<p>Sin embargo, no todo apunta al mercado residencial. El foco de los nuevos desarrollos privados se orienta hacia el sector productivo: \u00a0<strong>edificios industriales<\/strong> (15,3%), <strong>montajes industriales<\/strong> (14,2%) y <strong>edificios comerciales<\/strong>\u00a0 (13,4%) lideran la lista de prioridades. A pesar de esta orientaci\u00f3n, el dinamismo general del sector permite proyectar con optimismo una mayor circulaci\u00f3n y valorizaci\u00f3n de inmuebles en la segunda mitad del a\u00f1o.<\/p>\n","protected":false},"excerpt":{"rendered":"<p>El clima de confianza y previsibilidad que logr\u00f3 instalar el Gobierno del presidente Javier Milei comienza a reflejarse con claridad en sectores clave de la econom\u00eda. Uno de los m\u00e1s elocuentes es el mercado inmobiliario de la Ciudad Aut\u00f3noma de Buenos Aires, que en marzo de 2025 registr\u00f3 un repunte contundente: la cantidad de escrituras [&hellip;]<\/p>\n","protected":false},"author":2,"featured_media":2922,"comment_status":"open","ping_status":"open","sticky":false,"template":"","format":"standard","meta":{"_et_pb_use_builder":"","_et_pb_old_content":"","_et_gb_content_width":"","footnotes":""},"categories":[80],"tags":[],"class_list":["post-2921","post","type-post","status-publish","format-standard","has-post-thumbnail","hentry","category-economia-2"],"_links":{"self":[{"href":"https:\/\/verdadincomodadiario.ar\/index.php?rest_route=\/wp\/v2\/posts\/2921","targetHints":{"allow":["GET"]}}],"collection":[{"href":"https:\/\/verdadincomodadiario.ar\/index.php?rest_route=\/wp\/v2\/posts"}],"about":[{"href":"https:\/\/verdadincomodadiario.ar\/index.php?rest_route=\/wp\/v2\/types\/post"}],"author":[{"embeddable":true,"href":"https:\/\/verdadincomodadiario.ar\/index.php?rest_route=\/wp\/v2\/users\/2"}],"replies":[{"embeddable":true,"href":"https:\/\/verdadincomodadiario.ar\/index.php?rest_route=%2Fwp%2Fv2%2Fcomments&post=2921"}],"version-history":[{"count":0,"href":"https:\/\/verdadincomodadiario.ar\/index.php?rest_route=\/wp\/v2\/posts\/2921\/revisions"}],"wp:featuredmedia":[{"embeddable":true,"href":"https:\/\/verdadincomodadiario.ar\/index.php?rest_route=\/wp\/v2\/media\/2922"}],"wp:attachment":[{"href":"https:\/\/verdadincomodadiario.ar\/index.php?rest_route=%2Fwp%2Fv2%2Fmedia&parent=2921"}],"wp:term":[{"taxonomy":"category","embeddable":true,"href":"https:\/\/verdadincomodadiario.ar\/index.php?rest_route=%2Fwp%2Fv2%2Fcategories&post=2921"},{"taxonomy":"post_tag","embeddable":true,"href":"https:\/\/verdadincomodadiario.ar\/index.php?rest_route=%2Fwp%2Fv2%2Ftags&post=2921"}],"curies":[{"name":"wp","href":"https:\/\/api.w.org\/{rel}","templated":true}]}}