{"id":2917,"date":"2025-04-25T02:24:14","date_gmt":"2025-04-25T02:24:14","guid":{"rendered":"https:\/\/verdadincomodadiario.ar\/?p=2917"},"modified":"2025-04-25T02:24:14","modified_gmt":"2025-04-25T02:24:14","slug":"caputo-viaja-a-washington-para-consolidar-la-alianza-economica-argentina-con-eeuu","status":"publish","type":"post","link":"https:\/\/verdadincomodadiario.ar\/?p=2917","title":{"rendered":"Caputo viaja a Washington para consolidar la alianza econ\u00f3mica Argentina con EEUU"},"content":{"rendered":"<p>La <a href=\"https:\/\/derechadiario.com.ar\/politica\/fuerte-respaldo-huerta-soto-javier-milei-principal-protagonista\" title=\"Huerta de Soto reconoci\u00f3 a Javier Milei como el l\u00edder de las ideas de la libertad\">Argentina <\/a>da otro paso firme en su estrategia de <strong>inserci\u00f3n<\/strong>\u00a0 <a href=\"https:\/\/derechadiario.com.ar\/economia\/gracias-al-gobierno-milei-patrimonio-neto-del-bcra-aumento-484-2024\" title=\"Gracias al Gobierno de Milei, el patrimonio neto del BCRA aument\u00f3 un 484% en 2024\">econ\u00f3mica\u00a0<\/a><strong>internacional<\/strong>, esta vez de la mano del ministro de Econom\u00eda, <strong>Luis Caputo,<\/strong>\u00a0 quien <strong>se reunir\u00e1 ma\u00f1ana con Scott Bessent<\/strong>, secretario del Tesoro de <strong>Estados Unidos<\/strong>. En un escenario global en tensi\u00f3n por la guerra comercial desatada por <strong>Donald Trump<\/strong>\u00a0 \u2014<strong>quien exige aranceles rec\u00edprocos para todos los productos que ingresen a su pa\u00eds<\/strong>\u2014, el encuentro simboliza mucho m\u00e1s que una agenda bilateral: marca la consolidaci\u00f3n de una alianza ideol\u00f3gica y econ\u00f3mica entre los gobiernos de Javier Milei y el presidente republicano.<\/p>\n<p><strong>Caputo<\/strong>\u00a0 llegar\u00e1 al coraz\u00f3n financiero del gobierno estadounidense acompa\u00f1ado por una delegaci\u00f3n de alto nivel: <strong>Santiago Bausili<\/strong>, presidente del Banco Central; \u00a0<strong>Pablo Quirno<\/strong>, secretario de Finanzas; <strong>Jos\u00e9 Luis Daza<\/strong>, secretario de Pol\u00edtica Econ\u00f3mica; y <strong>Vladimir Werning<\/strong>, vicepresidente del BCRA. La reuni\u00f3n no solo apunta a discutir el panorama global, sino tambi\u00e9n a reforzar una cooperaci\u00f3n estrat\u00e9gica que ya cuenta con un fuerte aval pol\u00edtico desde <strong>Washington<\/strong>.<\/p>\n<p>En los \u00faltimos d\u00edas, Scott Bessent se ha convertido en un entusiasta vocero del <strong>\u00e9xito<\/strong>\u00a0 del programa de estabilizaci\u00f3n argentino, que ha logrado reducir la inflaci\u00f3n, reactivar sectores productivos y encauzar las cuentas p\u00fablicas. En declaraciones recientes, Bessent no escatim\u00f3 en elogios: <strong>\u201cSi Argentina lo necesita, en caso de un shock externo y si Milei mantiene el rumbo, estar\u00edamos dispuestos a utilizar el FSE (Fondo de Estabilizaci\u00f3n Cambiaria de Estados Unidos)\u201d<\/strong>, expres\u00f3.<\/p>\n<p><strong>\u201cArgentina es un buen ejemplo. Estuve en Argentina a principios de este mes para demostrar el apoyo de Estados Unidos a los esfuerzos del FMI para ayudar al pa\u00eds a reestructurarse financieramente. Argentina merece el apoyo del FMI porque est\u00e1 logrando avances reales en el cumplimiento de los par\u00e1metros financieros\u201d<\/strong>, agreg\u00f3.<\/p>\n<aside class=\"are-you-interested-container-photo\"><\/aside>\n<p>Y remat\u00f3: \u00a0<strong>\u201cEl motivo de mi presencia hoy es que es un d\u00eda clave. El gobierno de Milei ha implementado tres ajustes, y este marca el inicio del tercero: fiscal, monetario y cambiario\u201d.<\/strong><\/p>\n<p>Los temas que se tratar\u00e1n en la reuni\u00f3n son varios y de alto impacto: el avance de los aranceles rec\u00edprocos, la activaci\u00f3n del \u00a0<strong>Fondo de Estabilizaci\u00f3n Cambiaria<\/strong> (FSE), y la ampliaci\u00f3n del acuerdo bilateral <strong>TIFA<\/strong>, vigente desde 2016, que podr\u00eda incluir nuevos bienes y servicios estrat\u00e9gicos para ambos pa\u00edses.<\/p>\n<div class=\"inter_image image_vertical\">\n<picture><source class=\"img-responsive\" type=\"image\/webp\" data-srcset=\"\/filesedc\/uploads\/image\/post\/captura-de-pantalla-2025-04-24-220123_300_400.webp 300w, \n\/filesedc\/uploads\/image\/post\/captura-de-pantalla-2025-04-24-220123_630_840.webp 630w,\n                                \/filesedc\/uploads\/image\/post\/captura-de-pantalla-2025-04-24-220123_760_1013.webp 760w,\n                                \/filesedc\/uploads\/image\/post\/captura-de-pantalla-2025-04-24-220123_1200_1600.webp 1200w,\n                                \/filesedc\/uploads\/image\/post\/captura-de-pantalla-2025-04-24-220123_1600_2133.webp 1600w\"><img decoding=\"async\" src=\"https:\/\/derechadiario.com.ar\/filesedc\/uploads\/image\/post\/captura-de-pantalla-2025-04-24-220123_1200_1600.webp\" class=\"img-responsive lazyload\" alt=\"Portada del informe de 2025 sobre barreras comerciales extranjeras de la Oficina del Representante Comercial de los Estados Unidos, con el sello del Presidente de los Estados Unidos.\" title=\"Portada del informe de 2025 sobre barreras comerciales extranjeras de la Oficina del Representante Comercial de los Estados Unidos, con el sello del Presidente de los Estados Unidos.\"><\/picture>\n<div>\n<span class=\"img_footer\">Descripci\u00f3n de las barreras arancelarias entre la Argentina respecto a la producciones en EEUU. <\/span>| <span class=\"img_author\">La Derecha Diario<\/span>\n<\/div>\n<\/div>\n<p>Adem\u00e1s, la agenda abordar\u00e1 los cuestionamientos que a\u00fan persisten en el informe anual de la <strong>Oficina del Representante Comercial de Estados Unidos<\/strong> (USTR), donde Argentina figura en la p\u00e1gina 17 de un extenso dossier de 394 p\u00e1ginas. All\u00ed se enumeran asimetr\u00edas arancelarias, barreras regulatorias, y sobre todo, conflictos vinculados a la propiedad intelectual, con menciones expl\u00edcitas al uso indebido de patentes en sectores clave como el farmac\u00e9utico y el agroqu\u00edmico.<\/p>\n<p>El informe detalla:<\/p>\n<p><strong>.Restricciones a la materia patentable.<\/strong><\/p>\n<p><strong>.Protecci\u00f3n insuficiente contra la divulgaci\u00f3n no autorizada de datos sensibles.<\/strong><\/p>\n<p><strong>.Demoras excesivas en la aprobaci\u00f3n de patentes.<\/strong><\/p>\n<p><strong>.Presencia de mercados como La Salada y Once en la lista negra global por pirater\u00eda y falsificaci\u00f3n.<\/strong><\/p>\n<p><strong>.Fallas estructurales en la aplicaci\u00f3n de derechos de propiedad intelectual.<\/strong><\/p>\n<p><strong>.Trabas cambiarias que afectan a importadores y prestadores de servicios.<\/strong><\/p>\n<p>Estos puntos, reconocidos por el gobierno argentino, ya han comenzado a corregirse bajo la nueva orientaci\u00f3n promercado del oficialismo, que busca integrarse plenamente al <strong>orden liberal internacional<\/strong> y romper con d\u00e9cadas de normativas intervencionistas.<\/p>\n<aside class=\"whatsappChannelText\"><a href=\"https:\/\/whatsapp.com\/channel\/0029VagEjILGE56eKjedWF2U\" rel=\"nofollow\" title=\"WhatsApp Link\"><img alt=\"Logo de WhatsApp\" class=\"lazyload\" data-src=\"https:\/\/derechadiario.com.ar\/filesedc\/uploads\/other\/whatsapp_icon_mid_article.png\" width=\"32\" height=\"32\"><\/a> <a href=\"https:\/\/whatsapp.com\/channel\/0029VagEjILGE56eKjedWF2U\" rel=\"nofollow\" title=\"WhatsApp Link\"><strong>NO SE PIERDAN NINGUNA NOTICIA<\/strong>: Click aqu\u00ed para sumarte <strong>GRATIS<\/strong> al canal de noticias de <strong>La Derecha Diario en WhatsApp.<\/strong><\/a><\/aside>\n<figure><img decoding=\"async\" src=\"https:\/\/derechadiario.com.ar\/filesedc\/uploads\/image\/post\/483377-1745545303584_1200_800.webp\" class=\"img-responsive lazyload\" alt=\"Un hombre con traje oscuro y corbata azul sonriendo en un entorno de oficina con paredes de madera.\" title=\"Un hombre con traje oscuro y corbata azul sonriendo en un entorno de oficina con paredes de madera.\"><\/figure>\n<p>En ese marco, Estados Unidos observa con cautela el acuerdo de <strong>swap con China<\/strong> \u2014extendido hasta 2026\u2014, al que considera un obst\u00e1culo en la plena integraci\u00f3n estrat\u00e9gica entre Buenos Aires y Washington. La presencia de Bausili en la comitiva es clave: el titular del <strong>BCRA<\/strong>\u00a0 es el responsable de gestionar esa delicada transici\u00f3n, mientras <strong>se analiza la posibilidad de reemplazar los USD 5.000 millones chinos con financiamiento estadounidense.<\/strong><\/p>\n<p>En palabras de Bessent, \u00a0<strong>\u201cla Secretar\u00eda del Tesoro podr\u00eda aportar los fondos necesarios para sustituir el swap con China\u201d<\/strong>, en lo que ser\u00eda un movimiento geopol\u00edtico de gran envergadura, alineado con las prioridades estrat\u00e9gicas de la Casa Blanca.<\/p>\n","protected":false},"excerpt":{"rendered":"<p>La Argentina da otro paso firme en su estrategia de inserci\u00f3n\u00a0 econ\u00f3mica\u00a0internacional, esta vez de la mano del ministro de Econom\u00eda, Luis Caputo,\u00a0 quien se reunir\u00e1 ma\u00f1ana con Scott Bessent, secretario del Tesoro de Estados Unidos. En un escenario global en tensi\u00f3n por la guerra comercial desatada por Donald Trump\u00a0 \u2014quien exige aranceles rec\u00edprocos para [&hellip;]<\/p>\n","protected":false},"author":2,"featured_media":2918,"comment_status":"open","ping_status":"open","sticky":false,"template":"","format":"standard","meta":{"_et_pb_use_builder":"","_et_pb_old_content":"","_et_gb_content_width":"","footnotes":""},"categories":[80],"tags":[],"class_list":["post-2917","post","type-post","status-publish","format-standard","has-post-thumbnail","hentry","category-economia-2"],"_links":{"self":[{"href":"https:\/\/verdadincomodadiario.ar\/index.php?rest_route=\/wp\/v2\/posts\/2917","targetHints":{"allow":["GET"]}}],"collection":[{"href":"https:\/\/verdadincomodadiario.ar\/index.php?rest_route=\/wp\/v2\/posts"}],"about":[{"href":"https:\/\/verdadincomodadiario.ar\/index.php?rest_route=\/wp\/v2\/types\/post"}],"author":[{"embeddable":true,"href":"https:\/\/verdadincomodadiario.ar\/index.php?rest_route=\/wp\/v2\/users\/2"}],"replies":[{"embeddable":true,"href":"https:\/\/verdadincomodadiario.ar\/index.php?rest_route=%2Fwp%2Fv2%2Fcomments&post=2917"}],"version-history":[{"count":0,"href":"https:\/\/verdadincomodadiario.ar\/index.php?rest_route=\/wp\/v2\/posts\/2917\/revisions"}],"wp:featuredmedia":[{"embeddable":true,"href":"https:\/\/verdadincomodadiario.ar\/index.php?rest_route=\/wp\/v2\/media\/2918"}],"wp:attachment":[{"href":"https:\/\/verdadincomodadiario.ar\/index.php?rest_route=%2Fwp%2Fv2%2Fmedia&parent=2917"}],"wp:term":[{"taxonomy":"category","embeddable":true,"href":"https:\/\/verdadincomodadiario.ar\/index.php?rest_route=%2Fwp%2Fv2%2Fcategories&post=2917"},{"taxonomy":"post_tag","embeddable":true,"href":"https:\/\/verdadincomodadiario.ar\/index.php?rest_route=%2Fwp%2Fv2%2Ftags&post=2917"}],"curies":[{"name":"wp","href":"https:\/\/api.w.org\/{rel}","templated":true}]}}