{"id":2868,"date":"2025-04-24T19:24:55","date_gmt":"2025-04-24T19:24:55","guid":{"rendered":"https:\/\/verdadincomodadiario.ar\/?p=2868"},"modified":"2025-04-24T19:24:55","modified_gmt":"2025-04-24T19:24:55","slug":"la-salida-del-cepo-cambiario-no-tuvo-un-impacto-significativo-en-la-inflacion","status":"publish","type":"post","link":"https:\/\/verdadincomodadiario.ar\/?p=2868","title":{"rendered":"La salida del cepo cambiario no tuvo un impacto significativo en la inflaci\u00f3n"},"content":{"rendered":"<p>La salida del <strong>cepo cambiario no gener\u00f3 un impacto inflacionario relevante<\/strong>, seg\u00fan las primeras <a href=\"https:\/\/derechadiario.com.ar\/economia\/argentina-sera-uno-los-paises-que-mas-crecer-mundo-segun-fmi\" target=\"_blank\" title=\"Argentina ser\u00e1 uno de los pa\u00edses que m\u00e1s va a crecer en el mundo, seg\u00fan el FMI\">estimaciones<\/a> realizadas por consultoras privadas citadas por Infobae, a poco m\u00e1s de una semana de implementado el nuevo esquema cambiario impulsado por el Gobierno de <a href=\"https:\/\/derechadiario.com.ar\/economia\/gracias-al-gobierno-milei-patrimonio-neto-del-bcra-aumento-484-2024\" target=\"_blank\" title=\"Gracias al Gobierno de Milei, el patrimonio neto del BCRA aument\u00f3 un 484% en 2024\"><strong>Javier Milei<\/strong><\/a>.<\/p>\n<p>Esta situaci\u00f3n marca una diferencia respecto a anteriores cambios de r\u00e9gimen, donde el efecto sobre los precios era m\u00e1s inmediato. En esta oportunidad, el traslado a precios (pass-through) fue <strong>pr\u00e1cticamente nulo<\/strong>, muy diferente a lo previsto por los &#8220;especialistas&#8221;.<\/p>\n<p>Entre los factores que explican esta moderaci\u00f3n se encuentran la <strong>estabilidad del tipo de cambio<\/strong>, la desaceleraci\u00f3n de algunos rubros en comparaci\u00f3n con lo observado en marzo, y la eliminaci\u00f3n de la emisi\u00f3n monetaria, que\u00a0<strong>no permite convalidar aumentos significativos<\/strong>.<\/p>\n<p>La consultora Eco Go registr\u00f3 una <strong>inflaci\u00f3n del 1,3%<\/strong> en la tercera semana de abril, lo que representa una suba de 0,3 puntos porcentuales frente a la semana anterior. Para todo el mes, la estimaci\u00f3n del \u00cdndice de Precios al Consumidor (IPC) se ubica entre el <strong>3% y el 3,5%<\/strong>, por <strong>debajo del 3,7%<\/strong> registrado en marzo seg\u00fan datos del Indec. Es importante recordar que,\u00a0luego de la salida del cepo, &#8220;economistas&#8221; aseguraron que la inflaci\u00f3n de abril se iba a disparar por arriba del 5%.<\/p>\n<aside class=\"are-you-interested-container-photo\"><\/aside>\n<div class=\"inter_image image_horizontal\">\n<picture><source class=\"img-responsive\" type=\"image\/webp\" data-srcset=\"\/filesedc\/uploads\/image\/post\/678bb4f4f00a8_300_200.webp 300w, \n\/filesedc\/uploads\/image\/post\/678bb4f4f00a8_630_420.webp 630w,\n                                \/filesedc\/uploads\/image\/post\/678bb4f4f00a8_760_507.webp 760w,\n                                \/filesedc\/uploads\/image\/post\/678bb4f4f00a8_1200_800.webp 1200w,\n                                \/filesedc\/uploads\/image\/post\/678bb4f4f00a8_1600_1067.webp 1600w\"><img decoding=\"async\" src=\"https:\/\/derechadiario.com.ar\/filesedc\/uploads\/image\/post\/678bb4f4f00a8_1200_800.webp\" class=\"img-responsive lazyload\" alt=\"Dos personas posando para una selfie en un interior.\" title=\"Dos personas posando para una selfie en un interior.\"><\/picture>\n<div>\n<span class=\"img_footer\">Javier Milei y Luis Caputo. <\/span>| <span class=\"img_author\">La Derecha Diario<\/span>\n<\/div>\n<\/div>\n<p>&#8220;<strong>El recorte en la proyecci\u00f3n se debe a incrementos menores a los esperados en alimentos, dentro del contexto del nuevo esquema cambiario. Con la volatilidad acotada del tipo de cambio, el impacto fue limitado<\/strong>&#8220;, se\u00f1al\u00f3 <strong>Sebasti\u00e1n Menescaldi<\/strong>, director de Eco Go.<\/p>\n<p>&#8220;<strong>Nuestro relevamiento no muestra una fuerte aceleracion en el aumento de precios. Mismo la semana pasada se desaceler\u00f3 respecto a la previa. En esa l\u00ednea, la proyecci\u00f3n de inflaci\u00f3n para abril por el momento se sit\u00faa en porcentajes levemente superiores a los de marzo<\/strong>&#8220;, se\u00f1al\u00f3 <strong>Claudio Caprarulo<\/strong>, director de la consultora Analytica.<\/p>\n<p>El salto inicial del d\u00f3lar, que fue del 10,4% al implementarse el nuevo esquema cambiario, gener\u00f3 remarcaciones preventivas por parte de algunas empresas. Sin embargo, en muchos casos, esas subas <strong>fueron revertidas<\/strong>. Un ejemplo claro fue el rechazo por parte de supermercados y mayoristas a listas con aumentos de hasta un 9% por parte de empresas de consumo masivo, una medida que fue celebrada por el ministro de Econom\u00eda, <strong>Luis &#8220;Toto&#8221; Caputo<\/strong>, en la red social X.<\/p>\n<figure><img decoding=\"async\" src=\"https:\/\/derechadiario.com.ar\/filesedc\/uploads\/image\/post\/a8b20c9684df5822fd9a910b6528acd4--800x578_1200_800.webp\" class=\"img-responsive lazyload\" alt=\"Un hombre con gafas y traje oscuro est\u00e1 sentado frente a una computadora port\u00e1til en una sala con cortinas doradas y una bandera argentina.\" title=\"Un hombre con gafas y traje oscuro est\u00e1 sentado frente a una computadora port\u00e1til en una sala con cortinas doradas y una bandera argentina.\"><\/figure>\n<p>En el sector comercial, remarcan que los consumidores no est\u00e1n en condiciones de absorber aumentos significativos. &#8220;<strong>Tenemos que cuidar al cliente, no podemos convalidar cualquier precio<\/strong>&#8220;, dijeron desde una cadena de supermercados.<\/p>\n<p>En esa misma l\u00ednea, el Gobierno de Milei logr\u00f3 que las empresas de medicina prepaga revisaran a la baja los incrementos previstos para mayo. Tambi\u00e9n hubo casos en el sector automotor donde los aumentos anunciados <strong>fueron luego cancelados<\/strong>.<\/p>\n<aside class=\"whatsappChannelText\"><a href=\"https:\/\/whatsapp.com\/channel\/0029VagEjILGE56eKjedWF2U\" rel=\"nofollow\" title=\"WhatsApp Link\"><img alt=\"Logo de WhatsApp\" class=\"lazyload\" data-src=\"https:\/\/derechadiario.com.ar\/filesedc\/uploads\/other\/whatsapp_icon_mid_article.png\" width=\"32\" height=\"32\"><\/a> <a href=\"https:\/\/whatsapp.com\/channel\/0029VagEjILGE56eKjedWF2U\" rel=\"nofollow\" title=\"WhatsApp Link\"><strong>NO SE PIERDAN NINGUNA NOTICIA<\/strong>: Click aqu\u00ed para sumarte <strong>GRATIS<\/strong> al canal de noticias de <strong>La Derecha Diario en WhatsApp.<\/strong><\/a><\/aside>\n<p><strong>Camilo Tiscornia<\/strong>, director de la consultora C&#038;T, estim\u00f3 que <strong>la inflaci\u00f3n de abril podr\u00eda ubicarse en torno al 3% o incluso por debajo<\/strong>. &#8220;<strong>En muchos rubros hubo aumentos fuertes en marzo y tal vez en la segunda semana de abril. En la tercera semana, hubo bajas, como en frutas y verduras y Educaci\u00f3n, que registraron aumentos m\u00e1s bajos que el mes pasado<\/strong>&#8220;, indic\u00f3.<\/p>\n","protected":false},"excerpt":{"rendered":"<p>La salida del cepo cambiario no gener\u00f3 un impacto inflacionario relevante, seg\u00fan las primeras estimaciones realizadas por consultoras privadas citadas por Infobae, a poco m\u00e1s de una semana de implementado el nuevo esquema cambiario impulsado por el Gobierno de Javier Milei. Esta situaci\u00f3n marca una diferencia respecto a anteriores cambios de r\u00e9gimen, donde el efecto [&hellip;]<\/p>\n","protected":false},"author":2,"featured_media":2869,"comment_status":"open","ping_status":"open","sticky":false,"template":"","format":"standard","meta":{"_et_pb_use_builder":"","_et_pb_old_content":"","_et_gb_content_width":"","footnotes":""},"categories":[80],"tags":[],"class_list":["post-2868","post","type-post","status-publish","format-standard","has-post-thumbnail","hentry","category-economia-2"],"_links":{"self":[{"href":"https:\/\/verdadincomodadiario.ar\/index.php?rest_route=\/wp\/v2\/posts\/2868","targetHints":{"allow":["GET"]}}],"collection":[{"href":"https:\/\/verdadincomodadiario.ar\/index.php?rest_route=\/wp\/v2\/posts"}],"about":[{"href":"https:\/\/verdadincomodadiario.ar\/index.php?rest_route=\/wp\/v2\/types\/post"}],"author":[{"embeddable":true,"href":"https:\/\/verdadincomodadiario.ar\/index.php?rest_route=\/wp\/v2\/users\/2"}],"replies":[{"embeddable":true,"href":"https:\/\/verdadincomodadiario.ar\/index.php?rest_route=%2Fwp%2Fv2%2Fcomments&post=2868"}],"version-history":[{"count":0,"href":"https:\/\/verdadincomodadiario.ar\/index.php?rest_route=\/wp\/v2\/posts\/2868\/revisions"}],"wp:featuredmedia":[{"embeddable":true,"href":"https:\/\/verdadincomodadiario.ar\/index.php?rest_route=\/wp\/v2\/media\/2869"}],"wp:attachment":[{"href":"https:\/\/verdadincomodadiario.ar\/index.php?rest_route=%2Fwp%2Fv2%2Fmedia&parent=2868"}],"wp:term":[{"taxonomy":"category","embeddable":true,"href":"https:\/\/verdadincomodadiario.ar\/index.php?rest_route=%2Fwp%2Fv2%2Fcategories&post=2868"},{"taxonomy":"post_tag","embeddable":true,"href":"https:\/\/verdadincomodadiario.ar\/index.php?rest_route=%2Fwp%2Fv2%2Ftags&post=2868"}],"curies":[{"name":"wp","href":"https:\/\/api.w.org\/{rel}","templated":true}]}}