{"id":2816,"date":"2025-04-24T17:51:08","date_gmt":"2025-04-24T17:51:08","guid":{"rendered":"https:\/\/verdadincomodadiario.ar\/?p=2816"},"modified":"2025-04-24T17:51:08","modified_gmt":"2025-04-24T17:51:08","slug":"anses-hoy-quienes-cobran-este-jueves-24-de-abril-y-como-sigue-el-calendario","status":"publish","type":"post","link":"https:\/\/verdadincomodadiario.ar\/?p=2816","title":{"rendered":"ANSES hoy: qui\u00e9nes cobran este jueves 24 de abril y c\u00f3mo sigue el calendario"},"content":{"rendered":"<p><a href=\"https:\/\/derechadiario.com.ar\/economia\/programa-hogar-anses-requisitos-y-montos-para-cobrar-mayo-2025\" title=\"Programa Hogar ANSES: requisitos y montos para cobrar en mayo 2025\"><strong>ANSES<\/strong><\/a> confirm\u00f3 el <strong>cronograma de pagos<\/strong> para este <strong>jueves 24 de abril de 2025<\/strong>, con beneficios para distintos grupos.<\/p>\n<p>Se abonan <strong>jubilaciones<\/strong>, <strong>pensiones<\/strong>, <strong>AUH<\/strong>, <strong>AUE<\/strong>, <strong>Tarjeta Alimentar<\/strong> y <a href=\"https:\/\/derechadiario.com.ar\/economia\/vouchers-educativos-2025-como-acceder-requisitos-y-montos\" title=\"Vouchers Educativos 2025: c\u00f3mo acceder, requisitos y montos\">otras asignaciones<\/a>. Conoc\u00e9 si te toca cobrar hoy.<\/p>\n<div class=\"inter_image image_horizontal\">\n<picture><source class=\"img-responsive\" type=\"image\/webp\" data-srcset=\"\/filesedc\/uploads\/image\/post\/anses-1-jpg_300_200.webp 300w, \n\/filesedc\/uploads\/image\/post\/anses-1-jpg_630_420.webp 630w,\n                                \/filesedc\/uploads\/image\/post\/anses-1-jpg_760_507.webp 760w,\n                                \/filesedc\/uploads\/image\/post\/anses-1-jpg_1200_800.webp 1200w,\n                                \/filesedc\/uploads\/image\/post\/anses-1-jpg_1600_1067.webp 1600w\"><img decoding=\"async\" src=\"https:\/\/derechadiario.com.ar\/filesedc\/uploads\/image\/post\/anses-1-jpg_1200_800.webp\" class=\"img-responsive lazyload\" alt=\"Fachada de una oficina de ANSES con un cartel azul y un coraz\u00f3n naranja.\" title=\"Fachada de una oficina de ANSES con un cartel azul y un coraz\u00f3n naranja.\"><\/picture>\n<div>\n<span class=\"img_footer\">Qui\u00e9nes cobran hoy seg\u00fan la terminaci\u00f3n del DNI <\/span>| <span class=\"img_author\">La Derecha Diario<\/span>\n<\/div>\n<\/div>\n<h2><strong>\u00bfQui\u00e9nes cobran hoy jueves 24 de abril?<\/strong><\/h2>\n<h3><strong>Jubilaciones y pensiones que superan los $285.820<\/strong><\/h3>\n<ul>\n<li>\n<strong>Documentos terminados en 0 y 1<\/strong>: cobran este jueves 24.<\/li>\n<\/ul>\n<figure><img decoding=\"async\" src=\"https:\/\/derechadiario.com.ar\/filesedc\/uploads\/image\/post\/jubilaciones-superan-el-haber-minimo-anses-abril_1200_800.webp\" class=\"img-responsive lazyload\" alt=\"Calendario de pagos para jubilaciones y pensiones que superan el haber m\u00ednimo en abril, con fechas del 24 al 30 de abril seg\u00fan la terminaci\u00f3n del documento.\" title=\"Calendario de pagos para jubilaciones y pensiones que superan el haber m\u00ednimo en abril, con fechas del 24 al 30 de abril seg\u00fan la terminaci\u00f3n del documento.\"><\/figure>\n<h3><strong>Asignaci\u00f3n Universal por Hijo (AUH) y Tarjeta Alimentar<\/strong><\/h3>\n<ul>\n<li>\n<strong>Documentos terminados en 9<\/strong>: cobran hoy jueves 24.<\/li>\n<\/ul>\n<figure><img decoding=\"async\" src=\"https:\/\/derechadiario.com.ar\/filesedc\/uploads\/image\/post\/anses-auh-abril_1200_800.webp\" class=\"img-responsive lazyload\" alt=\"Calendario de pagos de la Asignaci\u00f3n Familiar por Hijo y Asignaci\u00f3n Universal por Hijo para abril, con fechas espec\u00edficas seg\u00fan la terminaci\u00f3n del n\u00famero de documento.\" title=\"Calendario de pagos de la Asignaci\u00f3n Familiar por Hijo y Asignaci\u00f3n Universal por Hijo para abril, con fechas espec\u00edficas seg\u00fan la terminaci\u00f3n del n\u00famero de documento.\"><\/figure>\n<aside class=\"whatsappChannelText\"><a href=\"https:\/\/whatsapp.com\/channel\/0029VagEjILGE56eKjedWF2U\" rel=\"nofollow\" title=\"WhatsApp Link\"><img alt=\"Logo de WhatsApp\" class=\"lazyload\" data-src=\"https:\/\/derechadiario.com.ar\/filesedc\/uploads\/other\/whatsapp_icon_mid_article.png\" width=\"32\" height=\"32\"><\/a> <a href=\"https:\/\/whatsapp.com\/channel\/0029VagEjILGE56eKjedWF2U\" rel=\"nofollow\" title=\"WhatsApp Link\"><strong>NO SE PIERDAN NINGUNA NOTICIA<\/strong>: Click aqu\u00ed para sumarte <strong>GRATIS<\/strong> al canal de noticias de <strong>La Derecha Diario en WhatsApp.<\/strong><\/a><\/aside>\n<h3><strong>Asignaci\u00f3n Universal por Embarazo (AUE)<\/strong><\/h3>\n<ul>\n<li>\n<strong>Documentos terminados en 8<\/strong>: cobran este jueves 24.<\/li>\n<\/ul>\n<figure><img decoding=\"async\" src=\"https:\/\/derechadiario.com.ar\/filesedc\/uploads\/image\/post\/asignacion-por-embarazo-anses-abril_1200_800.webp\" class=\"img-responsive lazyload\" alt=\"Calendario de pago de la Asignaci\u00f3n por Embarazo para abril, con fechas asignadas seg\u00fan la terminaci\u00f3n del n\u00famero de documento: 10\/4 para terminados en 0, 11\/4 en 1, 14\/4 en 2, 15\/4 en 3, 16\/4 en 4, 21\/4 en 5, 22\/4 en 6, 23\/4 en 7, 24\/4 en 8 y 25\/4 en 9.\" title=\"Calendario de pago de la Asignaci\u00f3n por Embarazo para abril, con fechas asignadas seg\u00fan la terminaci\u00f3n del n\u00famero de documento: 10\/4 para terminados en 0, 11\/4 en 1, 14\/4 en 2, 15\/4 en 3, 16\/4 en 4, 21\/4 en 5, 22\/4 en 6, 23\/4 en 7, 24\/4 en 8 y 25\/4 en 9.\"><\/figure>\n<h3><strong>Asignaciones familiares de Pensiones No Contributivas (PNC)<\/strong><\/h3>\n<ul>\n<li>\n<strong>Todas las terminaciones de DNI<\/strong>: se paga hasta el 12 de mayo.<\/li>\n<\/ul>\n<figure><img decoding=\"async\" src=\"https:\/\/derechadiario.com.ar\/filesedc\/uploads\/image\/post\/asignaciones-familiares-pnc-anses_1200_800.webp\" class=\"img-responsive lazyload\" alt=\"Asignaciones Familiares de Pensiones No Contributivas para cobrar en abril, todas las terminaciones de DNI del 9 de abril al 12 de mayo.\" title=\"Asignaciones Familiares de Pensiones No Contributivas para cobrar en abril, todas las terminaciones de DNI del 9 de abril al 12 de mayo.\"><\/figure>\n<h3><strong>Asignaciones de pago \u00fanico: matrimonio, adopci\u00f3n y nacimiento<\/strong><\/h3>\n<ul>\n<li>\n<strong>Todas las terminaciones de DNI<\/strong>: cobran hasta el 12 de mayo.<\/li>\n<\/ul>\n<figure><img decoding=\"async\" src=\"https:\/\/derechadiario.com.ar\/filesedc\/uploads\/image\/post\/asignaciones-pago-unico-abril-mayo-anses-2025_1200_800.webp\" class=\"img-responsive lazyload\" alt=\"Calendario de asignaciones de pago \u00fanico para matrimonio, adopci\u00f3n y nacimiento en abril, con fechas de cobro del 10\/4 al 12\/5 para la primera quincena y del 24\/4 al 12\/5 para la segunda quincena.\" title=\"Calendario de asignaciones de pago \u00fanico para matrimonio, adopci\u00f3n y nacimiento en abril, con fechas de cobro del 10\/4 al 12\/5 para la primera quincena y del 24\/4 al 12\/5 para la segunda quincena.\"><\/figure>\n<h3><strong>Prestaci\u00f3n por Desempleo<\/strong><\/h3>\n<ul>\n<li>\n<strong>Documentos terminados en 2 y 3<\/strong>: cobran este jueves 24.<\/li>\n<\/ul>\n<figure><img decoding=\"async\" src=\"https:\/\/derechadiario.com.ar\/filesedc\/uploads\/image\/post\/desempleo-plan-1-anses-abril_1200_800.webp\" class=\"img-responsive lazyload\" alt=\"Calendario de pagos para el Plan de Desempleo 1 correspondiente al mes de abril, con fechas asignadas seg\u00fan la terminaci\u00f3n de documentos: 23 de abril para documentos terminados en 0 y 1, 24 de abril para 2 y 3, 25 de abril para 4 y 5, 28 de abril para 6 y 7, y 29 de abril para 8 y 9.\" title=\"Calendario de pagos para el Plan de Desempleo 1 correspondiente al mes de abril, con fechas asignadas seg\u00fan la terminaci\u00f3n de documentos: 23 de abril para documentos terminados en 0 y 1, 24 de abril para 2 y 3, 25 de abril para 4 y 5, 28 de abril para 6 y 7, y 29 de abril para 8 y 9.\"><\/figure>\n<h2><strong>\u00bfD\u00f3nde consultar si me corresponde cobrar?<\/strong><\/h2>\n<p>Para saber si te toca cobrar hoy, pod\u00e9s ingresar con tu CUIL en <em>Mi ANSES<\/em> desde el sitio oficial. Tambi\u00e9n se puede consultar desde la app o llamando al 130.<\/p>\n","protected":false},"excerpt":{"rendered":"<p>ANSES confirm\u00f3 el cronograma de pagos para este jueves 24 de abril de 2025, con beneficios para distintos grupos. Se abonan jubilaciones, pensiones, AUH, AUE, Tarjeta Alimentar y otras asignaciones. Conoc\u00e9 si te toca cobrar hoy. Qui\u00e9nes cobran hoy seg\u00fan la terminaci\u00f3n del DNI | La Derecha Diario \u00bfQui\u00e9nes cobran hoy jueves 24 de abril? [&hellip;]<\/p>\n","protected":false},"author":2,"featured_media":2818,"comment_status":"open","ping_status":"open","sticky":false,"template":"","format":"standard","meta":{"_et_pb_use_builder":"","_et_pb_old_content":"","_et_gb_content_width":"","footnotes":""},"categories":[80],"tags":[],"class_list":["post-2816","post","type-post","status-publish","format-standard","has-post-thumbnail","hentry","category-economia-2"],"_links":{"self":[{"href":"https:\/\/verdadincomodadiario.ar\/index.php?rest_route=\/wp\/v2\/posts\/2816","targetHints":{"allow":["GET"]}}],"collection":[{"href":"https:\/\/verdadincomodadiario.ar\/index.php?rest_route=\/wp\/v2\/posts"}],"about":[{"href":"https:\/\/verdadincomodadiario.ar\/index.php?rest_route=\/wp\/v2\/types\/post"}],"author":[{"embeddable":true,"href":"https:\/\/verdadincomodadiario.ar\/index.php?rest_route=\/wp\/v2\/users\/2"}],"replies":[{"embeddable":true,"href":"https:\/\/verdadincomodadiario.ar\/index.php?rest_route=%2Fwp%2Fv2%2Fcomments&post=2816"}],"version-history":[{"count":0,"href":"https:\/\/verdadincomodadiario.ar\/index.php?rest_route=\/wp\/v2\/posts\/2816\/revisions"}],"wp:featuredmedia":[{"embeddable":true,"href":"https:\/\/verdadincomodadiario.ar\/index.php?rest_route=\/wp\/v2\/media\/2818"}],"wp:attachment":[{"href":"https:\/\/verdadincomodadiario.ar\/index.php?rest_route=%2Fwp%2Fv2%2Fmedia&parent=2816"}],"wp:term":[{"taxonomy":"category","embeddable":true,"href":"https:\/\/verdadincomodadiario.ar\/index.php?rest_route=%2Fwp%2Fv2%2Fcategories&post=2816"},{"taxonomy":"post_tag","embeddable":true,"href":"https:\/\/verdadincomodadiario.ar\/index.php?rest_route=%2Fwp%2Fv2%2Ftags&post=2816"}],"curies":[{"name":"wp","href":"https:\/\/api.w.org\/{rel}","templated":true}]}}