{"id":2809,"date":"2025-04-24T17:51:09","date_gmt":"2025-04-24T17:51:09","guid":{"rendered":"https:\/\/verdadincomodadiario.ar\/?p=2809"},"modified":"2025-04-24T17:51:09","modified_gmt":"2025-04-24T17:51:09","slug":"jesus-huerta-de-soto-visita-argentina-el-anarcocapitalista-mas-influyente-del-mundo","status":"publish","type":"post","link":"https:\/\/verdadincomodadiario.ar\/?p=2809","title":{"rendered":"Jes\u00fas Huerta de Soto visita Argentina, el anarcocapitalista mas influyente del mundo"},"content":{"rendered":"<p>El mi\u00e9rcoles 23\u00a0de abril de 2025, en las instalaciones de ESEADE, <strong>se hizo entrega al profesor Jes\u00fas Huerta de Soto del Premio Juventud Hispanoamericana por la Libertad, un reconocimiento otorgado por la Asociaci\u00f3n Libertaria Austriaca<\/strong> \u2014integrante de la Red Hispanoamericana por la Libertad\u2014 y entregado en manos de Alfonso Mu\u00f1oz Ruiz y Miguel \u00c1ngel Alonso Cancino.<\/p>\n<p>Durante el evento, el profesor Huerta de Soto dirigi\u00f3 unas palabras a los presentes, en las que repas\u00f3 su recorrido como estudiante, comparti\u00f3 experiencias personales junto a Friedrich Hayek y <strong>dedic\u00f3 un sentido mensaje al presidente Javier Milei, a quien calific\u00f3 como &#8220;un h\u00e9roe de la libertad&#8221; por expandir estas ideas como ning\u00fan otro en la historia reciente.<\/strong> Asimismo, alent\u00f3 con entusiasmo a los j\u00f3venes asistentes a profundizar en el estudio del pensamiento liberal, sosteniendo que &#8220;el \u00fanico camino al que debemos aspirar es el anarcocapitalismo&#8221;.<\/p>\n<div class=\"inter_image image_horizontal\">\n<picture><source class=\"img-responsive\" type=\"image\/webp\" data-srcset=\"\/filesedc\/uploads\/image\/post\/f41eb825-9c02-4f3b-bcc8-4d982d2b9109_300_200.webp 300w, \n\/filesedc\/uploads\/image\/post\/f41eb825-9c02-4f3b-bcc8-4d982d2b9109_630_420.webp 630w,\n                                \/filesedc\/uploads\/image\/post\/f41eb825-9c02-4f3b-bcc8-4d982d2b9109_760_507.webp 760w,\n                                \/filesedc\/uploads\/image\/post\/f41eb825-9c02-4f3b-bcc8-4d982d2b9109_1200_800.webp 1200w,\n                                \/filesedc\/uploads\/image\/post\/f41eb825-9c02-4f3b-bcc8-4d982d2b9109_1600_1067.webp 1600w\"><img decoding=\"async\" src=\"https:\/\/derechadiario.com.ar\/filesedc\/uploads\/image\/post\/f41eb825-9c02-4f3b-bcc8-4d982d2b9109_1200_800.webp\" class=\"img-responsive lazyload\" alt=\"Un grupo de personas vestidas formalmente interact\u00faa en una sala mientras una c\u00e1mara los graba.\" title=\"Un grupo de personas vestidas formalmente interact\u00faa en una sala mientras una c\u00e1mara los graba.\"><\/picture>\n<div>\n<span class=\"img_footer\">Premio Juventud Hispanoamericana por la Libertad <\/span>| <span class=\"img_author\">La Derecha Diario<\/span>\n<\/div>\n<\/div>\n<p><strong>Entre los asistentes m\u00e1s destacados se encontraban Philipp Bagus, Bernardo Ferrero, Miguel \u00c1ngel Alonso Neira, Daniel Gallego e Ignacio Almara, Alejandro Nimo.<\/strong> Como cierre del evento, se realiz\u00f3 un conversatorio con la participaci\u00f3n de Huerta de Soto, Mart\u00edn Krause y Alberto Benegas Lynch (h).<\/p>\n<p>Para comprender la magnitud intelectual del profesor Huerta de Soto, es necesario repasar brevemente su trayectoria acad\u00e9mica y su vasta contribuci\u00f3n al pensamiento liberal contempor\u00e1neo.<\/p>\n<aside class=\"are-you-interested-container-photo\"><\/aside>\n<p>Jes\u00fas Huerta de Soto, cuyo inquebrantable compromiso ha formado a miles de j\u00f3venes, ya sea en aulas presenciales, a trav\u00e9s de magistrales clases grabadas o mediante su influyente m\u00e1ster en Econom\u00eda de la Escuela Austriaca,\u00a0se ha convertido en el referente indiscutible del anarcocapitalismo en las \u00faltimas d\u00e9cadas.<\/p>\n<p>Desde los albores de su carrera, Huerta de Soto ha forjado un camino que trasciende la simple academia. Con una formaci\u00f3n multidisciplinaria, <strong>graduado en Ciencias Econ\u00f3micas, Derecho y Actuar\u00eda, y enriquecido con un MBA en Stanford gracias a una beca del Banco de Espa\u00f1a,<\/strong>\u00a0el catedr\u00e1tico madrile\u00f1o ha sabido combinar el rigor cient\u00edfico con una visi\u00f3n profundamente humanista. <strong>Esta s\u00edntesis de saberes le permiti\u00f3 obtener, en el transcurso de sus doctorados, dos t\u00edtulos que cimentaron su perspectiva cr\u00edtica sobre el intervencionismo estatal y el socialismo, al tiempo que afianzaron su defensa del mercado libre como motor de la prosperidad<\/strong>.<\/p>\n<figure><img decoding=\"async\" src=\"https:\/\/derechadiario.com.ar\/filesedc\/uploads\/image\/post\/6e86b295-5c9a-4d90-843a-add8f34ee229_1200_800.webp\" class=\"img-responsive lazyload\" alt=\"Dos personas abraz\u00e1ndose en un ambiente formal con fondo de ventanas decorativas.\" title=\"Dos personas abraz\u00e1ndose en un ambiente formal con fondo de ventanas decorativas.\"><\/figure>\n<p>Pero lo que verdaderamente distingue a Huerta de Soto es la manera en que integra tres pilares fundamentales que sustentan su pensamiento y, por extensi\u00f3n, el de la Escuela Austriaca.<\/p>\n<h2>El Pilar Te\u00f3rico, Heredero de Mises<\/h2>\n<p>Inspirado en la aguda visi\u00f3n de Ludwig von Mises, Huerta de Soto defiende la idea de que sin la existencia de un sistema de precios genuinos \u2013producto de la libre interacci\u00f3n entre oferta y demanda\u2013 es imposible asignar racionalmente los recursos. En obras emblem\u00e1ticas como Socialismo, c\u00e1lculo econ\u00f3mico y funci\u00f3n empresarial, expone de forma magistral que el socialismo, al carecer de un mecanismo de valoraci\u00f3n espont\u00e1neo, se condena a una ineficiencia cr\u00f3nica y a la imposibilidad de planificaci\u00f3n. Para \u00e9l, el empresario, en tanto actor que se atreve a enfrentar la incertidumbre y a descubrir oportunidades en el caos del mercado, es el verdadero art\u00edfice de la coordinaci\u00f3n social y el progreso econ\u00f3mico.<\/p>\n<h2>El Pilar Hist\u00f3rico-Evolutivo, a la Luz de Hayek<\/h2>\n<p>La perspectiva din\u00e1mica de Friedrich A. Hayek impregna el an\u00e1lisis de Huerta de Soto, resaltando que las instituciones y normas sociales no surgen por mandato central, sino que emergen de forma espont\u00e1nea como respuesta a las necesidades y acciones individuales. Esta visi\u00f3n hist\u00f3rica-evolutiva subraya que el orden social, basado en la libre interacci\u00f3n, es un proceso org\u00e1nico en constante adaptaci\u00f3n, mucho m\u00e1s flexible y eficaz que cualquier intento de planificaci\u00f3n centralizada. As\u00ed, la insistencia en el orden espont\u00e1neo se erige como un argumento clave para rechazar el intervencionismo estatal y reafirmar la superioridad del libre mercado.<\/p>\n<figure><img decoding=\"async\" src=\"https:\/\/derechadiario.com.ar\/filesedc\/uploads\/image\/post\/hds_1200_1600.webp\" class=\"img-responsive lazyload\" alt=\"Un hombre en traje oscuro y corbata azul habla gesticulando con la mano en un entorno de oficina con un fondo naranja y libros sobre la mesa.\" title=\"Un hombre en traje oscuro y corbata azul habla gesticulando con la mano en un entorno de oficina con un fondo naranja y libros sobre la mesa.\"><\/figure>\n<h2>El Pilar \u00c9tico, Inspirado por Rothbard\u00a0<\/h2>\n<p>Complementando el an\u00e1lisis, Huerta de Soto abraza la dimensi\u00f3n \u00e9tica del pensamiento de Murray Rothbard, quien fusion\u00f3 el derecho natural con una cr\u00edtica moral a la coacci\u00f3n estatal. <strong>Para Huerta de Soto, la verdadera justicia en el \u00e1mbito econ\u00f3mico s\u00f3lo puede alcanzarse cuando se respeta de manera intransigente la propiedad privada y el libre consentimiento entre individuos.<\/strong>\u00a0 Esta postura \u00e9tica no solo legitima la defensa del anarcocapitalismo, sino que adem\u00e1s critica duramente a aquellos sistemas que, al imponer restricciones y subsidios, socavan la integridad del mercado y la libertad individual.<\/p>\n<p>La integraci\u00f3n de estos tres enfoques, el rigor te\u00f3rico misiano, la comprensi\u00f3n evolutiva hayekiana y la \u00e9tica de Rothbard,\u00a0constituye la columna vertebral de la obra de Huerta de Soto. <strong>Este tr\u00edo argumental le permite no solo desmontar los cimientos del socialismo y del intervencionismo, sino tambi\u00e9n proponer alternativas radicales, como el sistema de banca de reserva total, que impedir\u00eda la expansi\u00f3n crediticia artificial, considerada por \u00e9l como fuente principal de crisis econ\u00f3micas.<\/strong><\/p>\n<p>La influencia de Huerta de Soto se extiende m\u00e1s all\u00e1 de sus escritos y clases. Su legado se ha transmitido a trav\u00e9s de una nutrida escuela de disc\u00edpulos, entre ellos destacan Philipp Bagus, Juan Ram\u00f3n Rallo y Miguel Anxo Bastos,\u00a0que contin\u00faan difundiendo estas ideas en Espa\u00f1a, Am\u00e9rica Latina y en el mundo entero. De hecho, incluso en Argentina, donde <strong>el Presidente Milei ha declarado p\u00fablicamente su adhesi\u00f3n de los principios que Huerta de Soto defiende, se reconoce la trascendencia de su pensamiento en la configuraci\u00f3n de una nueva era de libertad y responsabilidad individual.<\/strong><\/p>\n<aside class=\"whatsappChannelText\"><a href=\"https:\/\/whatsapp.com\/channel\/0029VagEjILGE56eKjedWF2U\" rel=\"nofollow\" title=\"WhatsApp Link\"><img alt=\"Logo de WhatsApp\" class=\"lazyload\" data-src=\"https:\/\/derechadiario.com.ar\/filesedc\/uploads\/other\/whatsapp_icon_mid_article.png\" width=\"32\" height=\"32\"><\/a> <a href=\"https:\/\/whatsapp.com\/channel\/0029VagEjILGE56eKjedWF2U\" rel=\"nofollow\" title=\"WhatsApp Link\"><strong>NO SE PIERDAN NINGUNA NOTICIA<\/strong>: Click aqu\u00ed para sumarte <strong>GRATIS<\/strong> al canal de noticias de <strong>La Derecha Diario en WhatsApp.<\/strong><\/a><\/aside>\n<figure><img decoding=\"async\" src=\"https:\/\/derechadiario.com.ar\/filesedc\/uploads\/image\/post\/huerta-de-soto-180910-cuadrado_1200_1600.webp\" class=\"img-responsive lazyload\" alt=\"Un hombre con traje oscuro y corbata roja est\u00e1 sentado frente a un micr\u00f3fono con un logotipo rojo en un estudio de radio.\" title=\"Un hombre con traje oscuro y corbata roja est\u00e1 sentado frente a un micr\u00f3fono con un logotipo rojo en un estudio de radio.\"><\/figure>\n<p><strong>En definitiva, Jes\u00fas Huerta de Soto se erige como un aut\u00e9ntico art\u00edfice del libre pensar. Su trabajo, marcado por una incansable batalla cultural, ha permitido que miles de j\u00f3venes descubran un camino basado en la libertad, la coordinaci\u00f3n espont\u00e1nea y la \u00e9tica del mercado.<\/strong>\u00a0 En un mundo cada vez m\u00e1s dominado por la injerencia estatal y la planificaci\u00f3n central, su visi\u00f3n \u2013forjada en la s\u00edntesis de Mises, Hayek y Rothbard\u2013 se presenta como una propuesta coherente, desafiante y esencial para la construcci\u00f3n de sociedades verdaderamente libres.<\/p>\n","protected":false},"excerpt":{"rendered":"<p>El mi\u00e9rcoles 23\u00a0de abril de 2025, en las instalaciones de ESEADE, se hizo entrega al profesor Jes\u00fas Huerta de Soto del Premio Juventud Hispanoamericana por la Libertad, un reconocimiento otorgado por la Asociaci\u00f3n Libertaria Austriaca \u2014integrante de la Red Hispanoamericana por la Libertad\u2014 y entregado en manos de Alfonso Mu\u00f1oz Ruiz y Miguel \u00c1ngel Alonso [&hellip;]<\/p>\n","protected":false},"author":2,"featured_media":2812,"comment_status":"open","ping_status":"open","sticky":false,"template":"","format":"standard","meta":{"_et_pb_use_builder":"","_et_pb_old_content":"","_et_gb_content_width":"","footnotes":""},"categories":[80],"tags":[],"class_list":["post-2809","post","type-post","status-publish","format-standard","has-post-thumbnail","hentry","category-economia-2"],"_links":{"self":[{"href":"https:\/\/verdadincomodadiario.ar\/index.php?rest_route=\/wp\/v2\/posts\/2809","targetHints":{"allow":["GET"]}}],"collection":[{"href":"https:\/\/verdadincomodadiario.ar\/index.php?rest_route=\/wp\/v2\/posts"}],"about":[{"href":"https:\/\/verdadincomodadiario.ar\/index.php?rest_route=\/wp\/v2\/types\/post"}],"author":[{"embeddable":true,"href":"https:\/\/verdadincomodadiario.ar\/index.php?rest_route=\/wp\/v2\/users\/2"}],"replies":[{"embeddable":true,"href":"https:\/\/verdadincomodadiario.ar\/index.php?rest_route=%2Fwp%2Fv2%2Fcomments&post=2809"}],"version-history":[{"count":0,"href":"https:\/\/verdadincomodadiario.ar\/index.php?rest_route=\/wp\/v2\/posts\/2809\/revisions"}],"wp:featuredmedia":[{"embeddable":true,"href":"https:\/\/verdadincomodadiario.ar\/index.php?rest_route=\/wp\/v2\/media\/2812"}],"wp:attachment":[{"href":"https:\/\/verdadincomodadiario.ar\/index.php?rest_route=%2Fwp%2Fv2%2Fmedia&parent=2809"}],"wp:term":[{"taxonomy":"category","embeddable":true,"href":"https:\/\/verdadincomodadiario.ar\/index.php?rest_route=%2Fwp%2Fv2%2Fcategories&post=2809"},{"taxonomy":"post_tag","embeddable":true,"href":"https:\/\/verdadincomodadiario.ar\/index.php?rest_route=%2Fwp%2Fv2%2Ftags&post=2809"}],"curies":[{"name":"wp","href":"https:\/\/api.w.org\/{rel}","templated":true}]}}