{"id":2805,"date":"2025-04-24T17:51:10","date_gmt":"2025-04-24T17:51:10","guid":{"rendered":"https:\/\/verdadincomodadiario.ar\/?p=2805"},"modified":"2025-04-24T17:51:10","modified_gmt":"2025-04-24T17:51:10","slug":"dr-martens-vuelve-al-pais-abrira-local-en-palermo-y-apuesta-al-largo-plazo","status":"publish","type":"post","link":"https:\/\/verdadincomodadiario.ar\/?p=2805","title":{"rendered":"Dr. Martens vuelve al pa\u00eds: abrir\u00e1 local en Palermo y apuesta al largo plazo"},"content":{"rendered":"<p><strong>La ic\u00f3nica marca brit\u00e1nica Dr. Martens<\/strong>, famosa por sus botas con aire rebelde y herencia obrera, <strong>regresar\u00e1 a la Argentina en julio con la apertura de un nuevo local en Palermo Soho<\/strong>, marcando as\u00ed su retorno al pa\u00eds tras haber cerrado operaciones en 2022. \u00a0<strong>La reapertura se da en un contexto econ\u00f3mico m\u00e1s favorable para el <a href=\"https:\/\/derechadiario.com.ar\/politica\/kristalina-georgieva-destaco-javier-milei-vez-diferente\" title=\"Kristalina Georgieva destac\u00f3 a Javier Milei: 'Esta vez es diferente'\">comercio exterior<\/a>.<\/strong><\/p>\n<p>Con una \u00a0<strong>inversi\u00f3n inicial de 400.000 d\u00f3lares<\/strong>, la tienda estar\u00e1 ubicada en la calle El Salvador y ofrecer\u00e1 modelos cl\u00e1sicos como 1460, Jadon, Sinclair y las Chelsea Boots, adem\u00e1s de novedades. Seg\u00fan adelant\u00f3 a <em>Infobae <\/em>Joaqu\u00edn Gotlib, distribuidor oficial de la marca, l<strong>os precios ser\u00e1n competitivos en comparaci\u00f3n con el <a href=\"https:\/\/derechadiario.com.ar\/politica\/secretario-del-tesoro-eeuu-volvio-respaldar-al-gobierno-javier-milei\" title=\"El secretario del Tesoro de EEUU volvi\u00f3 a respaldar al Gobierno de Javier Milei\">mercado internacional<\/a> y habr\u00e1 posibilidad de ofrecer cuotas sin inter\u00e9s con tarjeta.<\/strong><\/p>\n<h2><strong>Expansi\u00f3n a futuro y canal online<\/strong><\/h2>\n<p>El plan de Dr. Martens no se limita a un solo punto de venta. \u00a0<strong>En 2026, la firma prev\u00e9 abrir una segunda tienda en un centro comercial porte\u00f1o, y tambi\u00e9n desarrollar\u00e1 un canal de ecommerce para alcanzar a consumidores en todo el pa\u00eds.<\/strong>\u00a0 Paralelamente, continuar\u00e1 operando en el segmento mayorista, abasteciendo a cadenas como Grimoldi, Crist\u00f3bal Col\u00f3n y Red Market.<\/p>\n<p>Gotlib explic\u00f3 que, en la etapa anterior, \u00a0<strong>la marca estuvo ocho a\u00f1os en el pa\u00eds pero tuvo que retirarse debido a restricciones a las importaciones.<\/strong><\/p>\n<aside class=\"are-you-interested-container-photo\"><\/aside>\n<p><strong>\u201cTrabaj\u00e1bamos d\u00eda a d\u00eda sin saber cu\u00e1ndo \u00edbamos a tener mercader\u00eda, y la demanda siempre fue fuerte\u201d, se\u00f1al\u00f3.<\/strong><\/p>\n<div class=\"inter_image image_vertical\">\n<picture><source class=\"img-responsive\" type=\"image\/webp\" data-srcset=\"\/filesedc\/uploads\/image\/post\/screenshot-2025-04-24-112838_300_400.webp 300w, \n\/filesedc\/uploads\/image\/post\/screenshot-2025-04-24-112838_630_840.webp 630w,\n                                \/filesedc\/uploads\/image\/post\/screenshot-2025-04-24-112838_760_1013.webp 760w,\n                                \/filesedc\/uploads\/image\/post\/screenshot-2025-04-24-112838_1200_1600.webp 1200w,\n                                \/filesedc\/uploads\/image\/post\/screenshot-2025-04-24-112838_1600_2133.webp 1600w\"><img decoding=\"async\" src=\"https:\/\/derechadiario.com.ar\/filesedc\/uploads\/image\/post\/screenshot-2025-04-24-112838_1200_1600.webp\" class=\"img-responsive lazyload\" alt=\"Botas negras con cordones marrones en un entorno h\u00famedo.\" title=\"Botas negras con cordones marrones en un entorno h\u00famedo.\"><\/picture>\n<div>\n<span class=\"img_footer\">Dr. Martens vuelve al pa\u00eds: abrir\u00e1 local en Palermo y apuesta al largo plazo <\/span>| <span class=\"img_author\">La Derecha Diario<\/span>\n<\/div>\n<\/div>\n<p>En ese entonces, Dr. Martens contaba con locales en Unicenter, Alto Palermo, Alcorta y un flagship tambi\u00e9n en la calle El Salvador. Vend\u00eda, adem\u00e1s, a trav\u00e9s de comercio electr\u00f3nico.<\/p>\n<h2><strong>Un nuevo escenario para el retail internacional<\/strong><\/h2>\n<p>El regreso se da en el marco de una pol\u00edtica m\u00e1s abierta al comercio exterior, con \u00a0<strong>una reducci\u00f3n de aranceles del 35% al 20%, medida impulsada por el Gobierno para fomentar la competencia y bajar los precios locales.<\/strong> \u201cEste nuevo contexto genera las condiciones para apostar nuevamente al mercado argentino\u201d, sostuvo Gotlib.<\/p>\n<p>Respecto a una eventual producci\u00f3n local, el empresario descart\u00f3 esa posibilidad: <strong>\u201cNo est\u00e1 disponible la tecnolog\u00eda para fabricar las botas como se hacen hoy en el exterior<\/strong>, y la marca tampoco lo permitir\u00eda\u201d.<\/p>\n<h2><strong>Historia de una marca con identidad<\/strong><\/h2>\n<p>Fundada en 1947 en Inglaterra, <strong>Dr. Martens comenz\u00f3 como calzado laboral, utilizado por obreros, polic\u00edas y carteros.<\/strong>\u00a0 Con el tiempo, se convirti\u00f3 en s\u00edmbolo de subculturas urbanas como los skinheads, punks y g\u00f3ticos, y fue popularizada por m\u00fasicos como Kurt Cobain, Joe Strummer y Pete Townshend.<\/p>\n<aside class=\"whatsappChannelText\"><a href=\"https:\/\/whatsapp.com\/channel\/0029VagEjILGE56eKjedWF2U\" rel=\"nofollow\" title=\"WhatsApp Link\"><img alt=\"Logo de WhatsApp\" class=\"lazyload\" data-src=\"https:\/\/derechadiario.com.ar\/filesedc\/uploads\/other\/whatsapp_icon_mid_article.png\" width=\"32\" height=\"32\"><\/a> <a href=\"https:\/\/whatsapp.com\/channel\/0029VagEjILGE56eKjedWF2U\" rel=\"nofollow\" title=\"WhatsApp Link\"><strong>NO SE PIERDAN NINGUNA NOTICIA<\/strong>: Click aqu\u00ed para sumarte <strong>GRATIS<\/strong> al canal de noticias de <strong>La Derecha Diario en WhatsApp.<\/strong><\/a><\/aside>\n<p>A pesar de haber enfrentado una ca\u00edda de ventas en los 2000 \u2014que deriv\u00f3 en el cierre de f\u00e1bricas en el Reino Unido y el traslado de la producci\u00f3n a Asia\u2014, \u00a0<strong>la marca logr\u00f3 reinventarse. En 2013 fue adquirida por el fondo Permira y, en 2021, debut\u00f3 en la Bolsa de Londres, alcanzando una valorizaci\u00f3n inicial de 3.700 millones de libras.<\/strong><\/p>\n","protected":false},"excerpt":{"rendered":"<p>La ic\u00f3nica marca brit\u00e1nica Dr. Martens, famosa por sus botas con aire rebelde y herencia obrera, regresar\u00e1 a la Argentina en julio con la apertura de un nuevo local en Palermo Soho, marcando as\u00ed su retorno al pa\u00eds tras haber cerrado operaciones en 2022. \u00a0La reapertura se da en un contexto econ\u00f3mico m\u00e1s favorable para [&hellip;]<\/p>\n","protected":false},"author":2,"featured_media":2806,"comment_status":"open","ping_status":"open","sticky":false,"template":"","format":"standard","meta":{"_et_pb_use_builder":"","_et_pb_old_content":"","_et_gb_content_width":"","footnotes":""},"categories":[80],"tags":[],"class_list":["post-2805","post","type-post","status-publish","format-standard","has-post-thumbnail","hentry","category-economia-2"],"_links":{"self":[{"href":"https:\/\/verdadincomodadiario.ar\/index.php?rest_route=\/wp\/v2\/posts\/2805","targetHints":{"allow":["GET"]}}],"collection":[{"href":"https:\/\/verdadincomodadiario.ar\/index.php?rest_route=\/wp\/v2\/posts"}],"about":[{"href":"https:\/\/verdadincomodadiario.ar\/index.php?rest_route=\/wp\/v2\/types\/post"}],"author":[{"embeddable":true,"href":"https:\/\/verdadincomodadiario.ar\/index.php?rest_route=\/wp\/v2\/users\/2"}],"replies":[{"embeddable":true,"href":"https:\/\/verdadincomodadiario.ar\/index.php?rest_route=%2Fwp%2Fv2%2Fcomments&post=2805"}],"version-history":[{"count":0,"href":"https:\/\/verdadincomodadiario.ar\/index.php?rest_route=\/wp\/v2\/posts\/2805\/revisions"}],"wp:featuredmedia":[{"embeddable":true,"href":"https:\/\/verdadincomodadiario.ar\/index.php?rest_route=\/wp\/v2\/media\/2806"}],"wp:attachment":[{"href":"https:\/\/verdadincomodadiario.ar\/index.php?rest_route=%2Fwp%2Fv2%2Fmedia&parent=2805"}],"wp:term":[{"taxonomy":"category","embeddable":true,"href":"https:\/\/verdadincomodadiario.ar\/index.php?rest_route=%2Fwp%2Fv2%2Fcategories&post=2805"},{"taxonomy":"post_tag","embeddable":true,"href":"https:\/\/verdadincomodadiario.ar\/index.php?rest_route=%2Fwp%2Fv2%2Ftags&post=2805"}],"curies":[{"name":"wp","href":"https:\/\/api.w.org\/{rel}","templated":true}]}}