{"id":2801,"date":"2025-04-24T17:51:11","date_gmt":"2025-04-24T17:51:11","guid":{"rendered":"https:\/\/verdadincomodadiario.ar\/?p=2801"},"modified":"2025-04-24T17:51:11","modified_gmt":"2025-04-24T17:51:11","slug":"gracias-al-gobierno-de-milei-el-patrimonio-neto-del-bcra-aumento-un-484-en-2024","status":"publish","type":"post","link":"https:\/\/verdadincomodadiario.ar\/?p=2801","title":{"rendered":"Gracias al Gobierno de Milei, el patrimonio neto del BCRA aument\u00f3 un 484% en 2024"},"content":{"rendered":"<p>El <strong>Banco Central<\/strong> aprob\u00f3 los estados contables correspondientes al ejercicio 2024, los cuales reflejan, gracias al trabajo del Gobierno de <a href=\"https:\/\/derechadiario.com.ar\/politica\/kristalina-georgieva-destaco-javier-milei-vez-diferente\" target=\"_blank\" title=\"Kristalina Georgieva destac\u00f3 a Javier Milei: 'Esta vez es diferente'\"><strong>Javier Milei<\/strong><\/a>,\u00a0una <strong>mejora significativa<\/strong> en su <strong>patrimonio neto<\/strong>. Esta mejora estuvo acompa\u00f1ada por una <strong>ca\u00edda del 56% en los pasivos de la entidad<\/strong>, impulsada por la <strong>eliminaci\u00f3n de las Leliq<\/strong> y un <strong>fortalecimiento de las reservas internacionales<\/strong>.<\/p>\n<p>Durante el a\u00f1o pasado, la entidad logr\u00f3 uno de sus principales objetivos: <strong>la recomposici\u00f3n del patrimonio neto<\/strong>. Seg\u00fan inform\u00f3 el propio BCRA, este resultado fue producto de una <strong>pol\u00edtica fiscal y monetaria prudente<\/strong>, que incluy\u00f3 la restricci\u00f3n del financiamiento neto al Tesoro y la suspensi\u00f3n, desde julio de 2024, de las operaciones de pase pasivo. En este marco, <strong>se elimin\u00f3 tambi\u00e9n la emisi\u00f3n relacionada con pasivos remunerados<\/strong>.<\/p>\n<p>El cierre del ejercicio 2024 arroj\u00f3 una <strong>ganancia de $19,4 billones<\/strong>, lo que representa una <a href=\"https:\/\/derechadiario.com.ar\/economia\/argentina-sera-uno-los-paises-que-mas-crecer-mundo-segun-fmi\" target=\"_blank\" title=\"Argentina ser\u00e1 uno de los pa\u00edses que m\u00e1s va a crecer en el mundo, seg\u00fan el FMI\"><strong>mejora notable<\/strong><\/a> frente a la <strong>p\u00e9rdida de $9,4 billones<\/strong> registrada en 2023, el \u00faltimo a\u00f1o de la gesti\u00f3n kirchnerista de <strong>Alberto Fern\u00e1ndez<\/strong>.<\/p>\n<div class=\"inter_image image_horizontal\">\n<picture><source class=\"img-responsive\" type=\"image\/webp\" data-srcset=\"\/filesedc\/uploads\/image\/post\/-1x-1-1739913552197_300_200.webp 300w, \n\/filesedc\/uploads\/image\/post\/-1x-1-1739913552197_630_420.webp 630w,\n                                \/filesedc\/uploads\/image\/post\/-1x-1-1739913552197_760_507.webp 760w,\n                                \/filesedc\/uploads\/image\/post\/-1x-1-1739913552197_1200_800.webp 1200w,\n                                \/filesedc\/uploads\/image\/post\/-1x-1-1739913552197_1600_1067.webp 1600w\"><img decoding=\"async\" src=\"https:\/\/derechadiario.com.ar\/filesedc\/uploads\/image\/post\/-1x-1-1739913552197_1200_800.webp\" class=\"img-responsive lazyload\" alt=\"Un hombre sonriente con el pu\u00f1o levantado en un evento en Nueva York.\" title=\"Un hombre sonriente con el pu\u00f1o levantado en un evento en Nueva York.\"><\/picture>\n<div>\n<span class=\"img_footer\">Javier Milei, presidente de Argentina. <\/span>| <span class=\"img_author\">La Derecha Diario<\/span>\n<\/div>\n<\/div>\n<p>Esta reversi\u00f3n se explica por varios factores, entre ellos el aumento de ingresos derivados de los t\u00edtulos p\u00fablicos, gracias a una <strong>mejora en la valuaci\u00f3n de los activos en cartera<\/strong>, y la baja en el pago de intereses como consecuencia de la <strong>cancelaci\u00f3n de pasivos remunerados<\/strong>. Adem\u00e1s, no fue necesario realizar ajustes contables vinculados a las letras intransferibles, lo que tambi\u00e9n favoreci\u00f3 el resultado final.<\/p>\n<aside class=\"are-you-interested-container-photo\"><\/aside>\n<p>El <strong>patrimonio neto<\/strong> alcanz\u00f3 los <strong>$23,4 billones<\/strong> al cierre del a\u00f1o, lo que implica un <strong>incremento del 484% respecto al per\u00edodo anterior<\/strong>. En relaci\u00f3n con las reservas internacionales, el informe destac\u00f3 un <strong>aumento del 28%<\/strong> en su valuaci\u00f3n en d\u00f3lares.\u00a0<\/p>\n<p>Respecto al pasivo, se observ\u00f3 una <strong>ca\u00edda del 56%<\/strong>, ubic\u00e1ndose en <strong>$93,2 billones<\/strong>. Esta contracci\u00f3n se explic\u00f3 principalmente por la <strong>cancelaci\u00f3n de pasivos relacionados con las Leliq<\/strong>, la merma en las obligaciones por operaciones de pase y la finalizaci\u00f3n del acuerdo de cr\u00e9dito con el Banco de Pagos Internacionales.\u00a0<\/p>\n<figure><img decoding=\"async\" src=\"https:\/\/derechadiario.com.ar\/filesedc\/uploads\/image\/post\/678bb4f4f00a8_1200_800.webp\" class=\"img-responsive lazyload\" alt=\"Dos personas posando para una selfie en un interior.\" title=\"Dos personas posando para una selfie en un interior.\"><\/figure>\n<p>Entre las medidas m\u00e1s relevantes se\u00f1aladas en el informe, se destaca el acuerdo alcanzado en julio de 2024 con los bancos, mediante el cual se anularon contratos de opciones de liquidez vinculados a ciertos t\u00edtulos p\u00fablicos. Esta medida permiti\u00f3 reducir un pasivo contingente de $26,7 billones a $5,7 billones al cierre del a\u00f1o.<\/p>\n<p>El Directorio del BCRA tambi\u00e9n resolvi\u00f3 restaurar los niveles de capital y reservas previos a las p\u00e9rdidas experimentadas en 2023. Para ello, destin\u00f3 $7,7 billones a cubrir p\u00e9rdidas originadas por la valuaci\u00f3n de activos bajo normas contables vigentes. El excedente, equivalente a $11,7 billones, fue transferido al Gobierno Nacional conforme lo dispuesto por la Carta Org\u00e1nica de la instituci\u00f3n.<\/p>\n<aside class=\"whatsappChannelText\"><a href=\"https:\/\/whatsapp.com\/channel\/0029VagEjILGE56eKjedWF2U\" rel=\"nofollow\" title=\"WhatsApp Link\"><img alt=\"Logo de WhatsApp\" class=\"lazyload\" data-src=\"https:\/\/derechadiario.com.ar\/filesedc\/uploads\/other\/whatsapp_icon_mid_article.png\" width=\"32\" height=\"32\"><\/a> <a href=\"https:\/\/whatsapp.com\/channel\/0029VagEjILGE56eKjedWF2U\" rel=\"nofollow\" title=\"WhatsApp Link\"><strong>NO SE PIERDAN NINGUNA NOTICIA<\/strong>: Click aqu\u00ed para sumarte <strong>GRATIS<\/strong> al canal de noticias de <strong>La Derecha Diario en WhatsApp.<\/strong><\/a><\/aside>\n<p>En relaci\u00f3n con las perspectivas para 2025, el BCRA manifest\u00f3 su compromiso de <strong>continuar con el proceso de saneamiento de su hoja de balance<\/strong>, con el prop\u00f3sito de optimizar la calidad de sus activos. Este proceso apunta a garantizar que el organismo cuente con las herramientas necesarias para cumplir con los objetivos definidos en su Carta Org\u00e1nica.<\/p>\n","protected":false},"excerpt":{"rendered":"<p>El Banco Central aprob\u00f3 los estados contables correspondientes al ejercicio 2024, los cuales reflejan, gracias al trabajo del Gobierno de Javier Milei,\u00a0una mejora significativa en su patrimonio neto. Esta mejora estuvo acompa\u00f1ada por una ca\u00edda del 56% en los pasivos de la entidad, impulsada por la eliminaci\u00f3n de las Leliq y un fortalecimiento de las [&hellip;]<\/p>\n","protected":false},"author":2,"featured_media":2802,"comment_status":"open","ping_status":"open","sticky":false,"template":"","format":"standard","meta":{"_et_pb_use_builder":"","_et_pb_old_content":"","_et_gb_content_width":"","footnotes":""},"categories":[80],"tags":[],"class_list":["post-2801","post","type-post","status-publish","format-standard","has-post-thumbnail","hentry","category-economia-2"],"_links":{"self":[{"href":"https:\/\/verdadincomodadiario.ar\/index.php?rest_route=\/wp\/v2\/posts\/2801","targetHints":{"allow":["GET"]}}],"collection":[{"href":"https:\/\/verdadincomodadiario.ar\/index.php?rest_route=\/wp\/v2\/posts"}],"about":[{"href":"https:\/\/verdadincomodadiario.ar\/index.php?rest_route=\/wp\/v2\/types\/post"}],"author":[{"embeddable":true,"href":"https:\/\/verdadincomodadiario.ar\/index.php?rest_route=\/wp\/v2\/users\/2"}],"replies":[{"embeddable":true,"href":"https:\/\/verdadincomodadiario.ar\/index.php?rest_route=%2Fwp%2Fv2%2Fcomments&post=2801"}],"version-history":[{"count":0,"href":"https:\/\/verdadincomodadiario.ar\/index.php?rest_route=\/wp\/v2\/posts\/2801\/revisions"}],"wp:featuredmedia":[{"embeddable":true,"href":"https:\/\/verdadincomodadiario.ar\/index.php?rest_route=\/wp\/v2\/media\/2802"}],"wp:attachment":[{"href":"https:\/\/verdadincomodadiario.ar\/index.php?rest_route=%2Fwp%2Fv2%2Fmedia&parent=2801"}],"wp:term":[{"taxonomy":"category","embeddable":true,"href":"https:\/\/verdadincomodadiario.ar\/index.php?rest_route=%2Fwp%2Fv2%2Fcategories&post=2801"},{"taxonomy":"post_tag","embeddable":true,"href":"https:\/\/verdadincomodadiario.ar\/index.php?rest_route=%2Fwp%2Fv2%2Ftags&post=2801"}],"curies":[{"name":"wp","href":"https:\/\/api.w.org\/{rel}","templated":true}]}}