{"id":2797,"date":"2025-04-24T17:51:12","date_gmt":"2025-04-24T17:51:12","guid":{"rendered":"https:\/\/verdadincomodadiario.ar\/?p=2797"},"modified":"2025-04-24T17:51:12","modified_gmt":"2025-04-24T17:51:12","slug":"la-marca-suiza-de-zapatillas-on-abrira-sus-primeras-dos-tiendas-en-argentina","status":"publish","type":"post","link":"https:\/\/verdadincomodadiario.ar\/?p=2797","title":{"rendered":"La marca suiza de zapatillas ON abrir\u00e1 sus primeras dos tiendas en Argentina"},"content":{"rendered":"<p>La reconocida marca suiza de calzado deportivo <strong>ON<\/strong>, famosa por su innovaci\u00f3n y por priorizar el rendimiento, anunci\u00f3 su llegada al <a href=\"https:\/\/derechadiario.com.ar\/economia\/dr-martens-vuelve-al-pais-abrira-local-palermo-y-apuesta-al-largo-plazo\" target=\"_blank\" title=\"Dr. Martens vuelve al pa\u00eds: abrir\u00e1 local en Palermo y apuesta al largo plazo\">mercado argentino<\/a> a trav\u00e9s de una alianza con el Grupo Bisa. Esta incorporaci\u00f3n representa un paso importante en el segmento local de zapatillas urbanas y para running.<\/p>\n<p>Gracias a la recuperaci\u00f3n econ\u00f3mica lograda por el Gobierno de <a href=\"https:\/\/derechadiario.com.ar\/economia\/gracias-al-gobierno-milei-patrimonio-neto-del-bcra-aumento-484-2024\" target=\"_blank\" title=\"Gracias al Gobierno de Milei, el patrimonio neto del BCRA aument\u00f3 un 484% en 2024\"><strong>Javier Milei<\/strong><\/a>, est\u00e1 previsto que en 2026 se inauguren las <strong>dos primeras tiendas exclusivas<\/strong> de la marca en el pa\u00eds: una estar\u00e1 ubicada en un shopping\u00a0y la otra tendr\u00e1 acceso directo desde la calle. Un dato particular es que la empresa cuenta con un <strong>poco m\u00e1s de 30 tiendas exclusivas en el mundo<\/strong>.<\/p>\n<p>&#8220;<strong>La casa matriz de On prefiere los locales a la calle, con la idea de que si alguien quiere una zapatilla On, tenga que ir especialmente a buscarla. Pero tambi\u00e9n sabemos que los shoppings son claves para generar tr\u00e1fico y posicionar una marca nueva en el pa\u00eds<\/strong>&#8220;, explic\u00f3 <strong>Federico Farina<\/strong>, CEO del Grupo Bisa.<\/p>\n<p>El grupo ya es responsable de otras marcas deportivas internacionales como Mizuno (Jap\u00f3n) y Lotto Champions (Italia). Actualmente, posee una participaci\u00f3n cercana al 4% del mercado deportivo argentino y apunta a duplicar esa cifra para alcanzar el 8%.<\/p>\n<aside class=\"are-you-interested-container-photo\"><\/aside>\n<div class=\"inter_image image_horizontal\">\n<picture><source class=\"img-responsive\" type=\"image\/webp\" data-srcset=\"\/filesedc\/uploads\/image\/post\/photo-1581888748626-2a3f240a6f9f_300_200.webp 300w, \n\/filesedc\/uploads\/image\/post\/photo-1581888748626-2a3f240a6f9f_630_420.webp 630w,\n                                \/filesedc\/uploads\/image\/post\/photo-1581888748626-2a3f240a6f9f_760_507.webp 760w,\n                                \/filesedc\/uploads\/image\/post\/photo-1581888748626-2a3f240a6f9f_1200_800.webp 1200w,\n                                \/filesedc\/uploads\/image\/post\/photo-1581888748626-2a3f240a6f9f_1600_1067.webp 1600w\"><img decoding=\"async\" src=\"https:\/\/derechadiario.com.ar\/filesedc\/uploads\/image\/post\/photo-1581888748626-2a3f240a6f9f_1200_800.webp\" class=\"img-responsive lazyload\" alt=\"Primer plano de un pie con zapatilla deportiva sobre una carretera con monta\u00f1as al fondo.\" title=\"Primer plano de un pie con zapatilla deportiva sobre una carretera con monta\u00f1as al fondo.\"><\/picture>\n<div>\n<span class=\"img_footer\">Zapatillas ON. <\/span>| <span class=\"img_author\">La Derecha Diario<\/span>\n<\/div>\n<\/div>\n<p>ON fue fundada en 2010 en Z\u00farich por <strong>Olivier Bernhard<\/strong>, <strong>David Allemann<\/strong> y <strong>Caspar Coppetti<\/strong>. Desde sus inicios se destac\u00f3 por su tecnolog\u00eda CloudTec, que incorpora &#8220;<strong>nubes<\/strong>&#8221;\u00a0en la suela del calzado para lograr una amortiguaci\u00f3n suave al pisar y una respuesta en\u00e9rgica al impulsarse.<\/p>\n<p>Este sistema, junto con una est\u00e9tica funcional y de l\u00edneas limpias, posicion\u00f3 a ON como una marca de referencia a nivel mundial. Sus zapatillas son elegidas tanto por atletas de alto rendimiento como por usuarios comunes que valoran la combinaci\u00f3n de confort y dise\u00f1o.<\/p>\n<p>La llegada de ON a la Argentina ocurre en un momento en que crece el inter\u00e9s del p\u00fablico por marcas internacionales que integran innovaci\u00f3n tecnol\u00f3gica y el\u00a0dise\u00f1o sofisticado. La firma suiza ya cuenta con una comunidad global de seguidores fieles, entre los que se destaca <strong>Roger Federer<\/strong>. El reconocido tenista no solo ha invertido en ON, sino que tambi\u00e9n participa activamente en el dise\u00f1o de algunos modelos, como el calzado de tenis &#8220;<strong>The Roger<\/strong>&#8220;.<\/p>\n<figure><img decoding=\"async\" src=\"https:\/\/derechadiario.com.ar\/filesedc\/uploads\/image\/post\/6626d70370d56--950x512_1200_800.webp\" class=\"img-responsive lazyload\" alt=\"Un hombre sostiene una zapatilla deportiva blanca en primer plano.\" title=\"Un hombre sostiene una zapatilla deportiva blanca en primer plano.\"><\/figure>\n<p>El desembarco en el pa\u00eds fue\u00a0cuidadosamente planificado, con una estrategia inicial basada en el canal online y en puntos de venta espec\u00edficos, con la intenci\u00f3n de atraer tanto a atletas como a consumidores urbanos que buscan un calzado c\u00f3modo, estilizado y apto para m\u00faltiples usos.<\/p>\n<p>Si bien a\u00fan no se dieron\u00a0a conocer m\u00e1s\u00a0detalles concretos sobre qu\u00e9 productos estar\u00e1n disponibles ni c\u00f3mo ser\u00e1 su distribuci\u00f3n, todo indica que ON pondr\u00e1 el foco en <strong>plazas clave como la Ciudad de Buenos Aires<\/strong>, donde el running y la moda deportiva tienen una presencia cada vez m\u00e1s fuerte.<\/p>\n<aside class=\"whatsappChannelText\"><a href=\"https:\/\/whatsapp.com\/channel\/0029VagEjILGE56eKjedWF2U\" rel=\"nofollow\" title=\"WhatsApp Link\"><img alt=\"Logo de WhatsApp\" class=\"lazyload\" data-src=\"https:\/\/derechadiario.com.ar\/filesedc\/uploads\/other\/whatsapp_icon_mid_article.png\" width=\"32\" height=\"32\"><\/a> <a href=\"https:\/\/whatsapp.com\/channel\/0029VagEjILGE56eKjedWF2U\" rel=\"nofollow\" title=\"WhatsApp Link\"><strong>NO SE PIERDAN NINGUNA NOTICIA<\/strong>: Click aqu\u00ed para sumarte <strong>GRATIS<\/strong> al canal de noticias de <strong>La Derecha Diario en WhatsApp.<\/strong><\/a><\/aside>\n<p>En el competitivo panorama local, donde predominan marcas consolidadas como Nike y Adidas, as\u00ed como firmas emergentes como Zapiens, ON se posiciona con una propuesta diferenciadora. Su prestigio internacional, sumado a un crecimiento del 85% en ventas durante el primer semestre de 2021, refuerza su atractivo frente al consumidor argentino.<\/p>\n","protected":false},"excerpt":{"rendered":"<p>La reconocida marca suiza de calzado deportivo ON, famosa por su innovaci\u00f3n y por priorizar el rendimiento, anunci\u00f3 su llegada al mercado argentino a trav\u00e9s de una alianza con el Grupo Bisa. Esta incorporaci\u00f3n representa un paso importante en el segmento local de zapatillas urbanas y para running. Gracias a la recuperaci\u00f3n econ\u00f3mica lograda por [&hellip;]<\/p>\n","protected":false},"author":2,"featured_media":2798,"comment_status":"open","ping_status":"open","sticky":false,"template":"","format":"standard","meta":{"_et_pb_use_builder":"","_et_pb_old_content":"","_et_gb_content_width":"","footnotes":""},"categories":[80],"tags":[],"class_list":["post-2797","post","type-post","status-publish","format-standard","has-post-thumbnail","hentry","category-economia-2"],"_links":{"self":[{"href":"https:\/\/verdadincomodadiario.ar\/index.php?rest_route=\/wp\/v2\/posts\/2797","targetHints":{"allow":["GET"]}}],"collection":[{"href":"https:\/\/verdadincomodadiario.ar\/index.php?rest_route=\/wp\/v2\/posts"}],"about":[{"href":"https:\/\/verdadincomodadiario.ar\/index.php?rest_route=\/wp\/v2\/types\/post"}],"author":[{"embeddable":true,"href":"https:\/\/verdadincomodadiario.ar\/index.php?rest_route=\/wp\/v2\/users\/2"}],"replies":[{"embeddable":true,"href":"https:\/\/verdadincomodadiario.ar\/index.php?rest_route=%2Fwp%2Fv2%2Fcomments&post=2797"}],"version-history":[{"count":0,"href":"https:\/\/verdadincomodadiario.ar\/index.php?rest_route=\/wp\/v2\/posts\/2797\/revisions"}],"wp:featuredmedia":[{"embeddable":true,"href":"https:\/\/verdadincomodadiario.ar\/index.php?rest_route=\/wp\/v2\/media\/2798"}],"wp:attachment":[{"href":"https:\/\/verdadincomodadiario.ar\/index.php?rest_route=%2Fwp%2Fv2%2Fmedia&parent=2797"}],"wp:term":[{"taxonomy":"category","embeddable":true,"href":"https:\/\/verdadincomodadiario.ar\/index.php?rest_route=%2Fwp%2Fv2%2Fcategories&post=2797"},{"taxonomy":"post_tag","embeddable":true,"href":"https:\/\/verdadincomodadiario.ar\/index.php?rest_route=%2Fwp%2Fv2%2Ftags&post=2797"}],"curies":[{"name":"wp","href":"https:\/\/api.w.org\/{rel}","templated":true}]}}