{"id":2721,"date":"2025-04-24T10:56:28","date_gmt":"2025-04-24T10:56:28","guid":{"rendered":"https:\/\/verdadincomodadiario.ar\/?p=2721"},"modified":"2025-04-24T10:56:28","modified_gmt":"2025-04-24T10:56:28","slug":"historico-record-de-reservas-en-el-bcra-en-su-punto-mas-alto-desde-2023","status":"publish","type":"post","link":"https:\/\/verdadincomodadiario.ar\/?p=2721","title":{"rendered":"Hist\u00f3rico r\u00e9cord de reservas en el BCRA: en su punto m\u00e1s alto desde 2023"},"content":{"rendered":"<p>En un nuevo hito que reafirma el <strong>giro exitoso de la pol\u00edtica econ\u00f3mica <a href=\"https:\/\/derechadiario.com.ar\/economia\/milei-tenia-razon-dolar-oficial-cotiza-casi-igual-que-antes-salida-del-cepo\" title=\"Milei ten\u00eda raz\u00f3n: El d\u00f3lar oficial cotiza casi igual que antes de la salida del cepo\">argentina<\/a><\/strong>, las reservas internacionales del <strong>Banco Central de la Rep\u00fablica Argentina<\/strong> (BCRA) alcanzaron los USD 38.795 millones <strong>su nivel m\u00e1s alto en m\u00e1s de dos a\u00f1os<\/strong>. Esta recuperaci\u00f3n hist\u00f3rica se produce sin intervenci\u00f3n directa del BCRA en el mercado de cambios, demostrando el impacto positivo del programa de estabilizaci\u00f3n del gobierno de <a href=\"https:\/\/derechadiario.com.ar\/politica\/javier-milei-viajara-roma-para-participar-del-funeral-y-despedir-al-papa-francisco\" title=\"Javier Milei viajar\u00e1 a Roma para participar del funeral y despedir al papa Francisco\">Javier Milei.<\/a><\/p>\n<p>Por cuarta rueda consecutiva, la autoridad monetaria se abstuvo de operar en la plaza cambiaria tras la reciente flexibilizaci\u00f3n del cepo. En ese contexto, el tipo de cambio mayorista <strong>baj\u00f3 3,6%<\/strong> o 41 pesos, cerrando en <strong>$1.094<\/strong>, apenas 16 pesos por encima de los $1.078 del \u00faltimo d\u00eda de operaciones bajo control cambiario, el 11 de abril. A pesar del repliegue del d\u00f3lar, la oferta privada se mantuvo firme, con <strong>operaciones por USD 563,7 millones<\/strong> en el segmento de contado.<\/p>\n<div class=\"inter_image image_horizontal\">\n<picture><source class=\"img-responsive\" type=\"image\/webp\" data-srcset=\"\/filesedc\/uploads\/image\/post\/captura-de-pantalla-2025-04-21-202021_300_200.webp 300w, \n\/filesedc\/uploads\/image\/post\/captura-de-pantalla-2025-04-21-202021_630_420.webp 630w,\n                                \/filesedc\/uploads\/image\/post\/captura-de-pantalla-2025-04-21-202021_760_507.webp 760w,\n                                \/filesedc\/uploads\/image\/post\/captura-de-pantalla-2025-04-21-202021_1200_800.webp 1200w,\n                                \/filesedc\/uploads\/image\/post\/captura-de-pantalla-2025-04-21-202021_1600_1067.webp 1600w\"><img decoding=\"async\" src=\"https:\/\/derechadiario.com.ar\/filesedc\/uploads\/image\/post\/captura-de-pantalla-2025-04-21-202021_1200_800.webp\" class=\"img-responsive lazyload\" alt=\"Gr\u00e1fico de barras que muestra la evoluci\u00f3n de las reservas internacionales en millones de d\u00f3lares desde 2019 hasta 2025, con fluctuaciones notables a lo largo del tiempo.\" title=\"Gr\u00e1fico de barras que muestra la evoluci\u00f3n de las reservas internacionales en millones de d\u00f3lares desde 2019 hasta 2025, con fluctuaciones notables a lo largo del tiempo.\"><\/picture>\n<div>\n<span class=\"img_footer\">Evoluci\u00f3n de las reservas internacionales 2019-2025. <\/span>| <span class=\"img_author\">La Derecha Diario<\/span>\n<\/div>\n<\/div>\n<p>El crecimiento de reservas de este lunes (+USD 183 millones) fue apuntalado, adem\u00e1s, por factores t\u00e9cnicos como una \u00a0<strong>suba del 3% en la cotizaci\u00f3n del oro<\/strong>\u00a0 y un alza del 0,1% en el valor del yuan chino, activos que forman parte del portafolio internacional del <strong>BCRA<\/strong>.<\/p>\n<p>La reactivaci\u00f3n del stock de reservas, en buena parte, se debe al regreso de la confianza internacional. El desembolso reciente de <strong>USD 12.000 millones<\/strong>\u00a0 por parte del \u00a0<strong>Fondo Monetario Internacional<\/strong> (FMI), junto con <strong>USD 1.500 millones del Banco Internacional de Reconstrucci\u00f3n y Fomento<\/strong>\u00a0 (BIRF), implicaron un salto superior al 50% en los activos brutos. Desde que Javier Milei asumi\u00f3 la Presidencia en diciembre de 2023, el BCRA acumula compras netas por \u00a0<strong>USD 22.690 millones<\/strong> en el mercado, mientras que las reservas brutas aumentaron en \u00a0<strong>USD 17.587 millones<\/strong>\u00a0 (un 82,9%), a pesar de los pagos de deuda en moneda extranjera.<\/p>\n<aside class=\"are-you-interested-container-photo\"><\/aside>\n<figure><img decoding=\"async\" src=\"https:\/\/derechadiario.com.ar\/filesedc\/uploads\/image\/post\/captura-de-pantalla-2025-04-21-202316_1200_800.webp\" class=\"img-responsive lazyload\" alt=\"Gr\u00e1fico que muestra la evoluci\u00f3n de los dep\u00f3sitos del sector privado en d\u00f3lares desde 2019, con \u00e1reas en verde representando cifras despu\u00e9s de las PASO de agosto de 2019 y en violeta desde que asumi\u00f3 Milei, en millones de d\u00f3lares.\" title=\"Gr\u00e1fico que muestra la evoluci\u00f3n de los dep\u00f3sitos del sector privado en d\u00f3lares desde 2019, con \u00e1reas en verde representando cifras despu\u00e9s de las PASO de agosto de 2019 y en violeta desde que asumi\u00f3 Milei, en millones de d\u00f3lares.\"><\/figure>\n<p>Los organismos multilaterales tambi\u00e9n han dado su respaldo al nuevo rumbo econ\u00f3mico. \u00a0<strong>El Banco Mundial y el Banco Interamericano de Desarrollo<\/strong>\u00a0 (BID) comprometieron programas plurianuales de apoyo por \u00a0<strong>USD 12.000 millones y USD 10.000 millones<\/strong>, respectivamente. A eso se suma un cr\u00e9dito de USD 2.000 millones en formato REPO con bancos privados, que podr\u00e1 ser usado para alcanzar la meta de acumulaci\u00f3n de reservas netas pactada con el FMI.<\/p>\n<p>A pesar de que el organismo internacional permite compras dentro de una banda cambiaria, el gobierno mantiene una postura prudente: \u00a0<strong>\u201cNo intervendremos hasta que el d\u00f3lar llegue a 1.000 pesos\u201d<\/strong>, afirm\u00f3 el presidente Milei a trav\u00e9s de su cuenta de X, seg\u00fan un reporte de <strong>Max Capital<\/strong>. \u00a0<strong>\u201cEl gobierno parece enfocado en dar se\u00f1ales de una moneda m\u00e1s fuerte\u201d<\/strong>, agreg\u00f3 la consultora, aunque advirti\u00f3 que la naturaleza de las bandas podr\u00eda moderar ese efecto en el mediano plazo.<\/p>\n<aside class=\"whatsappChannelText\"><a href=\"https:\/\/whatsapp.com\/channel\/0029VagEjILGE56eKjedWF2U\" rel=\"nofollow\" title=\"WhatsApp Link\"><img alt=\"Logo de WhatsApp\" class=\"lazyload\" data-src=\"https:\/\/derechadiario.com.ar\/filesedc\/uploads\/other\/whatsapp_icon_mid_article.png\" width=\"32\" height=\"32\"><\/a> <a href=\"https:\/\/whatsapp.com\/channel\/0029VagEjILGE56eKjedWF2U\" rel=\"nofollow\" title=\"WhatsApp Link\"><strong>NO SE PIERDAN NINGUNA NOTICIA<\/strong>: Click aqu\u00ed para sumarte <strong>GRATIS<\/strong> al canal de noticias de <strong>La Derecha Diario en WhatsApp.<\/strong><\/a><\/aside>\n<figure><img decoding=\"async\" src=\"https:\/\/derechadiario.com.ar\/filesedc\/uploads\/image\/post\/captura-de-pantalla-2025-04-21-202207_1200_800.webp\" class=\"img-responsive lazyload\" alt=\"Gr\u00e1fico que muestra el saldo mensual de compraventa de d\u00f3lares por el BCRA en el mercado cambiario desde agosto de 2019 hasta abril de 2025, con barras verdes indicando super\u00e1vit y barras rojas indicando d\u00e9ficit.\" title=\"Gr\u00e1fico que muestra el saldo mensual de compraventa de d\u00f3lares por el BCRA en el mercado cambiario desde agosto de 2019 hasta abril de 2025, con barras verdes indicando super\u00e1vit y barras rojas indicando d\u00e9ficit.\"><\/figure>\n<p>En paralelo, el frente comercial contin\u00faa mostrando signos positivos. El \u00a0<strong>Intercambio Comercial Argentino<\/strong> (ICA), medido por el <strong>INDEC<\/strong>, acumul\u00f3 en marzo un \u00a0<strong>super\u00e1vit de USD 323 millones<\/strong>, extendiendo a 16 meses consecutivos el saldo positivo. Las exportaciones <strong>crecieron 2,5% interanual<\/strong> hasta los <strong>USD 6.329 millones<\/strong>, mientras que las \u00a0<strong>importaciones aumentaron 38,7%<\/strong>, alcanzando los <strong>USD 6.006 millones<\/strong>, reflejo de una moneda fortalecida y una reactivaci\u00f3n en la actividad econ\u00f3mica.<\/p>\n<p>En cuanto a los dep\u00f3sitos privados en d\u00f3lares, el BCRA inform\u00f3 que al 14 de abril se registr\u00f3 una suba de <strong>USD 455 millones<\/strong> (+1,6%), situ\u00e1ndose en <strong>USD 29.503 millones<\/strong>. Si bien en lo que va de 2025 estos dep\u00f3sitos en efectivo retrocedieron <strong>USD 1.837 millones<\/strong> (-5,9%) respecto al 30 de diciembre, y <strong>USD 5.075 millones<\/strong> (-14,7%) en comparaci\u00f3n con el r\u00e9cord de octubre de 2024, el repunte reciente sugiere un cambio de tendencia.<\/p>\n","protected":false},"excerpt":{"rendered":"<p>En un nuevo hito que reafirma el giro exitoso de la pol\u00edtica econ\u00f3mica argentina, las reservas internacionales del Banco Central de la Rep\u00fablica Argentina (BCRA) alcanzaron los USD 38.795 millones su nivel m\u00e1s alto en m\u00e1s de dos a\u00f1os. Esta recuperaci\u00f3n hist\u00f3rica se produce sin intervenci\u00f3n directa del BCRA en el mercado de cambios, demostrando [&hellip;]<\/p>\n","protected":false},"author":2,"featured_media":2722,"comment_status":"open","ping_status":"open","sticky":false,"template":"","format":"standard","meta":{"_et_pb_use_builder":"","_et_pb_old_content":"","_et_gb_content_width":"","footnotes":""},"categories":[80],"tags":[],"class_list":["post-2721","post","type-post","status-publish","format-standard","has-post-thumbnail","hentry","category-economia-2"],"_links":{"self":[{"href":"https:\/\/verdadincomodadiario.ar\/index.php?rest_route=\/wp\/v2\/posts\/2721","targetHints":{"allow":["GET"]}}],"collection":[{"href":"https:\/\/verdadincomodadiario.ar\/index.php?rest_route=\/wp\/v2\/posts"}],"about":[{"href":"https:\/\/verdadincomodadiario.ar\/index.php?rest_route=\/wp\/v2\/types\/post"}],"author":[{"embeddable":true,"href":"https:\/\/verdadincomodadiario.ar\/index.php?rest_route=\/wp\/v2\/users\/2"}],"replies":[{"embeddable":true,"href":"https:\/\/verdadincomodadiario.ar\/index.php?rest_route=%2Fwp%2Fv2%2Fcomments&post=2721"}],"version-history":[{"count":0,"href":"https:\/\/verdadincomodadiario.ar\/index.php?rest_route=\/wp\/v2\/posts\/2721\/revisions"}],"wp:featuredmedia":[{"embeddable":true,"href":"https:\/\/verdadincomodadiario.ar\/index.php?rest_route=\/wp\/v2\/media\/2722"}],"wp:attachment":[{"href":"https:\/\/verdadincomodadiario.ar\/index.php?rest_route=%2Fwp%2Fv2%2Fmedia&parent=2721"}],"wp:term":[{"taxonomy":"category","embeddable":true,"href":"https:\/\/verdadincomodadiario.ar\/index.php?rest_route=%2Fwp%2Fv2%2Fcategories&post=2721"},{"taxonomy":"post_tag","embeddable":true,"href":"https:\/\/verdadincomodadiario.ar\/index.php?rest_route=%2Fwp%2Fv2%2Ftags&post=2721"}],"curies":[{"name":"wp","href":"https:\/\/api.w.org\/{rel}","templated":true}]}}