{"id":2719,"date":"2025-04-24T10:56:29","date_gmt":"2025-04-24T10:56:29","guid":{"rendered":"https:\/\/verdadincomodadiario.ar\/?p=2719"},"modified":"2025-04-24T10:56:29","modified_gmt":"2025-04-24T10:56:29","slug":"sigue-incrementando-la-capacidad-instalada-de-la-industria-automotriz-y-alimenticia","status":"publish","type":"post","link":"https:\/\/verdadincomodadiario.ar\/?p=2719","title":{"rendered":"Sigue incrementando la capacidad instalada de la industria automotriz y alimenticia"},"content":{"rendered":"<p>La industria <a href=\"https:\/\/derechadiario.com.ar\/economia\/milei-tenia-razon-dolar-oficial-cotiza-casi-igual-que-antes-salida-del-cepo\" title=\"Milei ten\u00eda raz\u00f3n: El d\u00f3lar oficial cotiza casi igual que antes de la salida del cepo\">argentina <\/a>registr\u00f3 en febrero un <strong>nivel de utilizaci\u00f3n de la capacidad instalada del 58,6%<\/strong>, un punto porcentual por encima del 57,6% del a\u00f1o anterior, seg\u00fan datos difundidos por el <strong>Instituto Nacional de Estad\u00edstica y Censos<\/strong> (INDEC). Resulta relevante por la <strong>tendencia positiva<\/strong>\u00a0 que refleja y por el fuerte <strong>repunte de sectores clave<\/strong> para continuar la reactivaci\u00f3n productiva del pa\u00eds.<\/p>\n<p>Entre los segmentos que m\u00e1s se destacaron se encuentra<strong><\/strong>\u00a0 la <strong>industria automotriz<\/strong>, que <strong>alcanz\u00f3 un 54,6% de uso de capacidad instalada frente al 47,3%<\/strong> de febrero de 2024, evidenciando una importante recuperaci\u00f3n en la producci\u00f3n de veh\u00edculos. Lo mismo ocurri\u00f3 con el rubro de <strong>alimentos y bebidas<\/strong>, que <strong>se elev\u00f3 al 62,4% desde el 58,1%<\/strong> interanual, motorizado por una mayor molienda de oleaginosas y un <strong>aumento en la producci\u00f3n<\/strong>\u00a0 de bebidas.<\/p>\n<div class=\"inter_image image_horizontal\">\n<picture><source class=\"img-responsive\" type=\"image\/webp\" data-srcset=\"\/filesedc\/uploads\/image\/post\/captura-de-pantalla-2024-12-30-150658_300_200.webp 300w, \n\/filesedc\/uploads\/image\/post\/captura-de-pantalla-2024-12-30-150658_630_420.webp 630w,\n                                \/filesedc\/uploads\/image\/post\/captura-de-pantalla-2024-12-30-150658_760_507.webp 760w,\n                                \/filesedc\/uploads\/image\/post\/captura-de-pantalla-2024-12-30-150658_1200_800.webp 1200w,\n                                \/filesedc\/uploads\/image\/post\/captura-de-pantalla-2024-12-30-150658_1600_1067.webp 1600w\"><img decoding=\"async\" src=\"https:\/\/derechadiario.com.ar\/filesedc\/uploads\/image\/post\/captura-de-pantalla-2024-12-30-150658_1200_800.webp\" class=\"img-responsive lazyload\" alt=\"Hombre con gafas y traje oscuro gesticulando mientras habla en un micr\u00f3fono.\" title=\"Hombre con gafas y traje oscuro gesticulando mientras habla en un micr\u00f3fono.\"><\/picture>\n<div>\n<span class=\"img_footer\">El presidente, Javier Milei. <\/span>| <span class=\"img_author\">La Derecha Diario<\/span>\n<\/div>\n<\/div>\n<p>El informe del <strong>INDEC<\/strong>\u00a0 tambi\u00e9n detalla que cinco sectores industriales superaron el promedio general del 58,6%. Lidera la lista la refinaci\u00f3n del \u00a0<strong>petr\u00f3leo con un 73,9%<\/strong>, seguida por \u00a0<strong>papel y cart\u00f3n<\/strong> (68,8%), industrias <strong>met\u00e1licas<\/strong>\u00a0 b\u00e1sicas (67,3%) y\u00a0<strong>sustancias y productos<\/strong> <strong>qu\u00edmicos<\/strong>\u00a0 (63,4%), y <strong>alimentos y bebidas<\/strong>\u00a0 (62,4%).<\/p>\n<p>En el otro extremo, varios rubros se mantienen por debajo del promedio, aunque algunos de ellos comenzaron a mostrar se\u00f1ales alentadoras. Por ejemplo, la <strong>metalmec\u00e1nica<\/strong>, excepto automotores, si bien <strong>oper\u00f3 con un 44,0%<\/strong> de su capacidad, \u00a0<strong>mejor\u00f3 sustancialmente respecto al 37,3%<\/strong> del a\u00f1o anterior. Este crecimiento fue impulsado por una <strong>mayor producci\u00f3n de maquinaria agropecuaria<\/strong> y de aparatos de uso dom\u00e9stico. Tractores, cosechadoras y pulverizadoras autopropulsadas fueron protagonistas en esta recuperaci\u00f3n, de acuerdo con la informaci\u00f3n relevada.<\/p>\n<aside class=\"are-you-interested-container-photo\"><\/aside>\n<figure><img decoding=\"async\" src=\"https:\/\/derechadiario.com.ar\/filesedc\/uploads\/image\/post\/4wzyt37d7vf35jn6leehns7ysa_1200_800.webp\" class=\"img-responsive lazyload\" alt=\"Gr\u00e1fico de barras que muestra la utilizaci\u00f3n de la capacidad instalada en diferentes sectores industriales en febrero de 2025, destacando la refinaci\u00f3n del petr\u00f3leo con el mayor porcentaje y la metalmec\u00e1nica excepto automotores con el menor.\" title=\"Gr\u00e1fico de barras que muestra la utilizaci\u00f3n de la capacidad instalada en diferentes sectores industriales en febrero de 2025, destacando la refinaci\u00f3n del petr\u00f3leo con el mayor porcentaje y la metalmec\u00e1nica excepto automotores con el menor.\"><\/figure>\n<p>En paralelo, la <strong>molienda<\/strong>\u00a0 de oleaginosas fue una de las grandes impulsoras del repunte del sector alimenticio. <strong>La Secretar\u00eda de Agricultura, Ganader\u00eda y Pesca<\/strong>\u00a0 (SAGyP) inform\u00f3 un <strong>incremento<\/strong>\u00a0 interanual del <strong>11,7% en el ingreso de grano de soja a las plantas de procesamiento<\/strong>, lo cual favoreci\u00f3 un mayor aprovechamiento de las instalaciones industriales del sector.<\/p>\n<aside class=\"whatsappChannelText\"><a href=\"https:\/\/whatsapp.com\/channel\/0029VagEjILGE56eKjedWF2U\" rel=\"nofollow\" title=\"WhatsApp Link\"><img alt=\"Logo de WhatsApp\" class=\"lazyload\" data-src=\"https:\/\/derechadiario.com.ar\/filesedc\/uploads\/other\/whatsapp_icon_mid_article.png\" width=\"32\" height=\"32\"><\/a> <a href=\"https:\/\/whatsapp.com\/channel\/0029VagEjILGE56eKjedWF2U\" rel=\"nofollow\" title=\"WhatsApp Link\"><strong>NO SE PIERDAN NINGUNA NOTICIA<\/strong>: Click aqu\u00ed para sumarte <strong>GRATIS<\/strong> al canal de noticias de <strong>La Derecha Diario en WhatsApp.<\/strong><\/a><\/aside>\n<p>En lo que respecta a otros sectores manufactureros, productos minerales no met\u00e1licos registraron un <strong>55,0%<\/strong> de utilizaci\u00f3n, edici\u00f3n e impresi\u00f3n un \u00a0<strong>52,8%<\/strong>, productos del tabaco un \u00a0<strong>49,9%<\/strong>, productos textiles un <strong>46,4%<\/strong>, y productos de caucho y pl\u00e1stico un <strong>46,3%<\/strong>. Estos \u00faltimos contin\u00faan afectados por la ca\u00edda del consumo, aunque se espera una <strong>reversi\u00f3n gradual<\/strong> acompa\u00f1ada de una reactivaci\u00f3n del poder adquisitivo.<\/p>\n","protected":false},"excerpt":{"rendered":"<p>La industria argentina registr\u00f3 en febrero un nivel de utilizaci\u00f3n de la capacidad instalada del 58,6%, un punto porcentual por encima del 57,6% del a\u00f1o anterior, seg\u00fan datos difundidos por el Instituto Nacional de Estad\u00edstica y Censos (INDEC). Resulta relevante por la tendencia positiva\u00a0 que refleja y por el fuerte repunte de sectores clave para [&hellip;]<\/p>\n","protected":false},"author":2,"featured_media":2720,"comment_status":"open","ping_status":"open","sticky":false,"template":"","format":"standard","meta":{"_et_pb_use_builder":"","_et_pb_old_content":"","_et_gb_content_width":"","footnotes":""},"categories":[80],"tags":[],"class_list":["post-2719","post","type-post","status-publish","format-standard","has-post-thumbnail","hentry","category-economia-2"],"_links":{"self":[{"href":"https:\/\/verdadincomodadiario.ar\/index.php?rest_route=\/wp\/v2\/posts\/2719","targetHints":{"allow":["GET"]}}],"collection":[{"href":"https:\/\/verdadincomodadiario.ar\/index.php?rest_route=\/wp\/v2\/posts"}],"about":[{"href":"https:\/\/verdadincomodadiario.ar\/index.php?rest_route=\/wp\/v2\/types\/post"}],"author":[{"embeddable":true,"href":"https:\/\/verdadincomodadiario.ar\/index.php?rest_route=\/wp\/v2\/users\/2"}],"replies":[{"embeddable":true,"href":"https:\/\/verdadincomodadiario.ar\/index.php?rest_route=%2Fwp%2Fv2%2Fcomments&post=2719"}],"version-history":[{"count":0,"href":"https:\/\/verdadincomodadiario.ar\/index.php?rest_route=\/wp\/v2\/posts\/2719\/revisions"}],"wp:featuredmedia":[{"embeddable":true,"href":"https:\/\/verdadincomodadiario.ar\/index.php?rest_route=\/wp\/v2\/media\/2720"}],"wp:attachment":[{"href":"https:\/\/verdadincomodadiario.ar\/index.php?rest_route=%2Fwp%2Fv2%2Fmedia&parent=2719"}],"wp:term":[{"taxonomy":"category","embeddable":true,"href":"https:\/\/verdadincomodadiario.ar\/index.php?rest_route=%2Fwp%2Fv2%2Fcategories&post=2719"},{"taxonomy":"post_tag","embeddable":true,"href":"https:\/\/verdadincomodadiario.ar\/index.php?rest_route=%2Fwp%2Fv2%2Ftags&post=2719"}],"curies":[{"name":"wp","href":"https:\/\/api.w.org\/{rel}","templated":true}]}}