{"id":2715,"date":"2025-04-24T10:56:31","date_gmt":"2025-04-24T10:56:31","guid":{"rendered":"https:\/\/verdadincomodadiario.ar\/?p=2715"},"modified":"2025-04-24T10:56:31","modified_gmt":"2025-04-24T10:56:31","slug":"vouchers-educativos-2025-como-acceder-requisitos-y-montos","status":"publish","type":"post","link":"https:\/\/verdadincomodadiario.ar\/?p=2715","title":{"rendered":"Vouchers Educativos 2025: c\u00f3mo acceder, requisitos y montos"},"content":{"rendered":"<p>Ya est\u00e1n abiertas las inscripciones al <a href=\"https:\/\/derechadiario.com.ar\/politica\/pettovello-anuncio-apertura-los-centros-familia-y-sistema-vouchers\" title=\"Pettovello anunci\u00f3 la apertura de los Centros de Familia y un sistema de vouchers\"><strong>Programa de Vouchers Educativos 2025<\/strong><\/a>, impulsado por el <a href=\"https:\/\/derechadiario.com.ar\/politica\/capital-humano-ahorro-19-billones-gracias-las-medidas-contra-corrupcion\" title=\"Capital Humano ahorr\u00f3 $1,9 billones gracias a las medidas contra la corrupci\u00f3n\"><strong>Ministerio de Capital Humano<\/strong><\/a>.<\/p>\n<p><strong>Apunta a reducir el gasto en cuotas de colegios privados con aporte estatal<\/strong>. El beneficio puede cubrir hasta el 50% del valor mensual.<\/p>\n<div class=\"inter_image image_horizontal\">\n<picture><source class=\"img-responsive\" type=\"image\/webp\" data-srcset=\"\/filesedc\/uploads\/image\/post\/vouchers-educativos-2025_300_200.webp 300w, \n\/filesedc\/uploads\/image\/post\/vouchers-educativos-2025_630_420.webp 630w,\n                                \/filesedc\/uploads\/image\/post\/vouchers-educativos-2025_760_507.webp 760w,\n                                \/filesedc\/uploads\/image\/post\/vouchers-educativos-2025_1200_800.webp 1200w,\n                                \/filesedc\/uploads\/image\/post\/vouchers-educativos-2025_1600_1067.webp 1600w\"><img decoding=\"async\" src=\"https:\/\/derechadiario.com.ar\/filesedc\/uploads\/image\/post\/vouchers-educativos-2025_1200_800.webp\" class=\"img-responsive lazyload\" alt=\"Imagen de una p\u00e1gina web que ofrece informaci\u00f3n sobre vouchers educativos para apoyar la educaci\u00f3n de ni\u00f1os y j\u00f3venes.\" title=\"Imagen de una p\u00e1gina web que ofrece informaci\u00f3n sobre vouchers educativos para apoyar la educaci\u00f3n de ni\u00f1os y j\u00f3venes.\"><\/picture>\n<div>\n<span class=\"img_footer\">Ya est\u00e1n abiertas las inscripciones al Programa de Vouchers Educativos 2025 <\/span>| <span class=\"img_author\">La Derecha Diario<\/span>\n<\/div>\n<\/div>\n<h2><strong>\u00bfQu\u00e9 son los Vouchers Educativos 2025?<\/strong><\/h2>\n<p>Es una ayuda econ\u00f3mica destinada a familias con hijos en escuelas privadas que reciben subvenci\u00f3n estatal.<\/p>\n<p>El objetivo es aliviar el impacto de la cuota mensual y garantizar la continuidad educativa en el sector privado subvencionado.<\/p>\n<aside class=\"are-you-interested-container-photo\"><\/aside>\n<h2><strong>Requisitos para acceder al beneficio<\/strong><\/h2>\n<p>Para solicitar los vouchers educativos, es necesario cumplir con una serie de condiciones relacionadas con el alumno, la escuela y los ingresos familiares.<\/p>\n<figure><img decoding=\"async\" src=\"https:\/\/derechadiario.com.ar\/filesedc\/uploads\/image\/post\/vouchers-educativos_1200_800.webp\" class=\"img-responsive lazyload\" alt=\"Vouchers Educativos: Una ayuda para la educaci\u00f3n de ni\u00f1os y j\u00f3venes. Apertura de la convocatoria: 21 de abril. \u00bfQui\u00e9nes pueden solicitar el Voucher Educativo? Familias con hijos de hasta 18 a\u00f1os que asisten a instituciones educativas p\u00fablicas de gesti\u00f3n privada de niveles inicial, primario y secundario con al menos 75% de aporte estatal. \u00bfQu\u00e9 debo tener en cuenta antes de completar el formulario de inscripci\u00f3n? Deber\u00e1s brindar datos del adulto responsable, de los menores a cargo y de la escuela a la que asisten. Es importante contar con: N\u00famero de DNI y n\u00famero de CUIL de los menores a cargo. Nombre y direcci\u00f3n de la instituci\u00f3n educativa a la que asisten. Tu CBU actualizado en Mi ANSES. Estar registrado en Mi Argentina.\" title=\"Vouchers Educativos: Una ayuda para la educaci\u00f3n de ni\u00f1os y j\u00f3venes. Apertura de la convocatoria: 21 de abril. \u00bfQui\u00e9nes pueden solicitar el Voucher Educativo? Familias con hijos de hasta 18 a\u00f1os que asisten a instituciones educativas p\u00fablicas de gesti\u00f3n privada de niveles inicial, primario y secundario con al menos 75% de aporte estatal. \u00bfQu\u00e9 debo tener en cuenta antes de completar el formulario de inscripci\u00f3n? Deber\u00e1s brindar datos del adulto responsable, de los menores a cargo y de la escuela a la que asisten. Es importante contar con: N\u00famero de DNI y n\u00famero de CUIL de los menores a cargo. Nombre y direcci\u00f3n de la instituci\u00f3n educativa a la que asisten. Tu CBU actualizado en Mi ANSES. Estar registrado en Mi Argentina.\"><\/figure>\n<h3><strong>Edad del estudiante<\/strong><\/h3>\n<p>El alumno debe tener hasta 18 a\u00f1os al momento de solicitar el beneficio.<\/p>\n<h3><strong>Tipo de instituci\u00f3n<\/strong><\/h3>\n<ul>\n<li>El estudiante debe asistir a un colegio privado con al menos <strong>75% de aporte estatal<\/strong>.<\/li>\n<li>La escuela debe estar <strong>inscripta en el programa oficial<\/strong>.<\/li>\n<\/ul>\n<figure><img decoding=\"async\" src=\"https:\/\/derechadiario.com.ar\/filesedc\/uploads\/image\/post\/escuelas-aulas-cordoba-1134891_1200_800.webp\" class=\"img-responsive lazyload\" alt=\"Aula vac\u00eda con sillas apiladas sobre los escritorios y ventanas grandes al fondo.\" title=\"Aula vac\u00eda con sillas apiladas sobre los escritorios y ventanas grandes al fondo.\"><\/figure>\n<h3><strong>Ingresos del grupo familiar<\/strong><\/h3>\n<p>Los ingresos totales no deben superar los <strong>7 Salarios M\u00ednimos, Vitales y M\u00f3viles (SMVM)<\/strong>.<\/p>\n<h3><strong>Condici\u00f3n del alumno<\/strong><\/h3>\n<p>Debe ser <strong>alumno regular<\/strong> de la instituci\u00f3n en la que est\u00e1 matriculado.<\/p>\n<aside class=\"are-you-interested-container-photo\"><\/aside>\n<figure><img decoding=\"async\" src=\"https:\/\/derechadiario.com.ar\/filesedc\/uploads\/image\/post\/vouchers-educativos-requisitos-2025_1200_800.webp\" class=\"img-responsive lazyload\" alt=\"Estudiantes en un aula tomando un examen, sentados en escritorios con uniformes escolares.\" title=\"Estudiantes en un aula tomando un examen, sentados en escritorios con uniformes escolares.\"><\/figure>\n<h3><strong>Registro del adulto responsable<\/strong><\/h3>\n<p>El adulto que hace la solicitud debe estar <strong>registrado en la plataforma Mi Argentina<\/strong>, desde donde se gestiona el tr\u00e1mite.<\/p>\n<h2><strong>\u00bfHasta cu\u00e1ndo hay tiempo para anotarse?<\/strong><\/h2>\n<p>La inscripci\u00f3n al <strong>Programa de Vouchers Educativos<\/strong> estar\u00e1 disponible del <strong>lunes 21 de abril al jueves 16 de mayo de 2025<\/strong>.<\/p>\n<aside class=\"whatsappChannelText\"><a href=\"https:\/\/whatsapp.com\/channel\/0029VagEjILGE56eKjedWF2U\" rel=\"nofollow\" title=\"WhatsApp Link\"><img alt=\"Logo de WhatsApp\" class=\"lazyload\" data-src=\"https:\/\/derechadiario.com.ar\/filesedc\/uploads\/other\/whatsapp_icon_mid_article.png\" width=\"32\" height=\"32\"><\/a> <a href=\"https:\/\/whatsapp.com\/channel\/0029VagEjILGE56eKjedWF2U\" rel=\"nofollow\" title=\"WhatsApp Link\"><strong>NO SE PIERDAN NINGUNA NOTICIA<\/strong>: Click aqu\u00ed para sumarte <strong>GRATIS<\/strong> al canal de noticias de <strong>La Derecha Diario en WhatsApp.<\/strong><\/a><\/aside>\n<p>El tr\u00e1mite es 100% online y se realiza a trav\u00e9s de la app o web de <strong>Mi Argentina<\/strong>.<\/p>\n<figure><img decoding=\"async\" src=\"https:\/\/derechadiario.com.ar\/filesedc\/uploads\/image\/post\/mi-argentina-app_1200_800.webp\" class=\"img-responsive lazyload\" alt=\"Imagen promocional de la aplicaci\u00f3n \" miargentina mostrando un tel m con la interfaz de usuario y texto que dice perfil digital ciudadano en fondo azul. title=\"Imagen promocional de la aplicaci\u00f3n \"><\/figure>\n<h2><strong>\u00bfCu\u00e1nto cubre el voucher educativo?<\/strong><\/h2>\n<p>El monto var\u00eda seg\u00fan el nivel educativo y el porcentaje de subsidio estatal que recibe la escuela. Estos son algunos ejemplos para la Provincia de Buenos Aires:<\/p>\n<h3><strong>Escuelas con 80% de subvenci\u00f3n<\/strong><\/h3>\n<ul>\n<li>\n<strong>Nivel primario<\/strong>: hasta $22.945<\/li>\n<li>\n<strong>Nivel secundario<\/strong>: hasta $25.980<\/li>\n<\/ul>\n<figure><img decoding=\"async\" src=\"https:\/\/derechadiario.com.ar\/filesedc\/uploads\/image\/post\/billetes-de-10000_1200_800.webp\" class=\"img-responsive lazyload\" alt=\"Una mano sosteniendo varios billetes de 10,000 pesos argentinos.\" title=\"Una mano sosteniendo varios billetes de 10,000 pesos argentinos.\"><\/figure>\n<h3><strong>Escuelas con 100% de subvenci\u00f3n<\/strong><\/h3>\n<ul>\n<li>\n<strong>Nivel primario<\/strong>: hasta $12.440<\/li>\n<li>\n<strong>Nivel secundario<\/strong>: hasta $13.715<\/li>\n<\/ul>\n","protected":false},"excerpt":{"rendered":"<p>Ya est\u00e1n abiertas las inscripciones al Programa de Vouchers Educativos 2025, impulsado por el Ministerio de Capital Humano. Apunta a reducir el gasto en cuotas de colegios privados con aporte estatal. El beneficio puede cubrir hasta el 50% del valor mensual. Ya est\u00e1n abiertas las inscripciones al Programa de Vouchers Educativos 2025 | La Derecha [&hellip;]<\/p>\n","protected":false},"author":2,"featured_media":2716,"comment_status":"open","ping_status":"open","sticky":false,"template":"","format":"standard","meta":{"_et_pb_use_builder":"","_et_pb_old_content":"","_et_gb_content_width":"","footnotes":""},"categories":[80],"tags":[],"class_list":["post-2715","post","type-post","status-publish","format-standard","has-post-thumbnail","hentry","category-economia-2"],"_links":{"self":[{"href":"https:\/\/verdadincomodadiario.ar\/index.php?rest_route=\/wp\/v2\/posts\/2715","targetHints":{"allow":["GET"]}}],"collection":[{"href":"https:\/\/verdadincomodadiario.ar\/index.php?rest_route=\/wp\/v2\/posts"}],"about":[{"href":"https:\/\/verdadincomodadiario.ar\/index.php?rest_route=\/wp\/v2\/types\/post"}],"author":[{"embeddable":true,"href":"https:\/\/verdadincomodadiario.ar\/index.php?rest_route=\/wp\/v2\/users\/2"}],"replies":[{"embeddable":true,"href":"https:\/\/verdadincomodadiario.ar\/index.php?rest_route=%2Fwp%2Fv2%2Fcomments&post=2715"}],"version-history":[{"count":0,"href":"https:\/\/verdadincomodadiario.ar\/index.php?rest_route=\/wp\/v2\/posts\/2715\/revisions"}],"wp:featuredmedia":[{"embeddable":true,"href":"https:\/\/verdadincomodadiario.ar\/index.php?rest_route=\/wp\/v2\/media\/2716"}],"wp:attachment":[{"href":"https:\/\/verdadincomodadiario.ar\/index.php?rest_route=%2Fwp%2Fv2%2Fmedia&parent=2715"}],"wp:term":[{"taxonomy":"category","embeddable":true,"href":"https:\/\/verdadincomodadiario.ar\/index.php?rest_route=%2Fwp%2Fv2%2Fcategories&post=2715"},{"taxonomy":"post_tag","embeddable":true,"href":"https:\/\/verdadincomodadiario.ar\/index.php?rest_route=%2Fwp%2Fv2%2Ftags&post=2715"}],"curies":[{"name":"wp","href":"https:\/\/api.w.org\/{rel}","templated":true}]}}