{"id":2713,"date":"2025-04-24T10:56:32","date_gmt":"2025-04-24T10:56:32","guid":{"rendered":"https:\/\/verdadincomodadiario.ar\/?p=2713"},"modified":"2025-04-24T10:56:32","modified_gmt":"2025-04-24T10:56:32","slug":"programa-hogar-anses-requisitos-y-montos-para-cobrar-en-mayo-2025","status":"publish","type":"post","link":"https:\/\/verdadincomodadiario.ar\/?p=2713","title":{"rendered":"Programa Hogar ANSES: requisitos y montos para cobrar en mayo 2025"},"content":{"rendered":"<p>El <strong>Programa Hogar<\/strong> de <strong><a href=\"https:\/\/derechadiario.com.ar\/economia\/anses-cuando-cobro-pagos-jubilaciones-auh-aue-y-mas-del-martes-22-abril\" title=\"ANSES cu\u00e1ndo cobro: pagos de jubilaciones, AUH, AUE y m\u00e1s del martes 22 de abril\">ANSES<\/a><\/strong>\u00a0 sigue vigente durante mayo de 2025 con pagos destinados a familias sin acceso a la red de gas natural.<\/p>\n<p>Este <a href=\"https:\/\/derechadiario.com.ar\/economia\/libreta-auh-2025-como-hacer-tramite-para-cobrar-20-retenido\" title=\"Libreta AUH 2025: c\u00f3mo hacer el tr\u00e1mite para cobrar el 20% retenido\">subsidio mensual<\/a> apunta a cubrir parte del costo de las garrafas y est\u00e1 pensado para hogares de bajos ingresos que cumplan con ciertos requisitos.<\/p>\n<div class=\"inter_image image_horizontal\">\n<picture><source class=\"img-responsive\" type=\"image\/webp\" data-srcset=\"\/filesedc\/uploads\/image\/post\/anses-1-jpg_300_200.webp 300w, \n\/filesedc\/uploads\/image\/post\/anses-1-jpg_630_420.webp 630w,\n                                \/filesedc\/uploads\/image\/post\/anses-1-jpg_760_507.webp 760w,\n                                \/filesedc\/uploads\/image\/post\/anses-1-jpg_1200_800.webp 1200w,\n                                \/filesedc\/uploads\/image\/post\/anses-1-jpg_1600_1067.webp 1600w\"><img decoding=\"async\" src=\"https:\/\/derechadiario.com.ar\/filesedc\/uploads\/image\/post\/anses-1-jpg_1200_800.webp\" class=\"img-responsive lazyload\" alt=\"Fachada de una oficina de ANSES con un cartel azul y un coraz\u00f3n naranja.\" title=\"Fachada de una oficina de ANSES con un cartel azul y un coraz\u00f3n naranja.\"><\/picture>\n<div>\n<span class=\"img_footer\">El Programa Hogar de ANSES sigue vigente durante mayo <\/span>| <span class=\"img_author\">La Derecha Diario<\/span>\n<\/div>\n<\/div>\n<h2><strong>\u00bfQui\u00e9nes pueden acceder al Programa Hogar en mayo?<\/strong><\/h2>\n<p>Para cobrar el <strong>subsidio del gas<\/strong> en mayo de 2025, hay que cumplir con varias condiciones impuestas por ANSES y la Secretar\u00eda de Energ\u00eda.<\/p>\n<h3><strong>Requisitos principales<\/strong><\/h3>\n<ul>\n<li>\n<strong>Ning\u00fan integrante<\/strong> del hogar debe tener conexi\u00f3n a la red de gas ni ser beneficiario de la Tarifa Social de Gas.<\/li>\n<li>\n<strong>Los ingresos del grupo familiar<\/strong> no deben superar los 2 <em>salarios m\u00ednimos<\/em> o categor\u00eda C del monotributo.<\/li>\n<li>Si hay una persona con discapacidad con CUD vigente, el tope sube a <strong>3 salarios m\u00ednimos<\/strong> o categor\u00eda D.<\/li>\n<li>En zonas patag\u00f3nicas y fr\u00edas, el l\u00edmite se ampl\u00eda a <strong>2,8 salarios m\u00ednimos<\/strong>, y a <strong>4,2 salarios m\u00ednimos<\/strong> si hay personas con discapacidad.<\/li>\n<\/ul>\n<aside class=\"whatsappChannelText\"><a href=\"https:\/\/whatsapp.com\/channel\/0029VagEjILGE56eKjedWF2U\" rel=\"nofollow\" title=\"WhatsApp Link\"><img alt=\"Logo de WhatsApp\" class=\"lazyload\" data-src=\"https:\/\/derechadiario.com.ar\/filesedc\/uploads\/other\/whatsapp_icon_mid_article.png\" width=\"32\" height=\"32\"><\/a> <a href=\"https:\/\/whatsapp.com\/channel\/0029VagEjILGE56eKjedWF2U\" rel=\"nofollow\" title=\"WhatsApp Link\"><strong>NO SE PIERDAN NINGUNA NOTICIA<\/strong>: Click aqu\u00ed para sumarte <strong>GRATIS<\/strong> al canal de noticias de <strong>La Derecha Diario en WhatsApp.<\/strong><\/a><\/aside>\n<figure><img decoding=\"async\" src=\"https:\/\/derechadiario.com.ar\/filesedc\/uploads\/image\/post\/gas-programa-hogar-anses_1200_800.webp\" class=\"img-responsive lazyload\" alt=\"Hornillas de gas encendidas con llamas azules.\" title=\"Hornillas de gas encendidas con llamas azules.\"><\/figure>\n<h2><strong>\u00bfCu\u00e1nto se cobra por el Programa Hogar en mayo?<\/strong><\/h2>\n<p>El <strong>monto del subsidio<\/strong> es fijado por la Secretar\u00eda de Energ\u00eda y var\u00eda seg\u00fan tres factores clave:<\/p>\n<aside class=\"are-you-interested-container-photo\"><\/aside>\n<ul>\n<li>\n<strong>Cantidad de personas<\/strong> que viven en el hogar.<\/li>\n<li>\n<strong>Ubicaci\u00f3n geogr\u00e1fica<\/strong> de la vivienda.<\/li>\n<li>\n<strong>Estaci\u00f3n del a\u00f1o<\/strong> (mayores montos en invierno).<\/li>\n<\/ul>\n<h3><strong>\u00bfCu\u00e1ndo se paga un adicional?<\/strong><\/h3>\n<p>Adem\u00e1s del monto base, el programa contempla sumas extra si se cumple alguna de estas condiciones:<\/p>\n<ul>\n<li>Durante los <strong>meses de invierno<\/strong>.<\/li>\n<li>Si en la vivienda viven <strong>m\u00e1s de 5 personas<\/strong>.<\/li>\n<li>Si se reside en <strong>zonas fr\u00edas<\/strong> determinadas por la Ley 27.637.<\/li>\n<\/ul>\n<figure><img decoding=\"async\" src=\"https:\/\/derechadiario.com.ar\/filesedc\/uploads\/image\/post\/programa-hogar-gas_1200_800.webp\" class=\"img-responsive lazyload\" alt=\"Hombre levantando un cilindro de gas junto a un cami\u00f3n con varios cilindros apilados.\" title=\"Hombre levantando un cilindro de gas junto a un cami\u00f3n con varios cilindros apilados.\"><\/figure>\n<h3><strong>Zonas fr\u00edas incluidas en el adicional<\/strong><\/h3>\n<p>Las zonas alcanzadas por el plus son:<\/p>\n<ul>\n<li>Todas las provincias patag\u00f3nicas: Tierra del Fuego, Santa Cruz, Chubut, R\u00edo Negro, Neuqu\u00e9n y La Pampa.<\/li>\n<li>El partido bonaerense de Patagones.<\/li>\n<li>La Puna.<\/li>\n<li>Localidades puntuales de Buenos Aires, C\u00f3rdoba, La Rioja, Mendoza, San Juan, Santa Fe, Salta y Tucum\u00e1n.<\/li>\n<\/ul>\n","protected":false},"excerpt":{"rendered":"<p>El Programa Hogar de ANSES\u00a0 sigue vigente durante mayo de 2025 con pagos destinados a familias sin acceso a la red de gas natural. Este subsidio mensual apunta a cubrir parte del costo de las garrafas y est\u00e1 pensado para hogares de bajos ingresos que cumplan con ciertos requisitos. El Programa Hogar de ANSES sigue [&hellip;]<\/p>\n","protected":false},"author":2,"featured_media":2714,"comment_status":"open","ping_status":"open","sticky":false,"template":"","format":"standard","meta":{"_et_pb_use_builder":"","_et_pb_old_content":"","_et_gb_content_width":"","footnotes":""},"categories":[80],"tags":[],"class_list":["post-2713","post","type-post","status-publish","format-standard","has-post-thumbnail","hentry","category-economia-2"],"_links":{"self":[{"href":"https:\/\/verdadincomodadiario.ar\/index.php?rest_route=\/wp\/v2\/posts\/2713","targetHints":{"allow":["GET"]}}],"collection":[{"href":"https:\/\/verdadincomodadiario.ar\/index.php?rest_route=\/wp\/v2\/posts"}],"about":[{"href":"https:\/\/verdadincomodadiario.ar\/index.php?rest_route=\/wp\/v2\/types\/post"}],"author":[{"embeddable":true,"href":"https:\/\/verdadincomodadiario.ar\/index.php?rest_route=\/wp\/v2\/users\/2"}],"replies":[{"embeddable":true,"href":"https:\/\/verdadincomodadiario.ar\/index.php?rest_route=%2Fwp%2Fv2%2Fcomments&post=2713"}],"version-history":[{"count":0,"href":"https:\/\/verdadincomodadiario.ar\/index.php?rest_route=\/wp\/v2\/posts\/2713\/revisions"}],"wp:featuredmedia":[{"embeddable":true,"href":"https:\/\/verdadincomodadiario.ar\/index.php?rest_route=\/wp\/v2\/media\/2714"}],"wp:attachment":[{"href":"https:\/\/verdadincomodadiario.ar\/index.php?rest_route=%2Fwp%2Fv2%2Fmedia&parent=2713"}],"wp:term":[{"taxonomy":"category","embeddable":true,"href":"https:\/\/verdadincomodadiario.ar\/index.php?rest_route=%2Fwp%2Fv2%2Fcategories&post=2713"},{"taxonomy":"post_tag","embeddable":true,"href":"https:\/\/verdadincomodadiario.ar\/index.php?rest_route=%2Fwp%2Fv2%2Ftags&post=2713"}],"curies":[{"name":"wp","href":"https:\/\/api.w.org\/{rel}","templated":true}]}}