{"id":2711,"date":"2025-04-24T10:56:33","date_gmt":"2025-04-24T10:56:33","guid":{"rendered":"https:\/\/verdadincomodadiario.ar\/?p=2711"},"modified":"2025-04-24T10:56:33","modified_gmt":"2025-04-24T10:56:33","slug":"tras-la-salida-del-cepo-se-derrumbo-la-demanda-de-dolares-en-los-bancos","status":"publish","type":"post","link":"https:\/\/verdadincomodadiario.ar\/?p=2711","title":{"rendered":"Tras la salida del cepo, se derrumb\u00f3 la demanda de d\u00f3lares en los bancos"},"content":{"rendered":"<p>La <a href=\"https:\/\/derechadiario.com.ar\/economia\/banco-central-ya-ofrece-comprar-dolares-cotizacion-1000\" target=\"_blank\" title=\"El Banco Central ya ofrece comprar d\u00f3lares a una cotizaci\u00f3n de $1000\"><strong>demanda de d\u00f3lares<\/strong><\/a> en los bancos <strong>se desplom\u00f3 casi un 90%<\/strong> en comparaci\u00f3n con el primer d\u00eda tras el levantamiento del <strong>cepo cambiario<\/strong>, apenas transcurrida una semana.<\/p>\n<p>Un relevamiento realizado entre las <strong>principales entidades financieras<\/strong> del pa\u00eds revel\u00f3 datos sorprendentes: <strong>la compra de divisas<\/strong>, que hab\u00eda generado una fuerte expectativa d\u00edas atr\u00e1s, <strong>pr\u00e1cticamente desapareci\u00f3<\/strong>.<\/p>\n<p>Este fen\u00f3meno fue el principal motor de una <strong>nueva ca\u00edda abrupta del tipo de cambio<\/strong> al comenzar la semana, en un contexto donde la <a href=\"https:\/\/derechadiario.com.ar\/economia\/historico-record-reservas-bcra-su-punto-mas-alto-desde-2023\" target=\"_blank\" title=\"Hist\u00f3rico r\u00e9cord de reservas en el BCRA: en su punto m\u00e1s alto desde 2023\">oferta de divisas<\/a> por parte del sector agroexportador todav\u00eda no muestra un repunte significativo.<\/p>\n<div class=\"inter_image image_horizontal\">\n<picture><source class=\"img-responsive\" type=\"image\/webp\" data-srcset=\"\/filesedc\/uploads\/image\/post\/54341w850h566cjpg_300_200.webp 300w, \n\/filesedc\/uploads\/image\/post\/54341w850h566cjpg_630_420.webp 630w,\n                                \/filesedc\/uploads\/image\/post\/54341w850h566cjpg_760_507.webp 760w,\n                                \/filesedc\/uploads\/image\/post\/54341w850h566cjpg_1200_800.webp 1200w,\n                                \/filesedc\/uploads\/image\/post\/54341w850h566cjpg_1600_1067.webp 1600w\"><img decoding=\"async\" src=\"https:\/\/derechadiario.com.ar\/filesedc\/uploads\/image\/post\/54341w850h566cjpg_1200_800.webp\" class=\"img-responsive lazyload\" alt=\"Una persona de pie en un escenario con traje oscuro y corbata, frente a un micr\u00f3fono.\" title=\"Una persona de pie en un escenario con traje oscuro y corbata, frente a un micr\u00f3fono.\"><\/picture>\n<div>\n<span class=\"img_footer\">Javier Milei, presidente de Argentina. <\/span>| <span class=\"img_author\">La Derecha Diario<\/span>\n<\/div>\n<\/div>\n<p>El d\u00f3lar oficial se ofreci\u00f3 en los bancos a un valor promedio de <strong>$1.110,<\/strong> lo que represent\u00f3 una baja cercana al 4,3%. A su vez, los d\u00f3lares financieros se alinearon r\u00e1pidamente con esta tendencia: tanto el d\u00f3lar MEP como el contado con liquidaci\u00f3n \u2014instrumentos a\u00fan utilizados por empresas para dolarizarse\u2014 <strong>retrocedieron tambi\u00e9n en torno al 4%<\/strong>.<\/p>\n<aside class=\"are-you-interested-container-photo\"><\/aside>\n<p>Por su parte, el d\u00f3lar blue se mantuvo como el tipo de cambio m\u00e1s elevado, operando cerca de los <strong>$1.150<\/strong>, aunque se acerca progresivamente a los <strong>niveles del oficial<\/strong>.<\/p>\n<p>Existen diversas razones que explican la <strong>fuerte disminuci\u00f3n en la demanda de d\u00f3lares<\/strong>. Los peque\u00f1os ahorristas prefieren mantenerse a la espera, anticipando que el precio de la divisa podr\u00eda seguir descendiendo. Aquellos que compraron el lunes anterior, al conocerse la reapertura del cepo, ya acumulan <strong>p\u00e9rdidas superiores al 10% en tan solo una semana<\/strong>.<\/p>\n<p>A su vez, varias sociedades de bolsa (Alycs) comenzaron a recomendar <strong>inversiones en pesos<\/strong> con <strong>rendimientos reales positivos<\/strong>, aprovechando el retroceso del d\u00f3lar. Esta estrategia estar\u00eda provocando el <strong>desarme de posiciones en d\u00f3lares<\/strong> o bien el reemplazo por <strong>apuestas en activos en moneda local<\/strong>.<\/p>\n<figure><img decoding=\"async\" src=\"https:\/\/derechadiario.com.ar\/filesedc\/uploads\/image\/post\/oxfupwikg-720x0--1-1728585884950_1200_800.webp\" class=\"img-responsive lazyload\" alt=\"Un hombre sonriente con un mazo en la mano, vestido con traje y corbata, parece estar en un evento o ceremonia.\" title=\"Un hombre sonriente con un mazo en la mano, vestido con traje y corbata, parece estar en un evento o ceremonia.\"><\/figure>\n<p>Mientras tanto, el d\u00f3lar minorista cerr\u00f3 en $1.110, y el tipo de cambio mayorista cay\u00f3 por debajo de los $1.100, ubic\u00e1ndose casi en el mismo nivel previo a la implementaci\u00f3n del esquema de bandas cambiarias.<\/p>\n<p>Desde el Gobierno de Milei reiteraron que s\u00f3lo intervendr\u00e1n en el mercado cambiario cuando el valor del d\u00f3lar alcance el piso de la banda, es decir, los <strong>$1.000<\/strong>.\u00a0El presidente argentino confirm\u00f3 la semana pasada que <strong>no se realizar\u00e1n compras de divisas antes de que se toque ese umbral<\/strong>, descartando la posibilidad de actuar de forma anticipada.<\/p>\n<aside class=\"whatsappChannelText\"><a href=\"https:\/\/whatsapp.com\/channel\/0029VagEjILGE56eKjedWF2U\" rel=\"nofollow\" title=\"WhatsApp Link\"><img alt=\"Logo de WhatsApp\" class=\"lazyload\" data-src=\"https:\/\/derechadiario.com.ar\/filesedc\/uploads\/other\/whatsapp_icon_mid_article.png\" width=\"32\" height=\"32\"><\/a> <a href=\"https:\/\/whatsapp.com\/channel\/0029VagEjILGE56eKjedWF2U\" rel=\"nofollow\" title=\"WhatsApp Link\"><strong>NO SE PIERDAN NINGUNA NOTICIA<\/strong>: Click aqu\u00ed para sumarte <strong>GRATIS<\/strong> al canal de noticias de <strong>La Derecha Diario en WhatsApp.<\/strong><\/a><\/aside>\n<p>Seg\u00fan lo establecido en el acuerdo con el Fondo, el objetivo es sumar alrededor de <strong>USD 5.000 millones a las reservas<\/strong> antes de que finalice junio, por lo cual el Gobierno busca comprar d\u00f3lares al <strong>precio m\u00e1s bajo posible<\/strong>.<\/p>\n","protected":false},"excerpt":{"rendered":"<p>La demanda de d\u00f3lares en los bancos se desplom\u00f3 casi un 90% en comparaci\u00f3n con el primer d\u00eda tras el levantamiento del cepo cambiario, apenas transcurrida una semana. Un relevamiento realizado entre las principales entidades financieras del pa\u00eds revel\u00f3 datos sorprendentes: la compra de divisas, que hab\u00eda generado una fuerte expectativa d\u00edas atr\u00e1s, pr\u00e1cticamente desapareci\u00f3. [&hellip;]<\/p>\n","protected":false},"author":2,"featured_media":2712,"comment_status":"open","ping_status":"open","sticky":false,"template":"","format":"standard","meta":{"_et_pb_use_builder":"","_et_pb_old_content":"","_et_gb_content_width":"","footnotes":""},"categories":[80],"tags":[],"class_list":["post-2711","post","type-post","status-publish","format-standard","has-post-thumbnail","hentry","category-economia-2"],"_links":{"self":[{"href":"https:\/\/verdadincomodadiario.ar\/index.php?rest_route=\/wp\/v2\/posts\/2711","targetHints":{"allow":["GET"]}}],"collection":[{"href":"https:\/\/verdadincomodadiario.ar\/index.php?rest_route=\/wp\/v2\/posts"}],"about":[{"href":"https:\/\/verdadincomodadiario.ar\/index.php?rest_route=\/wp\/v2\/types\/post"}],"author":[{"embeddable":true,"href":"https:\/\/verdadincomodadiario.ar\/index.php?rest_route=\/wp\/v2\/users\/2"}],"replies":[{"embeddable":true,"href":"https:\/\/verdadincomodadiario.ar\/index.php?rest_route=%2Fwp%2Fv2%2Fcomments&post=2711"}],"version-history":[{"count":0,"href":"https:\/\/verdadincomodadiario.ar\/index.php?rest_route=\/wp\/v2\/posts\/2711\/revisions"}],"wp:featuredmedia":[{"embeddable":true,"href":"https:\/\/verdadincomodadiario.ar\/index.php?rest_route=\/wp\/v2\/media\/2712"}],"wp:attachment":[{"href":"https:\/\/verdadincomodadiario.ar\/index.php?rest_route=%2Fwp%2Fv2%2Fmedia&parent=2711"}],"wp:term":[{"taxonomy":"category","embeddable":true,"href":"https:\/\/verdadincomodadiario.ar\/index.php?rest_route=%2Fwp%2Fv2%2Fcategories&post=2711"},{"taxonomy":"post_tag","embeddable":true,"href":"https:\/\/verdadincomodadiario.ar\/index.php?rest_route=%2Fwp%2Fv2%2Ftags&post=2711"}],"curies":[{"name":"wp","href":"https:\/\/api.w.org\/{rel}","templated":true}]}}